{"id":3533,"date":"2009-02-11T10:30:12","date_gmt":"2009-02-11T08:30:12","guid":{"rendered":"http:\/\/www.ced.org.tr\/?p=3533"},"modified":"2009-02-11T10:30:12","modified_gmt":"2009-02-11T08:30:12","slug":"calisanlar-mali-krizin-faturasini-odemeyecek","status":"publish","type":"post","link":"http:\/\/www.ced.org.tr\/?p=3533","title":{"rendered":"\u00c7ALI\u015eANLAR MAL\u0130 KR\u0130Z\u0130N FATURASINI \u00d6DEMEYECEK"},"content":{"rendered":"<p style=\"margin: 0cm 0cm 0pt\" class=\"MsoNormal\"><font face=\"Times New Roman\" size=\"3\">Avrupa&#8221;da eylem zaman\u0131. Mali krizin yol a\u00e7t\u0131\u011f\u0131 tahribatlara \u00e7al\u0131\u015fanlar\u0131n eylem dalgas\u0131 yay\u0131l\u0131yor. Fransa&#8221;da, \u0130sve\u00e7&#8221;te, Almanya&#8221;da, \u0130ngiltere&#8221;de, Yunanistan ve Bulgaristan&#8221;da s\u00fcren eylemler yeni bir s\u00fcrecin habercisi gibi. Tek tek \u00fclkeler genelinde devam eden eylemler sonras\u0131nda Avrupa Sendikalar Konfederasyonu (ETUC) harekete ge\u00e7ti. ETUC \u00f6nc\u00fcl\u00fc\u011f\u00fcnde bir araya gelen Avrupal\u0131 sendikalar Br\u00fcksel&#8217;de bulu\u015ftu. Sendikalar, h\u00fck\u00fcmetlerden mali krize kar\u015f\u0131 mali piyasalar\u0131 de\u011fil \u00e7al\u0131\u015fanlar\u0131 kurtarmaya davet etti. &#8220;\u00c7al\u0131\u015fma G\u00fcvenli\u011fi, \u0130\u015f\u00e7i Haklar\u0131 ve Toplu S\u00f6zle\u015fme \u00d6zerkli\u011fi \u0130\u00e7in: Yeni Bir Toplumsal S\u00f6zle\u015fme&#8221; slogan\u0131 alt\u0131nda bir araya gelen sendikalar mali krizin faturas\u0131n\u0131n \u00e7al\u0131\u015fanlar\u0131n \u00fczerine y\u0131k\u0131lmaya \u00e7al\u0131\u015f\u0131lmas\u0131n\u0131n kabul edilemez oldu\u011funu s\u00f6yledi. <\/font><\/p>\n<p style=\"margin: 0cm 0cm 0pt\" class=\"MsoNormal\"><font size=\"3\"><font face=\"Times New Roman\">ETUC bu ama\u00e7la 16 May\u0131s&#8221;\u0131 &#8220;Uluslararas\u0131 Eylem ve Dayan\u0131\u015fma&#8221; g\u00fcn\u00fc ilan etti. ETUC \u00e7a\u011fr\u0131s\u0131 \u00fczerine \u00e7al\u0131\u015fanlar Berlin, Paris, Madrid, Barcelona, Prag, Var\u015fova gibi b\u00fcy\u00fck ba\u015fkentlerde e\u015f zamanl\u0131 olarak i\u015f b\u0131rakma eylemi yapacak ve sokaklara \u00e7\u0131kacak.<span>\u00a0 <\/span><\/font><\/font><\/p>\n<p><font face=\"Times New Roman\" size=\"3\" \/><\/font><strong><font size=\"3\"><font face=\"Times New Roman\">&#8220;KR\u0130Z\u0130N\u0130Z\u0130 \u00d6DEM\u0130YORUZ&#8221;<\/font><\/font><\/strong><strong><font face=\"Times New Roman\" size=\"3\">\u00a0<\/font><\/strong> <\/p>\n<p style=\"margin: 0cm 0cm 0pt\" class=\"MsoNormal\"><font face=\"Times New Roman\" size=\"3\">ETUC&#8221;un k\u0131ta genelinde ilan etti\u011fi m\u00fccadele g\u00fcn\u00fcne kar\u015f\u0131 Alman sendikalar ise 28 Mart&#8217;\u0131 eylem g\u00fcn\u00fc ilan etti. Sendikalar\u0131n \u00e7a\u011fr\u0131s\u0131 \u00fczerine bir araya gelen sol partiler, k\u00fcreselle\u015fme kar\u015f\u0131tlar\u0131 ve sendikal gruplar &#8220;Krizinizi \u00f6demiyoruz&#8221; slogan\u0131 alt\u0131nda Berlin ve Frankfurt&#8221;ta alanlara i\u015f b\u0131rakarak sokaklara \u00e7\u0131kacak. Hafta sonunda bir araya gelen yakla\u015f\u0131k 90 grup eylem birli\u011fi yapma konusunda anla\u015fmaya vard\u0131. \u00d6te yandan \u0130sve\u00e7&#8221;in Ba\u015fkenti Stockholm&#8221;de belediyenin bak\u0131m, temizlik ve \u00e7\u00f6p toplama i\u015flerini \u00f6zelle\u015ftirmesi nedeniyle ba\u015flayan grev devam ediyor. \u00d6zelle\u015ftirmeye kar\u015f\u0131 \u00e7\u0131kan i\u015f\u00e7iler temizlik i\u015f\u00e7ileri bir protesto eylemi de ger\u00e7ekle\u015ftirdi. Belediyenin temizlik i\u015f\u00e7ileri<span>\u00a0 <\/span>\u00e7\u00f6p toplama kamyonlar\u0131 ile birlikte \u015fehir merkezinde turlad\u0131.<\/font><\/p>\n<p><font face=\"Times New Roman\" size=\"3\">\u00a0<\/font> <\/p>\n<p style=\"margin: 0cm 0cm 0pt\" class=\"MsoNormal\"><font face=\"Times New Roman\" size=\"3\">Stockholm&#8217;un \u00fc\u00e7 b\u00fcy\u00fck b\u00f6lgesinde \u00e7\u00f6p toplamay\u0131 \u00fcstlenen \u00f6zel \u015firket \u00f6zelle\u015ftirmeyi kazand\u0131ktan sonra bir\u00e7ok \u00e7\u00f6p toplay\u0131c\u0131n\u0131n i\u015fine son verdi. \u015eirket \u00f6nce kovdu\u011fu i\u015f\u00e7ileri daha sonra d\u00fc\u015f\u00fck bir \u00fccret kar\u015f\u0131l\u0131\u011f\u0131nda i\u015ften at\u0131lanlar\u0131n yeniden i\u015fe girmeleri i\u00e7in yeni s\u00f6zle\u015fmeye imza atmalar\u0131n\u0131 istedi. \u015eirketin bu tavr\u0131na kar\u015f\u0131l\u0131k i\u015f\u00e7ilerin \u00fcyesi oldu\u011fu Transport sendikas\u0131 i\u015ften \u00e7\u0131karmalar\u0131n ve \u00fccretlerin d\u00fc\u015f\u00fcr\u00fclmesinin s\u00f6zle\u015fmeye ayk\u0131r\u0131<span>\u00a0 <\/span>oldu\u011funu belirterek i\u015f mahkemesine ba\u015fvurdu. Sendika ayn\u0131 zamanda greve de ba\u015flad\u0131. \u00d6zel \u015firket ise i\u015f\u00e7ileri yasad\u0131\u015f\u0131 eylem yapmakla su\u00e7layarak \u00e7\u00f6p toplay\u0131c\u0131lar\u0131n\u0131n \u00fccretlerinin \u00e7ok y\u00fcksek oldu\u011funu ve d\u00fc\u015f\u00fcr\u00fclmesi gerekti\u011fini savunuyor.<\/font><\/p>\n<p><font face=\"Times New Roman\" size=\"3\">\u00a0<\/font> <\/p>\n<p style=\"margin: 0cm 0cm 0pt\" class=\"MsoNormal\"><font face=\"Times New Roman\" size=\"3\">Fransa&#8221;da ise \u00dcniversite \u00f6\u011fretim \u00fcyelerinin eylemi devam ediyor. Bug\u00fcn t\u00fcm Fransa genelinde alanlara \u00e7\u0131kacak olan \u00dcniversite hocalar\u0131, Nicolas Sarkozy h\u00fck\u00fcmetinin \u00dcniversite \u00d6\u011fretim \u00dcyeleri&#8221;nin stat\u00fcs\u00fcnde yapmay\u0131 planlad\u0131\u011f\u0131 stat\u00fc de\u011fi\u015fikli\u011fine kar\u015f\u0131 eylem yapacak. Yunanistan ve Bulgaristan&#8221;da \u00e7ift\u00e7ilerin h\u00fck\u00fcmetleri protesto eylemi ise aral\u0131klarla devam ediyor. <\/font><\/p>\n<p style=\"margin: 0cm 0cm 0pt\" class=\"MsoNormal\"><font face=\"Times New Roman\" size=\"3\">\u0130zlanda&#8221;da h\u00fck\u00fcmeti protesto g\u00f6sterileri h\u00fck\u00fcmetin istifas\u0131 ile sonu\u00e7land\u0131. Balt\u0131k \u00fclkeleri Letonya ve Litvanya&#8221;da ise bu \u00fclke tarihlerinin en b\u00fcy\u00fck g\u00f6sterileri ge\u00e7ti\u011fimiz g\u00fcnlerde d\u00fczenlendi. \u0130ngiltere&#8221;de ise<span>\u00a0 <\/span>ta\u015feronla\u015fmaya kar\u015f\u0131 greve ba\u015flayan ingiliz i\u015f\u00e7ilerinin eylemi ba\u015far\u0131 ile sonland\u0131.<\/font><\/p>\n","protected":false},"excerpt":{"rendered":"<p>Avrupa&#8221;da eylem zaman\u0131. Mali krizin yol a\u00e7t\u0131\u011f\u0131 tahribatlara \u00e7al\u0131\u015fanlar\u0131n eylem dalgas\u0131 yay\u0131l\u0131yor. Fransa&#8221;da, \u0130sve\u00e7&#8221;te, Almanya&#8221;da, \u0130ngiltere&#8221;de, Yunanistan ve Bulgaristan&#8221;da s\u00fcren&#46;&#46;&#46;<\/p>\n","protected":false},"author":1,"featured_media":0,"comment_status":"closed","ping_status":"closed","sticky":false,"template":"","format":"standard","meta":{"_jetpack_memberships_contains_paid_content":false,"footnotes":""},"categories":[1],"tags":[],"class_list":["post-3533","post","type-post","status-publish","format-standard","hentry","category-ced"],"aioseo_notices":[],"jetpack_featured_media_url":"","jetpack_sharing_enabled":true,"jetpack-related-posts":[],"_links":{"self":[{"href":"http:\/\/www.ced.org.tr\/index.php?rest_route=\/wp\/v2\/posts\/3533","targetHints":{"allow":["GET"]}}],"collection":[{"href":"http:\/\/www.ced.org.tr\/index.php?rest_route=\/wp\/v2\/posts"}],"about":[{"href":"http:\/\/www.ced.org.tr\/index.php?rest_route=\/wp\/v2\/types\/post"}],"author":[{"embeddable":true,"href":"http:\/\/www.ced.org.tr\/index.php?rest_route=\/wp\/v2\/users\/1"}],"replies":[{"embeddable":true,"href":"http:\/\/www.ced.org.tr\/index.php?rest_route=%2Fwp%2Fv2%2Fcomments&post=3533"}],"version-history":[{"count":0,"href":"http:\/\/www.ced.org.tr\/index.php?rest_route=\/wp\/v2\/posts\/3533\/revisions"}],"wp:attachment":[{"href":"http:\/\/www.ced.org.tr\/index.php?rest_route=%2Fwp%2Fv2%2Fmedia&parent=3533"}],"wp:term":[{"taxonomy":"category","embeddable":true,"href":"http:\/\/www.ced.org.tr\/index.php?rest_route=%2Fwp%2Fv2%2Fcategories&post=3533"},{"taxonomy":"post_tag","embeddable":true,"href":"http:\/\/www.ced.org.tr\/index.php?rest_route=%2Fwp%2Fv2%2Ftags&post=3533"}],"curies":[{"name":"wp","href":"https:\/\/api.w.org\/{rel}","templated":true}]}}