{"id":3535,"date":"2009-02-13T14:15:40","date_gmt":"2009-02-13T12:15:40","guid":{"rendered":"http:\/\/www.ced.org.tr\/?p=3535"},"modified":"2009-02-13T14:15:40","modified_gmt":"2009-02-13T12:15:40","slug":"2009-yili-sgk-ve-maliye-protokollerinin-3-7-maddesi-geregince-hazirlanan","status":"publish","type":"post","link":"http:\/\/www.ced.org.tr\/?p=3535","title":{"rendered":"2009 YILI SGK VE MAL\u0130YE PROTOKOLLER\u0130N\u0130N 3.7 MADDES\u0130 GERE\u011e\u0130NCE HAZIRLANAN"},"content":{"rendered":"<p><strong><font size=\"3\"><font face=\"Times New Roman\">2009 YILI SGK VE MAL\u0130YE PROTOKOLLER\u0130N\u0130N 3.7 MADDES\u0130 GERE\u011e\u0130NCE HAZIRLANAN GE\u00c7\u0130C\u0130 RE\u00c7ETE KAYIT S\u0130STEM\u0130 HAKKINDA DUYURU (EKLEME YAPILDI)<\/font><\/font><\/strong><font face=\"Times New Roman\" size=\"3\">\u00a0<\/font><\/p>\n<p><font face=\"Times New Roman\" size=\"3\">T\u00fcrk Eczac\u0131lar\u0131 Birli\u011fi ile Sosyal G\u00fcvenlik Kurumu ve Maliye Bakanl\u0131\u011f\u0131 aras\u0131nda imzalanan 2009 Y\u0131l\u0131 Protokollerinin 3.7 Maddesine istinaden, Dan\u0131\u015ftay taraf\u0131ndan gerek\u00e7eli karar\u0131n yay\u0131mlanaca\u011f\u0131 tarihe kadar uygulanmak \u00fczere ge\u00e7ici TEB provizyon sistemi haz\u0131rlanm\u0131\u015ft\u0131r. Sistem 13.02.2009 itibariyle hayata ge\u00e7mi\u015ftir. Bu re\u00e7ete kay\u0131t sistemi, sadece, Sosyal G\u00fcvenlik Kurumu ve Maliye Protokollerinin 3.7 Maddesi ile belirlenen ve 01.02.2009 ve sonras\u0131nda d\u00fczenlenmi\u015f olan re\u00e7etelerin kay\u0131t edilmesi i\u00e7in haz\u0131rlanm\u0131\u015ft\u0131r. 3.7 Maddesi kapsam\u0131 d\u0131\u015f\u0131nda kalan re\u00e7eteler bu sisteme kay\u0131t edilmeyecektir.\u00a0<\/font><font face=\"Times New Roman\" size=\"3\">\u00a0<\/font> <\/p>\n<p style=\"margin: 0cm 0cm 0pt\" class=\"MsoNormal\"><font face=\"Times New Roman\" size=\"3\">SGK Protokol\u00fc 3.7 Maddesi ile belirlenen re\u00e7ete gruplar\u0131: <\/font><\/p>\n<p><font face=\"Times New Roman\" size=\"3\">\u00a0<\/font> <\/p>\n<p style=\"margin: 0cm 0cm 0pt\" class=\"MsoNormal\"><font face=\"Times New Roman\" size=\"3\">a-Mor ve Turuncu re\u00e7eteye yaz\u0131lmas\u0131 zorunlu olan ila\u00e7lar\u0131n yer ald\u0131\u011f\u0131 re\u00e7eteler,\u00a0<\/font><\/p>\n<p><font face=\"Times New Roman\" size=\"3\">\u00a0<\/font> <\/p>\n<p style=\"margin: 0cm 0cm 0pt\" class=\"MsoNormal\"><font face=\"Times New Roman\" size=\"3\">b-\u0130\u015fyeri Hekimi taraf\u0131ndan yaz\u0131lan re\u00e7eteler, <\/font><\/p>\n<p><font face=\"Times New Roman\" size=\"3\">\u00a0<\/font> <\/p>\n<p style=\"margin: 0cm 0cm 0pt\" class=\"MsoNormal\"><font face=\"Times New Roman\" size=\"3\">c-Eritropoietin ve darbepoetin preparatlar\u0131n\u0131 ihtiva eden re\u00e7eteler, <\/font><\/p>\n<p><font face=\"Times New Roman\" size=\"3\">\u00a0<\/font> <\/p>\n<p style=\"margin: 0cm 0cm 0pt\" class=\"MsoNormal\"><font face=\"Times New Roman\" size=\"3\">d-Diyaliz sol\u00fcsyonlar\u0131n\u0131 ihtiva eden re\u00e7eteler, <\/font><\/p>\n<p><font face=\"Times New Roman\" size=\"3\">\u00a0<\/font> <\/p>\n<p style=\"margin: 0cm 0cm 0pt\" class=\"MsoNormal\"><font face=\"Times New Roman\" size=\"3\">e-Eczac\u0131 Odalar\u0131nca da\u011f\u0131t\u0131m protokol\u00fc yap\u0131lan \u00fcnitelerdeki yatan hasta re\u00e7eteleri, <\/font><\/p>\n<p><font face=\"Times New Roman\" size=\"3\">\u00a0<\/font> <\/p>\n<p style=\"margin: 0cm 0cm 0pt\" class=\"MsoNormal\"><font face=\"Times New Roman\" size=\"3\">f- 24\/5\/1983 tarihli ve 2828 say\u0131l\u0131 Sosyal Hizmetler ve \u00c7ocuk Esirgeme Kurumu Kanunu h\u00fck\u00fcmlerine g\u00f6re korunma, bak\u0131m ve rehabilitasyon hizmetlerinden \u00fccretsiz faydalanan ki\u015filere ait re\u00e7eteler, <\/font><\/p>\n<p><font face=\"Times New Roman\" size=\"3\">\u00a0<\/font> <\/p>\n<p style=\"margin: 0cm 0cm 0pt\" class=\"MsoNormal\"><font face=\"Times New Roman\" size=\"3\">g- Eczane olmayan yerle\u015fim b\u00f6lgelerinde, sigortal\u0131 ve hak sahiplerine ait re\u00e7eteler. <\/font><\/p>\n<p style=\"margin: 0cm 0cm 0pt\" class=\"MsoNormal\"><font face=\"Times New Roman\" size=\"3\">Maliye Protokol\u00fc 3.7 Maddesi ile belirlenen re\u00e7ete gruplar\u0131: <\/font><\/p>\n<p><font face=\"Times New Roman\" size=\"3\">\u00a0<\/font> <\/p>\n<p style=\"margin: 0cm 0cm 0pt\" class=\"MsoNormal\"><font size=\"3\"><font face=\"Times New Roman\"><span>\u00a0\u00a0\u00a0\u00a0\u00a0\u00a0\u00a0\u00a0\u00a0\u00a0\u00a0 <\/span>a-Mor ve turuncu re\u00e7eteye yaz\u0131lmas\u0131 zorunlu olan ila\u00e7lar\u0131n yer ald\u0131\u011f\u0131 re\u00e7eteler, <\/font><\/font><\/p>\n<p><font face=\"Times New Roman\" size=\"3\">\u00a0<\/font> <\/p>\n<p style=\"margin: 0cm 0cm 0pt\" class=\"MsoNormal\"><font size=\"3\"><font face=\"Times New Roman\"><span>\u00a0\u00a0\u00a0\u00a0\u00a0\u00a0\u00a0\u00a0\u00a0\u00a0\u00a0 <\/span>b-Eritropoietin ve darbepoetin preparatlar\u0131n\u0131 ihtiva eden re\u00e7eteler, <\/font><\/font><\/p>\n<p><font face=\"Times New Roman\" size=\"3\">\u00a0<\/font> <\/p>\n<p style=\"margin: 0cm 0cm 0pt\" class=\"MsoNormal\"><font size=\"3\"><font face=\"Times New Roman\"><span>\u00a0\u00a0\u00a0\u00a0\u00a0\u00a0\u00a0\u00a0\u00a0\u00a0\u00a0 <\/span>c-Diyaliz sol\u00fcsyonlar\u0131n\u0131 ihtiva eden re\u00e7eteler, <\/font><\/font><\/p>\n<p><font face=\"Times New Roman\" size=\"3\">\u00a0<\/font> <\/p>\n<p style=\"margin: 0cm 0cm 0pt\" class=\"MsoNormal\"><font size=\"3\"><font face=\"Times New Roman\"><span>\u00a0\u00a0\u00a0\u00a0\u00a0\u00a0\u00a0\u00a0\u00a0\u00a0\u00a0 <\/span>d-Eczac\u0131 odalar\u0131nca da\u011f\u0131t\u0131m protokol\u00fc yap\u0131lan \u00fcnitelerdeki yatan hasta re\u00e7eteleri<\/font><\/font><\/p>\n<p><font face=\"Times New Roman\" size=\"3\">\u00a0<\/font> <\/p>\n<p style=\"margin: 0cm 0cm 0pt\" class=\"MsoNormal\"><font face=\"Times New Roman\" size=\"3\">T\u00fcrk Eczac\u0131lar\u0131 Birli\u011fi resmi web sayfas\u0131 www.teb.org.tr de, sa\u011f tarafta KULLANICI G\u0130R\u0130\u015e EKRANI bulunmaktad\u0131r. \u00dcyelerimizin, kullan\u0131c\u0131 ad\u0131 ve \u015fifre bilgilerini almak i\u00e7in, ana sayfada T.C kimlik numaras\u0131 ve SGK sicil numaras\u0131n\u0131 girmeleri gerekmektedir. Bu iki numaran\u0131n sistem taraf\u0131ndan do\u011frulanmas\u0131 sonras\u0131nda \u00fcyelerimiz a\u00e7\u0131lan ekrana e-posta (e-mail) adreslerini kaydedecek ve sistem i\u00e7in giri\u015f bilgileri bu adrese g\u00f6nderilecektir. <\/font><\/p>\n<p><font face=\"Times New Roman\" size=\"3\">\u00a0<\/font> <\/p>\n<p style=\"margin: 0cm 0cm 0pt\" class=\"MsoNormal\"><font face=\"Times New Roman\" size=\"3\">Eczac\u0131lar o d\u00f6neme ait kar\u015f\u0131lad\u0131klar\u0131 3.7 Maddesi kapsam\u0131ndaki re\u00e7eteleri ve bu re\u00e7etelere ait listeleri ile ba\u011fl\u0131 bulunduklar\u0131 eczac\u0131 odas\u0131na ba\u015fvuracak; eczac\u0131 odas\u0131 taraf\u0131ndan her re\u00e7etenin arkas\u0131na, o re\u00e7ete i\u00e7in sistem taraf\u0131ndan verilen provizyon takip numaras\u0131 i\u015flenecektir. Bu i\u015flemler ile, sisteme re\u00e7ete giri\u015fleri ve silme i\u015flemleri takip eden ay\u0131n 7\u2019sine kadar yap\u0131labilecektir. B\u00f6lge Eczac\u0131 Odalar\u0131 her ay\u0131n 10 una kadar o d\u00f6neme ait re\u00e7ete listelerini Kurum ta\u015fra te\u015fkilat\u0131na iletirler. TEB provizyon sistemine kay\u0131tl\u0131 olmayan re\u00e7eteler \u00f6denmez. Sisteme ili\u015fkin belirlenen usul ve esaslara uymayanlar hakk\u0131nda, 6643 say\u0131l\u0131 T\u00fcrk Eczac\u0131lar\u0131 Birli\u011fi Kanunu h\u00fck\u00fcmleri uyar\u0131nca i\u015flem yap\u0131lacakt\u0131r.<\/font><\/p>\n","protected":false},"excerpt":{"rendered":"<p>2009 YILI SGK VE MAL\u0130YE PROTOKOLLER\u0130N\u0130N 3.7 MADDES\u0130 GERE\u011e\u0130NCE HAZIRLANAN GE\u00c7\u0130C\u0130 RE\u00c7ETE KAYIT S\u0130STEM\u0130 HAKKINDA DUYURU (EKLEME YAPILDI)\u00a0 T\u00fcrk Eczac\u0131lar\u0131&#46;&#46;&#46;<\/p>\n","protected":false},"author":1,"featured_media":0,"comment_status":"closed","ping_status":"closed","sticky":false,"template":"","format":"standard","meta":{"_jetpack_memberships_contains_paid_content":false,"footnotes":""},"categories":[1],"tags":[],"class_list":["post-3535","post","type-post","status-publish","format-standard","hentry","category-ced"],"aioseo_notices":[],"jetpack_featured_media_url":"","jetpack_sharing_enabled":true,"jetpack-related-posts":[],"_links":{"self":[{"href":"http:\/\/www.ced.org.tr\/index.php?rest_route=\/wp\/v2\/posts\/3535","targetHints":{"allow":["GET"]}}],"collection":[{"href":"http:\/\/www.ced.org.tr\/index.php?rest_route=\/wp\/v2\/posts"}],"about":[{"href":"http:\/\/www.ced.org.tr\/index.php?rest_route=\/wp\/v2\/types\/post"}],"author":[{"embeddable":true,"href":"http:\/\/www.ced.org.tr\/index.php?rest_route=\/wp\/v2\/users\/1"}],"replies":[{"embeddable":true,"href":"http:\/\/www.ced.org.tr\/index.php?rest_route=%2Fwp%2Fv2%2Fcomments&post=3535"}],"version-history":[{"count":0,"href":"http:\/\/www.ced.org.tr\/index.php?rest_route=\/wp\/v2\/posts\/3535\/revisions"}],"wp:attachment":[{"href":"http:\/\/www.ced.org.tr\/index.php?rest_route=%2Fwp%2Fv2%2Fmedia&parent=3535"}],"wp:term":[{"taxonomy":"category","embeddable":true,"href":"http:\/\/www.ced.org.tr\/index.php?rest_route=%2Fwp%2Fv2%2Fcategories&post=3535"},{"taxonomy":"post_tag","embeddable":true,"href":"http:\/\/www.ced.org.tr\/index.php?rest_route=%2Fwp%2Fv2%2Ftags&post=3535"}],"curies":[{"name":"wp","href":"https:\/\/api.w.org\/{rel}","templated":true}]}}