{"id":3536,"date":"2009-02-16T11:42:26","date_gmt":"2009-02-16T09:42:26","guid":{"rendered":"http:\/\/www.ced.org.tr\/?p=3536"},"modified":"2009-02-16T11:42:26","modified_gmt":"2009-02-16T09:42:26","slug":"turk-is-disk-ve-keskin-duzenledigi-mitinge-katilan-on-binler-uyardikrizin-faturasini-odemeyecegiz","status":"publish","type":"post","link":"http:\/\/www.ced.org.tr\/?p=3536","title":{"rendered":"T\u00dcRK-\u0130\u015e, D\u0130SK VE KESK\u2019\u0130N D\u00dcZENLED\u0130\u011e\u0130 M\u0130T\u0130NGE KATILAN ON B\u0130NLER UYARDI;KR\u0130Z\u0130N FATURASINI \u00d6DEMEYECE\u011e\u0130Z"},"content":{"rendered":"<p style=\"margin: 0cm 0cm 0pt\" class=\"MsoNormal\"><font size=\"3\"><font face=\"Times New Roman\"><strong>T\u00dcRK-\u0130\u015e, D\u0130SK VE KESK\u2019\u0130N D\u00dcZENLED\u0130\u011e\u0130 M\u0130T\u0130NGE KATILAN ON B\u0130NLER, KR\u0130Z\u0130N FATURASINI \u00d6DEMEYECEKLER\u0130N\u0130 KADIK\u00d6Y\u2019DEN HAYKIRDI!<\/strong><\/p>\n<p><\/font><\/font><\/p>\n<p><font face=\"Times New Roman\" size=\"3\"><img loading=\"lazy\" decoding=\"async\" src=\"images\/stories\/belgeler\/15subatkriz.jpg\" border=\"0\" alt=\"miting\" title=\"miting\" hspace=\"4\" vspace=\"4\" width=\"232\" height=\"174\" align=\"left\" \/>\u0130\u015fsizli\u011fe ve yoksullu\u011fa kar\u015f\u0131 \u00e7\u0131kan on binlerce emek\u00e7i, Kad\u0131k\u00f6y \u0130skele Meydan\u0131\u2019n\u0131 doldurdu. Krizin faturas\u0131n\u0131 halk\u0131n de\u011fil patronlar\u0131n \u00f6demesini isteyen emek\u00e7iler, alanlarda ve i\u015fyerlerinde m\u00fccadeleyi b\u00fcy\u00fcteceklerini hayk\u0131rd\u0131lar. <br \/>Mitinge kat\u0131lmak i\u00e7in 09.00\u2019dan itibaren Numune Hastanesi, Tepe Nautilus ve Haydarpa\u015fa Gar\u0131 \u00f6n\u00fcnde toplanan i\u015f\u00e7i ve emek\u00e7iler, sloganlarla \u0130skele Meydan\u0131\u2019na y\u00fcr\u00fcd\u00fcler. Kortejin \u00f6n k\u0131sm\u0131 miting alan\u0131na girdi\u011finde, arka b\u00f6l\u00fcmlerde h\u00e2l\u00e2 y\u00fcr\u00fcy\u00fc\u015f s\u00fcr\u00fcyordu. Siyasi partilerin de kat\u0131ld\u0131\u011f\u0131 mitingde, TMMOB ve TTB gibi meslek \u00f6rg\u00fctleri de yerlerini ald\u0131. <br \/>T\u00fcrk-\u0130\u015f korteji Numune Hastanesi taraf\u0131ndan y\u00fcr\u00fcd\u00fc. T\u00fcrk Metal, Harb-\u0130\u015f, Kristal-\u0130\u015f, Tes-\u0130\u015f ve Petrol-\u0130\u015f kitlesellikleriyle dikkat \u00e7ektiler. \u201cEmeklilik ya\u015f\u0131 65, do\u011fal gaz zamm\u0131 85, do\u011fal gaz sayac\u0131 250 dolar; bu halk seni sand\u0131kta bo\u011far\u201d, \u201cK\u0131dem tazminat\u0131ma dokunma\u201d, \u201cAnam\u0131 getiremedim \u00f6ld\u00fc\u201d, \u201cKrizin bedelini \u00f6demeyece\u011fim\u201d, \u201c\u0130\u015ften atmalar yasaklans\u0131n\u201d yaz\u0131l\u0131 d\u00f6vizler ta\u015f\u0131yan i\u015f\u00e7iler, \u201cAyaklar ba\u015f olsun k\u0131yamet kopsun\u201d, \u201c\u0130\u015f\u00e7ilerin birli\u011fi sermayeye yenecek\u201d, \u201cGenel grev genel direni\u015f\u201d sloganlar\u0131n\u0131 att\u0131lar. T\u00fcrk-\u0130\u015f kortejinin arkas\u0131nda EMEP y\u00fcr\u00fcd\u00fc. <br \/><\/font><strong><font size=\"3\"><font face=\"Times New Roman\">TALEPLER PANKARTLARDA <\/font><\/font><\/strong><\/p>\n<p style=\"margin: 0cm 0cm 0pt\" class=\"MsoNormal\"><font face=\"Times New Roman\" size=\"3\">D\u0130SK ve KESK kortejinin bulundu\u011fu Tepe Nautilus\u2019ta ise Birle\u015fik Metal-\u0130\u015f, Lastik-\u0130\u015f, Genel-\u0130\u015f, E\u011fitim Sen kitleselli\u011fi ile dikkat \u00e7ekti. D\u0130SK\u2019in 3 metre uzunlu\u011funda haz\u0131rlad\u0131\u011f\u0131 pankartlar\u0131, tulum giyen i\u015f\u00e7iler ta\u015f\u0131d\u0131. <br \/>E\u011fitim Sen \u00fcyesi e\u011fitim emek\u00e7ileri de taleplerini ta\u015f\u0131d\u0131klar\u0131 d\u00f6vizlere ve pankartlara yans\u0131tt\u0131lar. E\u011fitim ve bilim emek\u00e7ileri, \u201cG\u00fcvenli i\u015f, g\u00fcvenli gelecek istiyoruz; 4\/b, 4\/c, 50\/d, uzman istemiyoruz\u201d pankart\u0131yla kadro taleplerini dile getirdiler. T\u00fcm Bel-Sen \u00fcyeleri \u201cT\u0130S hakk\u0131m\u0131z uygulans\u0131n\u201d, Limter-\u0130\u015f \u201c\u0130\u015f cinayetlerine son\u201d, Sine-Sen \u201cSetlerde \u00f6lmek istemiyoruz\u201d pankartlar\u0131yla alanda yerlerini ald\u0131lar. <br \/>D\u0130SK ve KESK kortejinin arkas\u0131nda \u00d6DP, TKP, Halk Cephesi, Feministler ve dergi \u00e7evreleri vard\u0131. <br \/>Haydarpa\u015fa Gar kolunun en \u00f6n\u00fcnde yer alan Herkese Sa\u011fl\u0131k G\u00fcvenli Gelecek Platformu pankart\u0131n\u0131n arkas\u0131nda TMMOB, TTB, IEO, IDO ve Halkevleri y\u00fcr\u00fcd\u00fc. <br \/>Hak-\u0130\u015f\u2019e ba\u011fl\u0131 \u00c7elik-\u0130\u015f Gebze \u015eube \u00fcyesi i\u015f\u00e7ilerin kendi pankartlar\u0131yla mitinge kat\u0131lmas\u0131 dikkat \u00e7ekti. Miting alan\u0131na pankartlar\u0131yla birlikte girmelerine izin verilmeyen \u00c7elik-\u0130\u015f \u00fcyeleri, tart\u0131\u015fmalar\u0131n ard\u0131ndan zorla da olsa alana girmeyi ba\u015fard\u0131lar. <\/p>\n<p><\/font><\/p>\n<p style=\"margin: 0cm 0cm 0pt\" class=\"MsoNormal\"><strong><font face=\"Times New Roman\" size=\"3\">D\u0130REN\u0130\u015e\u00c7\u0130LER ALANDAYDI<\/font><\/strong><\/p>\n<p style=\"margin: 0cm 0cm 0pt\" class=\"MsoNormal\"><font face=\"Times New Roman\" size=\"3\">Sendikal haklar\u0131 i\u00e7in grevde ve direni\u015fte olan i\u015f\u00e7i ve emek\u00e7iler de mitinge kat\u0131larak taleplerini dile getirdiler. Birle\u015fik Metal-\u0130\u015f\u2019e \u00fcye olduklar\u0131 i\u00e7in i\u015ften at\u0131lan ve 60 g\u00fcnd\u00fcr fabrika \u00f6n\u00fcnde direnen Sinter Metal ve G\u00fcrsa\u015f i\u015f\u00e7ileri mitingde yerlerini ald\u0131lar. <br \/>29 y\u0131l aradan sonra bas\u0131n sekt\u00f6r\u00fcndeki ilk grevi ger\u00e7ekle\u015ftiren TGS \u00fcyesi Sabah ve atv \u00e7al\u0131\u015fanlar\u0131, grev \u00f6nl\u00fckleriyle y\u00fcr\u00fcd\u00fcler. Grevciler \u201cMedyada i\u015f\u00e7i k\u0131y\u0131m\u0131na son\u201d d\u00f6vizlerini ta\u015f\u0131d\u0131lar.Grevde olan Bas\u0131n-\u0130\u015f \u00fcyesi E-Kart i\u015f\u00e7ileri de mitinge kat\u0131ld\u0131lar. Deri-\u0130\u015f \u00fcyesi Desa, Belediye-\u0130\u015f \u00fcyesi \u00c7apa, Liman-\u0130\u015f \u00fcyesi Arkas, Tez Koop-\u0130\u015f \u00fcyesi IBM T\u00fcrk i\u015f\u00e7ileri sendikal direni\u015flerini alana ta\u015f\u0131d\u0131lar.<br \/>Di\u011fer kortejlerdeki i\u015f\u00e7iler de att\u0131klar\u0131 sloganlarla, direni\u015f\u00e7i i\u015f\u00e7ilerle dayan\u0131\u015fma i\u00e7inde olacaklar\u0131n\u0131 bildirdiler.<\/font><\/p>\n<p style=\"margin: 0cm 0cm 0pt\" class=\"MsoNormal\">\u00a0<\/p>\n<p style=\"margin: 0cm 0cm 0pt\" class=\"MsoNormal\"><strong><font size=\"3\"><font face=\"Times New Roman\">KR\u0130ZE KAR\u015eI M\u00dcCADELE S\u00dcRECEK<\/font><\/font><\/strong><strong><font face=\"Times New Roman\" size=\"3\">\u00a0<\/font><\/strong> <\/p>\n<p style=\"margin: 0cm 0cm 0pt\" class=\"MsoNormal\">\u00a0<\/p>\n<p style=\"margin: 0cm 0cm 0pt\" class=\"MsoNormal\"><font face=\"Times New Roman\" size=\"3\">M\u0130T\u0130NG alan\u0131nda ilk konu\u015fmay\u0131 yapan T\u00fcrk-\u0130\u015f Genel Ba\u015fkan\u0131 Mustafa Kumlu, kriz f\u0131rsat\u00e7\u0131l\u0131\u011f\u0131 yapanlara, krizin emek\u00e7ileri y\u00fcre\u011finden vurmas\u0131na sebep olanlara kar\u015f\u0131 birle\u015ftiklerini ifade etti. Patronlar\u0131n daha fazla k\u00e2r etmek i\u00e7in \u00e7ocuklar\u0131n, gen\u00e7lerin gelece\u011fini karartt\u0131klar\u0131n\u0131 kaydeden Kumlu, h\u00fck\u00fcmete seslendi: \u201cBug\u00fcn h\u00fckmediyor olabilirsiniz ama g\u00fc\u00e7 bizde. G\u00fc\u00e7, eme\u011fi ile milyonlarca kad\u0131n ve erkekte; yani emek\u00e7i halkta, yani meydanlarda. Bunu unutmay\u0131n ve emek\u00e7ilerin ekmeklerini kaybetmesine yol a\u00e7an politikalardan vazge\u00e7in!\u201d <\/p>\n<p><\/font><\/p>\n<p><strong><font size=\"3\"><font face=\"Times New Roman\">AKP\u2019N\u0130N CEHENNEM\u0130 <\/font><\/font><\/strong><\/p>\n<p style=\"margin: 0cm 0cm 0pt\" class=\"MsoNormal\"><strong><br \/><\/strong><font face=\"Times New Roman\" size=\"3\">\u201c\u0130\u015ften \u00e7\u0131kartacaklar, i\u015fyerlerini kapatacaklar, en temel ihtiya\u00e7lara zam yapacaklar, T\u0130S\u2019leri ya imzalamaktan ka\u00e7acaklar ya da ask\u0131ya alacaklar, \u00fccretsiz toplu izinler verecekler, i\u015ften atmama kar\u015f\u0131l\u0131\u011f\u0131nda \u00e7al\u0131\u015fanlar\u0131 daha az \u00fccretle \u00e7al\u0131\u015ft\u0131rmaya raz\u0131 edecekler. Peki \u00f6yleyse, nedir yapt\u0131klar\u0131 bu i\u015fin ad\u0131? Bu i\u015fin ad\u0131 cehennemdir\u201d diyen D\u0130SK Genel Ba\u015fkan\u0131 S\u00fcleyman \u00c7elebi, iktidara gelirken cennet vaat eden AKP\u2019nin cehennemden ba\u015fka bir \u015fey yaratmad\u0131\u011f\u0131n\u0131 s\u00f6yledi. \u00c7elebi taleplerini \u015f\u00f6yle s\u0131ralad\u0131: \u201c\u0130\u015ften atmalara, i\u015fsizli\u011fe ve yoksullu\u011fa, \u00fccretlerin d\u00fc\u015f\u00fcr\u00fclmesine hay\u0131r diyoruz; \u00e7al\u0131\u015fma s\u00fcreleri k\u0131salt\u0131lmad\u0131r, sadaka de\u011fil t\u00fcm yoksullara e\u015fit sosyal paket istiyoruz; sendikal \u00f6rg\u00fctlenmenin \u00f6n\u00fcndeki engellerin kald\u0131r\u0131lmas\u0131n\u0131, demokrasi ve bar\u0131\u015f istiyoruz.\u201d <\/p>\n<p><\/font><\/p>\n<p><strong><font size=\"3\"><font face=\"Times New Roman\">ASOSYAL BA\u015eBAKAN!<\/font><\/font><\/strong> <\/p>\n<p style=\"margin: 0cm 0cm 0pt\" class=\"MsoNormal\"><strong><br \/><\/strong><font face=\"Times New Roman\" size=\"3\">KESK Genel Ba\u015fkan\u0131 Sami Evren ise kriz bahane edilerek kay\u0131t d\u0131\u015f\u0131 ekonominin te\u015fvik edildi\u011fini, k\u0131dem tazminat\u0131n\u0131 kald\u0131rman\u0131n yollar\u0131n\u0131n arand\u0131\u011f\u0131n\u0131, toplus\u00f6zle\u015fmelerde s\u0131f\u0131r zam dayat\u0131ld\u0131\u011f\u0131n\u0131, sendikas\u0131zla\u015ft\u0131rman\u0131n yay\u0131ld\u0131\u011f\u0131n\u0131, \u00f6rg\u00fctlenen i\u015f\u00e7ilerin i\u015ften at\u0131ld\u0131\u011f\u0131n\u0131 kaydetti. Evren, \u201cBinlerce i\u015f\u00e7i i\u015ften at\u0131l\u0131rsa, sa\u011fl\u0131k ve e\u011fitim paral\u0131 olursa, yard\u0131mlar sadaka gibi da\u011f\u0131t\u0131l\u0131rsa, i\u015fkence olursa, farkl\u0131 kimliklere tahamm\u00fcl edilmezse, o \u00fclke sosyal olmaz. Ba\u015fbakan\u0131 da asosyal olur\u201d diye konu\u015ftu. \u201cBizi uslu sanmay\u0131n \u00f6fkemizi bilin, bizi korkak sanmay\u0131n cesaretimizi g\u00f6r\u00fcn diye buraday\u0131z\u201d diyen Evren, alanlarda olmaya devam edeceklerini kaydetti. <\/font><\/p>\n<p><strong><font size=\"3\"><font face=\"Times New Roman\">ERGENEKON GERG\u0130NL\u0130\u011e\u0130<\/font><\/font><\/strong><font face=\"Times New Roman\" size=\"3\">\u00a0<\/font> <\/p>\n<p style=\"margin: 0cm 0cm 0pt\" class=\"MsoNormal\"><font face=\"Times New Roman\" size=\"3\">M\u0130T\u0130NG alan\u0131nda konu\u015fmalar\u0131n beklendi\u011fi s\u0131rada T\u00fcrk Metal ve Birle\u015fik Metal-\u0130\u015f aras\u0131nda s\u00f6zl\u00fc sata\u015fmalar ya\u015fand\u0131. Birle\u015fik Metal-\u0130\u015f Sendikas\u0131\u2019n\u0131n, \u201cHain Mustafa \u00d6zbek i\u015f\u00e7ilere hesap verecek\u201d pankart\u0131 a\u00e7mas\u0131n\u0131n ard\u0131ndan T\u00fcrk Metal y\u00f6neticileri bariyerleri a\u015farak pankart\u0131 y\u0131rtmak istediler. Artan gerginlik, platformdan yap\u0131lan uyar\u0131lara ra\u011fmen dindirilemedi. Medyan\u0131n ilgisini f\u0131rsat bilen T\u00fcrk Metal y\u00f6neticileri, kavgay\u0131 daha da b\u00fcy\u00fctt\u00fcler. Platformun \u00f6n\u00fcnde \u201c\u00d6zbek nerede biz oraday\u0131z\u201d ve \u201c\u00d6zbek seninle \u00f6l\u00fcme de gideriz\u201d sloganlar\u0131 atarak Birle\u015fik Metal-\u0130\u015f\u2019in \u00fczerine y\u00fcr\u00fcyen T\u00fcrk Metal y\u00f6neticileri, miting g\u00f6revlileri taraf\u0131ndan bariyerlerin d\u0131\u015f\u0131na \u00e7\u0131kart\u0131lmak istendi. T\u00fcrk Metal y\u00f6neticisinin k\u00fcrs\u00fcye \u00e7\u0131kma iste\u011fi ise g\u00f6revliler taraf\u0131ndan engellendi. Sald\u0131rgan tutumlar\u0131n\u0131 s\u00fcrd\u00fcren T\u00fcrk Metal\u2019e di\u011fer sendika ve partilerden de tepki geldi. \u201cT\u00fcrk Metal d\u0131\u015far\u0131!\u201d sloganlar\u0131n\u0131n at\u0131lmaya ba\u015flanmas\u0131 \u00fczerine kitleye d\u00f6nerek k\u00fcf\u00fcrl\u00fc s\u00f6zler savuran T\u00fcrk Metal y\u00f6neticileri, daha b\u00fcy\u00fck bir arbedenin ya\u015fanmas\u0131na sebep oldu. Pankart sopalar\u0131n\u0131n kullan\u0131ld\u0131\u011f\u0131 arbede g\u00fc\u00e7l\u00fckle yat\u0131\u015ft\u0131r\u0131ld\u0131. Olaylar\u0131n ard\u0131ndan T\u00fcrk Metal miting alan\u0131n\u0131 terk etti.<\/font><\/p>\n<p><strong><font size=\"3\"><font face=\"Times New Roman\">Kad\u0131k\u00f6y miting alan\u0131ndan notlar&#8230;<\/font><\/font><\/strong><strong><font face=\"Times New Roman\" size=\"3\">\u00a0<\/font><\/strong> <\/p>\n<p style=\"margin: 0cm 0cm 0pt\" class=\"MsoNormal\"><font face=\"Times New Roman\" size=\"3\">* Miting nedeni ile Kad\u0131k\u00f6y\u2019e \u00e7\u0131kan t\u00fcm yollar trafi\u011fe kapat\u0131l\u0131rken, polis yo\u011fun g\u00fcvenlik \u00f6nlemi ald\u0131. Arama noktalar\u0131nda k\u0131sa s\u00fcreli gerginlikler ya\u015fand\u0131. <br \/>* TEKS\u0130F kortejinin en \u00f6n\u00fcnde, U\u015fak\u2019ta sendikalar\u0131na \u00fcye olduktan sonra i\u015ften at\u0131lan ve bu nedenle intihar eden Y\u00fcksek Yalab\u0131k\u2019\u0131n resmi, kefen giyen i\u015f\u00e7iler taraf\u0131ndan ta\u015f\u0131nd\u0131.<br \/>* T\u00fcrkiye Yazarlar Sendikas\u0131 \u00fcyesi ayd\u0131n ve yazarlar da mitingdeki yerlerini ald\u0131lar. <br \/>* Kitleselli\u011fiyle dikkat \u00e7eken Emek Partisi \u2018Emperyalizme, kapitalime ve krize kar\u015f\u0131 m\u00fccadelede birle\u015felim\u2019 pankart\u0131 arkas\u0131nda y\u00fcr\u00fcd\u00fc. <br \/>* \u00c7a\u011flayan Tekstil i\u015f\u00e7ileri ile K\u0131ra\u00e7 \u0130\u015f\u00e7i Komitesi mitingdeki yerlerini ald\u0131lar. <br \/>* Baz\u0131 i\u015f\u00e7iler mitinge \u00e7ocuklar\u0131yla beraber kat\u0131ld\u0131lar. <br \/>* Mitinge kendi pankartlar\u0131yla kat\u0131lan E\u011fitim-\u0130\u015f \u00fcyelerinin pankartlar\u0131yla alana girmesi g\u00f6revliler taraf\u0131ndan engellendi. <br \/>* Co\u015fkular\u0131yla mitinge renk katan Tuzla deri i\u015f\u00e7ileri kortejinin en \u00f6n\u00fcnde Desa direni\u015f\u00e7isi Emine Arslan y\u00fcr\u00fcd\u00fc.<br \/>* Y\u00fcr\u00fcy\u00fc\u015f boyunca kortejlere giren davul ve zurnac\u0131lar\u0131n \u00e7ald\u0131\u011f\u0131 par\u00e7alar e\u015fli\u011finden halay \u00e7eken, oyun oynayan i\u015f\u00e7i ve emek\u00e7iler mitinge ayr\u0131 bir renk katt\u0131lar. <br \/>* Tersane i\u015f\u00e7ileri \u2018Tersanelerde i\u015f cinayetleri ve i\u015f\u00e7i k\u0131y\u0131m\u0131na son\u2019 pankart\u0131yla mitinge kat\u0131ld\u0131lar. <br \/>* \u015eemsiye, atk\u0131, bere, eldiven ve ya\u011fmurluk satan seyyar sat\u0131c\u0131lar ra\u011fbet g\u00f6rd\u00fc.<\/font><\/p>\n","protected":false},"excerpt":{"rendered":"<p>T\u00dcRK-\u0130\u015e, D\u0130SK VE KESK\u2019\u0130N D\u00dcZENLED\u0130\u011e\u0130 M\u0130T\u0130NGE KATILAN ON B\u0130NLER, KR\u0130Z\u0130N FATURASINI \u00d6DEMEYECEKLER\u0130N\u0130 KADIK\u00d6Y\u2019DEN HAYKIRDI! \u0130\u015fsizli\u011fe ve yoksullu\u011fa kar\u015f\u0131 \u00e7\u0131kan on&#46;&#46;&#46;<\/p>\n","protected":false},"author":1,"featured_media":0,"comment_status":"closed","ping_status":"closed","sticky":false,"template":"","format":"standard","meta":{"_jetpack_memberships_contains_paid_content":false,"footnotes":""},"categories":[1],"tags":[],"class_list":["post-3536","post","type-post","status-publish","format-standard","hentry","category-ced"],"aioseo_notices":[],"jetpack_featured_media_url":"","jetpack_sharing_enabled":true,"jetpack-related-posts":[],"_links":{"self":[{"href":"http:\/\/www.ced.org.tr\/index.php?rest_route=\/wp\/v2\/posts\/3536","targetHints":{"allow":["GET"]}}],"collection":[{"href":"http:\/\/www.ced.org.tr\/index.php?rest_route=\/wp\/v2\/posts"}],"about":[{"href":"http:\/\/www.ced.org.tr\/index.php?rest_route=\/wp\/v2\/types\/post"}],"author":[{"embeddable":true,"href":"http:\/\/www.ced.org.tr\/index.php?rest_route=\/wp\/v2\/users\/1"}],"replies":[{"embeddable":true,"href":"http:\/\/www.ced.org.tr\/index.php?rest_route=%2Fwp%2Fv2%2Fcomments&post=3536"}],"version-history":[{"count":0,"href":"http:\/\/www.ced.org.tr\/index.php?rest_route=\/wp\/v2\/posts\/3536\/revisions"}],"wp:attachment":[{"href":"http:\/\/www.ced.org.tr\/index.php?rest_route=%2Fwp%2Fv2%2Fmedia&parent=3536"}],"wp:term":[{"taxonomy":"category","embeddable":true,"href":"http:\/\/www.ced.org.tr\/index.php?rest_route=%2Fwp%2Fv2%2Fcategories&post=3536"},{"taxonomy":"post_tag","embeddable":true,"href":"http:\/\/www.ced.org.tr\/index.php?rest_route=%2Fwp%2Fv2%2Ftags&post=3536"}],"curies":[{"name":"wp","href":"https:\/\/api.w.org\/{rel}","templated":true}]}}