{"id":3537,"date":"2009-02-17T12:18:51","date_gmt":"2009-02-17T10:18:51","guid":{"rendered":"http:\/\/www.ced.org.tr\/?p=3537"},"modified":"2009-02-17T12:18:51","modified_gmt":"2009-02-17T10:18:51","slug":"ilac-fiyatlarina-8-zam","status":"publish","type":"post","link":"http:\/\/www.ced.org.tr\/?p=3537","title":{"rendered":"\u0130LA\u00c7 F\u0130YATLARINA %8 ZAM"},"content":{"rendered":"<p style=\"margin: 0cm 0cm 0pt\" class=\"MsoNormal\"><font face=\"Times New Roman\" size=\"3\"><strong>13 \u015eubat 2009 tarihinde yap\u0131lan Fiyat De\u011ferlendirme Komisyonu d\u00f6vizdeki fiyat de\u011fi\u015fikli\u011fi gerek\u00e7esi ile ila\u00e7 fiyatlar\u0131na yakla\u015f\u0131k %8 civar\u0131nda zam yap\u0131ld\u0131. 02 Nisan 2009 tarihinden itibaren ge\u00e7erli olacak olan yeni fiyatlar ile ilgili \u0130EGM a\u00e7\u0131klamas\u0131n\u0131 a\u015fa\u011f\u0131da yay\u0131nl\u0131yoruz;<\/strong><\/font><\/p>\n<p><font face=\"Times New Roman\" size=\"3\">\u00a0<\/font> <\/p>\n<p style=\"margin: 0cm 0cm 0pt\" class=\"MsoNormal\"><font face=\"Times New Roman\" size=\"3\">13 \u015eubat 2009 tarihinde yap\u0131lan Fiyat De\u011ferlendirme Komisyon Toplant\u0131s\u0131 karar\u0131yla belirlenen 1,9595 Avro kuruna g\u00f6re olu\u015fturulan yeni fiyat listeleri, 24 Ocak 2009 tarihli ve 27120 say\u0131l\u0131 Resmi Gazetede yay\u0131mlanan Be\u015feri \u0130la\u00e7lar\u0131n Fiyatland\u0131r\u0131lmas\u0131na Dair Tebli\u011fde De\u011fi\u015fiklik Yap\u0131lmas\u0131na Dair Tebli\u011f do\u011frultusunda yeniden d\u00fczenlenmi\u015ftir.<\/font><\/p>\n<p><font face=\"Times New Roman\" size=\"3\">1-) Yeni fiyatlar hesaplan\u0131rken tabloda herhangi bir yuvarlama yap\u0131lmaks\u0131z\u0131n virg\u00fclden sonraki basamaklardan sadece ilk ikisi kullan\u0131lm\u0131\u015ft\u0131r.\u00a0\u00a0<\/font><font face=\"Times New Roman\" size=\"3\">\u00a0<\/font> <\/p>\n<p style=\"margin: 0cm 0cm 0pt\" class=\"MsoNormal\"><font face=\"Times New Roman\" size=\"3\">2-) 26 Haziran 2008 tarihli karar gere\u011fince; <\/font><\/p>\n<p style=\"margin: 0cm 0cm 0pt\" class=\"MsoNormal\"><font face=\"Times New Roman\" size=\"3\">\u00a0\u00a0\u00a0\u00a0\u00a0\u00a0\u00a0\u00a0 &#8211;\u00a0\u00c7apraz D\u00f6viz Kurlar\u0131 hesaplan\u0131rken;13 \u015eubat 2009 Cuma g\u00fcn\u00fc saat 15:30&#8217;da a\u00e7\u0131klanan, haftasonu ve 16 \u015eubat 2009 Pazartesi saat 15:30&#8217;a kadar ge\u00e7erli olan TCMB d\u00f6viz kurlar\u0131 kullan\u0131lacakt\u0131r.<\/font><\/p>\n<p><font face=\"Times New Roman\" size=\"3\">\u00a0<\/font> <\/p>\n<p style=\"margin: 0cm 0cm 0pt 36pt; text-indent: -18pt; tab-stops: list 36.0pt\" class=\"MsoNormal\"><font face=\"Times New Roman\"><span><font size=\"3\">&#8211;<\/font><span style=\"font: 7pt 'Times New Roman'\">\u00a0\u00a0\u00a0\u00a0\u00a0\u00a0\u00a0\u00a0 <\/span><\/span><font size=\"3\">TCMB\u2019 de belirtilmeyen \u00e7apraz kurlar\u0131n takibinde ilgili \u00fclkenin Merkez Bankas\u0131 veya muadili resmi kurumlar\u0131n\u0131n internet sitelerindeki 16 \u015eubat 2009 tarihli \u00e7apraz kurun kullan\u0131lmas\u0131, resmi tatil v.s. sebeplerle o tarihte kurun yay\u0131mlanmamas\u0131 halinde ise o tarihten sonraki ilk i\u015f g\u00fcn\u00fc yay\u0131mlanan \u00e7apraz kurun dikkate al\u0131nmas\u0131 gerekmektedir.<\/font><\/font><\/p>\n<p><font face=\"Times New Roman\"><span><font size=\"3\">&#8211;<\/font><span style=\"font: 7pt 'Times New Roman'\">\u00a0\u00a0\u00a0\u00a0\u00a0\u00a0\u00a0\u00a0 <\/span><\/span><font size=\"3\">\u00a0<\/font><\/font> <\/p>\n<p style=\"margin: 0cm 0cm 0pt\" class=\"MsoNormal\"><font face=\"Times New Roman\" size=\"3\">(\u00d6rne\u011fin; X \u00fclkesinin para biriminin Avro\u2019ya \u00e7evrilmesinde 16 \u015eubat 2009 tarihli \u00e7apraz d\u00f6viz kuru kullan\u0131lacak, bulunan Avro de\u011ferinin TL\u2019ye \u00e7evrilmesinde ise 1,9595 TL\u2019lik d\u00f6nemsel Avro de\u011feri esas al\u0131nacakt\u0131r.)\u00a0\u00a0 <\/font><\/p>\n<p><font face=\"Times New Roman\" size=\"3\">\u00a0<\/font> <\/p>\n<p style=\"margin: 0cm 0cm 0pt\" class=\"MsoNormal\"><font face=\"Times New Roman\" size=\"3\">\u00a03-) Tablonun incelenmesi sonucunda olabilecek itirazlar 27 \u015eubat 2009 tarihine kadar kabul edilecek ve 2 Mart 2009 tarihinde kesin listeler ilan edilecektir. <\/font><\/p>\n<p><font face=\"Times New Roman\" size=\"3\">\u00a0<\/font> <\/p>\n<p style=\"margin: 0cm 0cm 0pt\" class=\"MsoNormal\"><font face=\"Times New Roman\" size=\"3\">\u00d6nemle duyurulur. <\/font><\/p>\n<p><font face=\"Times New Roman\" size=\"3\">\u00a0<\/font><a href=\"http:\/\/www.iegm.gov.tr\/haberlerduyurular\/Documents\/16_SUBAT_2009_TUM_ILAC_FIYAT_LISTESI_KUR1,9595_YAYIN.xls\"><\/a> <\/p>\n<p style=\"margin: 0cm 0cm 0pt\" class=\"MsoNormal\"><span class=\"MsoHyperlink\"><a href=\"http:\/\/www.iegm.gov.tr\/haberlerduyurular\/Documents\/16_SUBAT_2009_TUM_ILAC_FIYAT_LISTESI_KUR1,9595_YAYIN.xls\"><font face=\"Times New Roman\" size=\"3\" color=\"#800080\">T\u00fcm \u0130la\u00e7 Fiyat Listesi<\/font><\/a><\/span><\/p>\n<p><a href=\"http:\/\/www.iegm.gov.tr\/haberlerduyurular\/Documents\/16_SUBAT_2009_ENTERAL_BESLENME_URUNLERI_KUR1,9595_YAYIN.xls\"><font face=\"Times New Roman\" size=\"3\" color=\"#800080\">Enteral Beslenme \u00dcr\u00fcnleri Fiyat Listesi<\/font><\/a><a href=\"http:\/\/www.iegm.gov.tr\/haberlerduyurular\/Documents\/16_SUBAT_2009_TIBBI_AMACLI_MAMA_LISTESI_KUR1,9595_YAYIN.xls\"><font size=\"3\"><font color=\"#800080\"><font face=\"Times New Roman\"> <\/font><\/font><\/font><\/a><span class=\"MsoHyperlink\"><a href=\"http:\/\/www.iegm.gov.tr\/haberlerduyurular\/Documents\/16_SUBAT_2009_TIBBI_AMACLI_MAMA_LISTESI_KUR1,9595_YAYIN.xls\"><font size=\"3\"><font color=\"#800080\"><font face=\"Times New Roman\">T\u0131bbi Mamalar Fiyat Listesi <\/font><\/font><\/font><\/a><\/span><\/p>\n<p style=\"margin: 0cm 0cm 0pt\" class=\"MsoNormal\"><a href=\"http:\/\/www.iegm.gov.tr\/haberlerduyurular\/Documents\/16_SUBAT_2009_DEPOCU_FIYATLI_ILACLAR_LISTESI_KUR1,9595_YAYIN.xls\"><font face=\"Times New Roman\" size=\"3\" color=\"#800080\">Depocu Fiyatl\u0131 \u0130la\u00e7lar Listesi<\/font><\/a><font face=\"Times New Roman\" size=\"3\"> <\/font><\/p>\n<p><a href=\"http:\/\/www.iegm.gov.tr\/haberlerduyurular\/Documents\/16_SUBAT_2009_DEPOCU_KARI_OLMAYAN_ILAC_LISTESI_KUR1,9595_YAYIN.xls\"><font face=\"Times New Roman\" size=\"3\" color=\"#800080\">Depocu kari olmayan ila\u00e7 Listesi<\/font><\/a><a href=\"http:\/\/www.iegm.gov.tr\/haberlerduyurular\/Documents\/16_SUBAT_2009_ITHALATCI_VEYA_IMALATCI_FIYATI_OLANLAR_KUR1,9595_YAYIN.xls\"><font size=\"3\"><font color=\"#800080\"><font face=\"Times New Roman\"> <\/font><\/font><\/font><\/a><span class=\"MsoHyperlink\"><a href=\"http:\/\/www.iegm.gov.tr\/haberlerduyurular\/Documents\/16_SUBAT_2009_ITHALATCI_VEYA_IMALATCI_FIYATI_OLANLAR_KUR1,9595_YAYIN.xls\"><font face=\"Times New Roman\" size=\"3\" color=\"#800080\">Ithalatc\u0131 veya imalatc\u0131 fiyat\u0131 olan \u00fcr\u00fcnler Listesi<\/font><\/a><a href=\"http:\/\/www.iegm.gov.tr\/haberlerduyurular\/Documents\/16_SUBAT_2009_SERUM_FIYAT_LISTESI%20YENI_KUR1,9595_YAYIN.xls\"><\/a><\/span> <\/p>\n<p style=\"margin: 0cm 0cm 0pt\" class=\"MsoNormal\"><span class=\"MsoHyperlink\"><a href=\"http:\/\/www.iegm.gov.tr\/haberlerduyurular\/Documents\/16_SUBAT_2009_SERUM_FIYAT_LISTESI%20YENI_KUR1,9595_YAYIN.xls\"><font size=\"3\"><font color=\"#800080\"><font face=\"Times New Roman\">Serum Fiyat Listesi <\/font><\/font><\/font><\/a><\/span><\/p>\n","protected":false},"excerpt":{"rendered":"<p>13 \u015eubat 2009 tarihinde yap\u0131lan Fiyat De\u011ferlendirme Komisyonu d\u00f6vizdeki fiyat de\u011fi\u015fikli\u011fi gerek\u00e7esi ile ila\u00e7 fiyatlar\u0131na yakla\u015f\u0131k %8 civar\u0131nda zam yap\u0131ld\u0131.&#46;&#46;&#46;<\/p>\n","protected":false},"author":1,"featured_media":0,"comment_status":"closed","ping_status":"closed","sticky":false,"template":"","format":"standard","meta":{"_jetpack_memberships_contains_paid_content":false,"footnotes":""},"categories":[1],"tags":[],"class_list":["post-3537","post","type-post","status-publish","format-standard","hentry","category-ced"],"aioseo_notices":[],"jetpack_featured_media_url":"","jetpack_sharing_enabled":true,"jetpack-related-posts":[],"_links":{"self":[{"href":"http:\/\/www.ced.org.tr\/index.php?rest_route=\/wp\/v2\/posts\/3537","targetHints":{"allow":["GET"]}}],"collection":[{"href":"http:\/\/www.ced.org.tr\/index.php?rest_route=\/wp\/v2\/posts"}],"about":[{"href":"http:\/\/www.ced.org.tr\/index.php?rest_route=\/wp\/v2\/types\/post"}],"author":[{"embeddable":true,"href":"http:\/\/www.ced.org.tr\/index.php?rest_route=\/wp\/v2\/users\/1"}],"replies":[{"embeddable":true,"href":"http:\/\/www.ced.org.tr\/index.php?rest_route=%2Fwp%2Fv2%2Fcomments&post=3537"}],"version-history":[{"count":0,"href":"http:\/\/www.ced.org.tr\/index.php?rest_route=\/wp\/v2\/posts\/3537\/revisions"}],"wp:attachment":[{"href":"http:\/\/www.ced.org.tr\/index.php?rest_route=%2Fwp%2Fv2%2Fmedia&parent=3537"}],"wp:term":[{"taxonomy":"category","embeddable":true,"href":"http:\/\/www.ced.org.tr\/index.php?rest_route=%2Fwp%2Fv2%2Fcategories&post=3537"},{"taxonomy":"post_tag","embeddable":true,"href":"http:\/\/www.ced.org.tr\/index.php?rest_route=%2Fwp%2Fv2%2Ftags&post=3537"}],"curies":[{"name":"wp","href":"https:\/\/api.w.org\/{rel}","templated":true}]}}