{"id":3538,"date":"2009-02-19T07:13:13","date_gmt":"2009-02-19T05:13:13","guid":{"rendered":"http:\/\/www.ced.org.tr\/?p=3538"},"modified":"2009-02-19T07:13:13","modified_gmt":"2009-02-19T05:13:13","slug":"vefat-ve-bassagligi","status":"publish","type":"post","link":"http:\/\/www.ced.org.tr\/?p=3538","title":{"rendered":"VEFAT VE BA\u015eSA\u011eLI\u011eI"},"content":{"rendered":"<p style=\"margin: 0cm 0cm 0pt\" class=\"MsoNormal\"><font face=\"Times New Roman\" size=\"3\">\u00c7a\u011fda\u015f Eczac\u0131lar Derne\u011fi Y\u00f6netim Kurulu Ba\u015fkan\u0131 ve \u0130stanbul Ecza Koop Y\u00f6netim Kurulu<\/font><\/p>\n<p style=\"margin: 0cm 0cm 0pt\" class=\"MsoNormal\"><font face=\"Times New Roman\" size=\"3\">\u00dcyesi Ecz. Rafet \u015eAH\u0130N&#8217;in (BAHAR ECZANES\u0130\/BAH\u00c7EL\u0130EVLER)\u00a0babas\u0131\u00a0Ekrem \u015eAH\u0130N\u00a0vefat etmi\u015ftir. Cenazesi bug\u00fcn(19 \u015eubat 2009) ikindi namaz\u0131ndan sonra<\/font><\/p>\n<p style=\"margin: 0cm 0cm 0pt\" class=\"MsoNormal\"><font face=\"Times New Roman\" size=\"3\">Fatih\u00a0Camii&#8217;nden kald\u0131r\u0131lacak, Zincirlikuyu mezarl\u0131\u011f\u0131nda defnedilecektir. Merhuma, tanr\u0131dan rahmet, yak\u0131nlar\u0131na ba\u015fsa\u011fl\u0131\u011f\u0131 dileriz.<\/font><\/p>\n","protected":false},"excerpt":{"rendered":"<p>\u00c7a\u011fda\u015f Eczac\u0131lar Derne\u011fi Y\u00f6netim Kurulu Ba\u015fkan\u0131 ve \u0130stanbul Ecza Koop Y\u00f6netim Kurulu \u00dcyesi Ecz. Rafet \u015eAH\u0130N&#8217;in (BAHAR ECZANES\u0130\/BAH\u00c7EL\u0130EVLER)\u00a0babas\u0131\u00a0Ekrem \u015eAH\u0130N\u00a0vefat etmi\u015ftir.&#46;&#46;&#46;<\/p>\n","protected":false},"author":1,"featured_media":0,"comment_status":"closed","ping_status":"closed","sticky":false,"template":"","format":"standard","meta":{"_jetpack_memberships_contains_paid_content":false,"footnotes":""},"categories":[1],"tags":[],"class_list":["post-3538","post","type-post","status-publish","format-standard","hentry","category-ced"],"aioseo_notices":[],"jetpack_featured_media_url":"","jetpack_sharing_enabled":true,"jetpack-related-posts":[],"_links":{"self":[{"href":"http:\/\/www.ced.org.tr\/index.php?rest_route=\/wp\/v2\/posts\/3538","targetHints":{"allow":["GET"]}}],"collection":[{"href":"http:\/\/www.ced.org.tr\/index.php?rest_route=\/wp\/v2\/posts"}],"about":[{"href":"http:\/\/www.ced.org.tr\/index.php?rest_route=\/wp\/v2\/types\/post"}],"author":[{"embeddable":true,"href":"http:\/\/www.ced.org.tr\/index.php?rest_route=\/wp\/v2\/users\/1"}],"replies":[{"embeddable":true,"href":"http:\/\/www.ced.org.tr\/index.php?rest_route=%2Fwp%2Fv2%2Fcomments&post=3538"}],"version-history":[{"count":0,"href":"http:\/\/www.ced.org.tr\/index.php?rest_route=\/wp\/v2\/posts\/3538\/revisions"}],"wp:attachment":[{"href":"http:\/\/www.ced.org.tr\/index.php?rest_route=%2Fwp%2Fv2%2Fmedia&parent=3538"}],"wp:term":[{"taxonomy":"category","embeddable":true,"href":"http:\/\/www.ced.org.tr\/index.php?rest_route=%2Fwp%2Fv2%2Fcategories&post=3538"},{"taxonomy":"post_tag","embeddable":true,"href":"http:\/\/www.ced.org.tr\/index.php?rest_route=%2Fwp%2Fv2%2Ftags&post=3538"}],"curies":[{"name":"wp","href":"https:\/\/api.w.org\/{rel}","templated":true}]}}