{"id":3543,"date":"2009-02-27T15:26:00","date_gmt":"2009-02-27T13:26:00","guid":{"rendered":"http:\/\/www.ced.org.tr\/?p=3543"},"modified":"2009-02-27T15:26:00","modified_gmt":"2009-02-27T13:26:00","slug":"arastirma-gorevlilerinden-ilgili-tum-kesimlere-davet","status":"publish","type":"post","link":"http:\/\/www.ced.org.tr\/?p=3543","title":{"rendered":"ARA\u015eTIRMA G\u00d6REVL\u0130LER\u0130NDEN \u0130LG\u0130L\u0130 T\u00dcM KES\u0130MLERE DAVET"},"content":{"rendered":"<p style=\"margin: 0cm 0cm 0pt\" class=\"MsoNormal\"><font face=\"Times New Roman\" size=\"3\">5 Mart 2009 Per\u015fembe tarihinde Anayasada tan\u0131mlanan \u00e7izgi dahilinde \u00fcniversite \u00f6zerkli\u011fini ve \u00fcniversite mensuplar\u0131n\u0131n i\u015f g\u00fcvencesini savunmak \u00fczere \u0130stanbul \u00dcniversitesi&#8217;nde bilimsel \u00e7al\u0131\u015fmalar\u0131m\u0131z\u0131 gece boyu s\u00fcrd\u00fcrme karar\u0131 alm\u0131\u015f bulunuyoruz. Bu gece boyunca \u0130stanbul \u00dcniversitesi&#8217;nde \u00e7al\u0131\u015fan ara\u015ft\u0131rma g\u00f6revlilerini yaln\u0131z b\u0131rakmamak, \u00fcniversite y\u00f6neticilerimize, \u00f6\u011fretim \u00fcyelerine, sendikalara, meslek \u00f6rg\u00fctlerimize d\u00fc\u015fen en b\u00fcy\u00fck g\u00f6revdir. Bizler sadece kendi gelece\u011fimizi de\u011fil, i\u015f g\u00fcvencemiz ba\u011flam\u0131nda T\u00fcrkiye&#8217;nin \u00fcniversite sisteminin gelece\u011fini de savunmaktay\u0131z. Bu sebeple 5 Mart 2009 tarihinde saat 19:30&#8217;da Merkez Kamp\u00fcs \u00f6n\u00fcnde bulu\u015fmaya ilgili t\u00fcm kesim ve kurulu\u015flar\u0131 davet ederiz.<\/p>\n<p>\u00a0\u00a0\u00a0\u00a0\u00a0\u00a0\u00a0\u00a0\u00a0\u00a0\u00a0\u00a0\u00a0\u00a0\u00a0\u00a0\u00a0\u00a0\u00a0\u00a0\u00a0\u00a0\u00a0\u00a0\u00a0\u00a0\u00a0\u00a0\u00a0\u00a0\u00a0\u00a0\u00a0\u00a0\u00a0\u00a0\u00a0\u00a0\u00a0\u00a0\u00a0\u00a0\u00a0\u00a0\u00a0\u00a0\u00a0\u00a0\u00a0\u00a0\u00a0\u00a0\u00a0\u00a0\u00a0\u00a0\u00a0\u00a0\u00a0\u00a0\u00a0\u00a0\u00a0\u00a0\u00a0\u00a0\u0130stanbul \u00dcniversitesi Ara\u015ft\u0131rma G\u00f6revlisi Temsilciler Kurulu<\/p>\n<p>Program:<\/p>\n<p>16:30 Ara\u00e7 Kap\u0131s\u0131 \u00f6n\u00fcnde bulu\u015fma<\/font><\/p>\n<p style=\"margin: 0cm 0cm 0pt\" class=\"MsoNormal\"><font face=\"Times New Roman\" size=\"3\">17:10 Hukuk Amfi 1&#8217;e giri\u015f ve &#8220;a\u00e7\u0131k k\u00fcrs\u00fc&#8221;<\/font><\/p>\n<p style=\"margin: 0cm 0cm 0pt\" class=\"MsoNormal\"><font face=\"Times New Roman\" size=\"3\">18:30 &#8220;50\/d&#8217;liler&#8221; filminin g\u00f6sterimi<\/font><\/p>\n<p style=\"margin: 0cm 0cm 0pt\" class=\"MsoNormal\"><font face=\"Times New Roman\" size=\"3\">19:30 Bas\u0131n A\u00e7\u0131klamas\u0131; meslek \u00f6rg\u00fctleri, sendikalar, \u00f6\u011frenciler ile Merkez Kampus ana kap\u0131s\u0131nda kamuoyunu bilgilendirme<\/font><\/p>\n<p style=\"margin: 0cm 0cm 0pt\" class=\"MsoNormal\"><font face=\"Times New Roman\" size=\"3\">20:30 Amfi 1&#8217;e geri d\u00f6n\u00fc\u015f ve ak\u015fam yeme\u011fi<\/font><\/p>\n<p style=\"margin: 0cm 0cm 0pt\" class=\"MsoNormal\"><font face=\"Times New Roman\" size=\"3\">21:30 M\u00fczik dinletisi, film g\u00f6sterimi ve &#8220;a\u00e7\u0131k k\u00fcrs\u00fc&#8221;<\/font><\/p>\n<p style=\"margin: 0cm 0cm 0pt\" class=\"MsoNormal\"><font face=\"Times New Roman\" size=\"3\">07:30 Kahvalt\u0131<\/font><\/p>\n<p style=\"margin: 0cm 0cm 0pt\" class=\"MsoNormal\"><font face=\"Times New Roman\" size=\"3\">08:00 Fak\u00fcltelere d\u00f6n\u00fc\u015f<\/font><\/p>\n<p style=\"margin: 0cm 0cm 0pt\" class=\"MsoNormal\"><font face=\"Times New Roman\" size=\"3\">Ayr\u0131nt\u0131l\u0131 bilgi i\u00e7in: <\/font><a href=\"http:\/\/www.anti50d.com\/\" target=\"_blank\"><font face=\"Times New Roman\" size=\"3\" color=\"#16387c\">www.anti50d.com<\/font><\/a><\/p>\n","protected":false},"excerpt":{"rendered":"<p>5 Mart 2009 Per\u015fembe tarihinde Anayasada tan\u0131mlanan \u00e7izgi dahilinde \u00fcniversite \u00f6zerkli\u011fini ve \u00fcniversite mensuplar\u0131n\u0131n i\u015f g\u00fcvencesini savunmak \u00fczere \u0130stanbul \u00dcniversitesi&#8217;nde&#46;&#46;&#46;<\/p>\n","protected":false},"author":1,"featured_media":0,"comment_status":"closed","ping_status":"closed","sticky":false,"template":"","format":"standard","meta":{"_jetpack_memberships_contains_paid_content":false,"footnotes":""},"categories":[1],"tags":[],"class_list":["post-3543","post","type-post","status-publish","format-standard","hentry","category-ced"],"aioseo_notices":[],"jetpack_featured_media_url":"","jetpack_sharing_enabled":true,"jetpack-related-posts":[],"_links":{"self":[{"href":"http:\/\/www.ced.org.tr\/index.php?rest_route=\/wp\/v2\/posts\/3543","targetHints":{"allow":["GET"]}}],"collection":[{"href":"http:\/\/www.ced.org.tr\/index.php?rest_route=\/wp\/v2\/posts"}],"about":[{"href":"http:\/\/www.ced.org.tr\/index.php?rest_route=\/wp\/v2\/types\/post"}],"author":[{"embeddable":true,"href":"http:\/\/www.ced.org.tr\/index.php?rest_route=\/wp\/v2\/users\/1"}],"replies":[{"embeddable":true,"href":"http:\/\/www.ced.org.tr\/index.php?rest_route=%2Fwp%2Fv2%2Fcomments&post=3543"}],"version-history":[{"count":0,"href":"http:\/\/www.ced.org.tr\/index.php?rest_route=\/wp\/v2\/posts\/3543\/revisions"}],"wp:attachment":[{"href":"http:\/\/www.ced.org.tr\/index.php?rest_route=%2Fwp%2Fv2%2Fmedia&parent=3543"}],"wp:term":[{"taxonomy":"category","embeddable":true,"href":"http:\/\/www.ced.org.tr\/index.php?rest_route=%2Fwp%2Fv2%2Fcategories&post=3543"},{"taxonomy":"post_tag","embeddable":true,"href":"http:\/\/www.ced.org.tr\/index.php?rest_route=%2Fwp%2Fv2%2Ftags&post=3543"}],"curies":[{"name":"wp","href":"https:\/\/api.w.org\/{rel}","templated":true}]}}