{"id":3544,"date":"2009-03-02T11:50:38","date_gmt":"2009-03-02T09:50:38","guid":{"rendered":"http:\/\/www.ced.org.tr\/?p=3544"},"modified":"2009-03-02T11:50:38","modified_gmt":"2009-03-02T09:50:38","slug":"vefat-ve-bassagligi-2","status":"publish","type":"post","link":"http:\/\/www.ced.org.tr\/?p=3544","title":{"rendered":"Vefat ve Ba\u015fsa\u011fl\u0131\u011f\u0131"},"content":{"rendered":"<p style=\"margin: 0cm 0cm 0pt\" class=\"MsoNormal\"><font face=\"Times New Roman\" size=\"3\">3 D\u00f6nem Diyarbak\u0131r Eczac\u0131 Odas\u0131 Ba\u015fkanl\u0131\u011f\u0131&#8217;n\u0131 yapm\u0131\u015f olan, \u0130zzetpa\u015fa Eczanesi (\u015ei\u015fli) Sahip ve Mesul M\u00fcd\u00fcr\u00fc Meslekta\u015f\u0131m\u0131z ve sevgili a\u011fabeyimiz Ecz. Bekircan GELEN vefat etmi\u015ftir. Ac\u0131m\u0131z b\u00fcy\u00fckt\u00fcr. Cenazesi 3 Mart 2009 Sal\u0131 g\u00fcn\u00fc \u00f6\u011flen namaz\u0131ndan sonra Atak\u00f6y 5. K\u0131s\u0131m Camii&#8217;nden kald\u0131r\u0131larak Kilyos Mezarl\u0131\u011f\u0131&#8217;nda topra\u011fa verilecektir.<\/p>\n<p>Ailesine, yak\u0131nlar\u0131na ve eczac\u0131 kamuoyuna ba\u015fsa\u011fl\u0131\u011f\u0131 diliyoruz.<\/font><\/p>\n<p style=\"margin: 0cm 0cm 0pt\" class=\"MsoNormal\"><font face=\"Times New Roman\" size=\"3\">\u00c7a\u011fda\u015f Eczac\u0131lar Derne\u011fi<\/font><\/p>\n<p style=\"margin: 0cm 0cm 0pt\" class=\"MsoNormal\"><font face=\"Times New Roman\" size=\"3\">Y\u00f6netim Kurulu<\/font><\/p>\n","protected":false},"excerpt":{"rendered":"<p>3 D\u00f6nem Diyarbak\u0131r Eczac\u0131 Odas\u0131 Ba\u015fkanl\u0131\u011f\u0131&#8217;n\u0131 yapm\u0131\u015f olan, \u0130zzetpa\u015fa Eczanesi (\u015ei\u015fli) Sahip ve Mesul M\u00fcd\u00fcr\u00fc Meslekta\u015f\u0131m\u0131z ve sevgili a\u011fabeyimiz Ecz.&#46;&#46;&#46;<\/p>\n","protected":false},"author":1,"featured_media":0,"comment_status":"closed","ping_status":"closed","sticky":false,"template":"","format":"standard","meta":{"_jetpack_memberships_contains_paid_content":false,"footnotes":""},"categories":[1],"tags":[],"class_list":["post-3544","post","type-post","status-publish","format-standard","hentry","category-ced"],"aioseo_notices":[],"jetpack_featured_media_url":"","jetpack_sharing_enabled":true,"jetpack-related-posts":[],"_links":{"self":[{"href":"http:\/\/www.ced.org.tr\/index.php?rest_route=\/wp\/v2\/posts\/3544","targetHints":{"allow":["GET"]}}],"collection":[{"href":"http:\/\/www.ced.org.tr\/index.php?rest_route=\/wp\/v2\/posts"}],"about":[{"href":"http:\/\/www.ced.org.tr\/index.php?rest_route=\/wp\/v2\/types\/post"}],"author":[{"embeddable":true,"href":"http:\/\/www.ced.org.tr\/index.php?rest_route=\/wp\/v2\/users\/1"}],"replies":[{"embeddable":true,"href":"http:\/\/www.ced.org.tr\/index.php?rest_route=%2Fwp%2Fv2%2Fcomments&post=3544"}],"version-history":[{"count":0,"href":"http:\/\/www.ced.org.tr\/index.php?rest_route=\/wp\/v2\/posts\/3544\/revisions"}],"wp:attachment":[{"href":"http:\/\/www.ced.org.tr\/index.php?rest_route=%2Fwp%2Fv2%2Fmedia&parent=3544"}],"wp:term":[{"taxonomy":"category","embeddable":true,"href":"http:\/\/www.ced.org.tr\/index.php?rest_route=%2Fwp%2Fv2%2Fcategories&post=3544"},{"taxonomy":"post_tag","embeddable":true,"href":"http:\/\/www.ced.org.tr\/index.php?rest_route=%2Fwp%2Fv2%2Ftags&post=3544"}],"curies":[{"name":"wp","href":"https:\/\/api.w.org\/{rel}","templated":true}]}}