{"id":3546,"date":"2009-03-04T13:04:55","date_gmt":"2009-03-04T11:04:55","guid":{"rendered":"http:\/\/www.ced.org.tr\/?p=3546"},"modified":"2009-03-04T13:04:55","modified_gmt":"2009-03-04T11:04:55","slug":"teb-yonetiminden-toplu-istifa","status":"publish","type":"post","link":"http:\/\/www.ced.org.tr\/?p=3546","title":{"rendered":"TEB Y\u00d6NET\u0130M\u0130NDEN TOPLU \u0130ST\u0130FA"},"content":{"rendered":"<p style=\"margin: 0cm 0cm 0pt\" class=\"MsoNormal\"><font face=\"Times New Roman\" size=\"3\">13-16 Aral\u0131k 2007 tarihinde yap\u0131lan TEB 36. B\u00fcy\u00fck Kongresinde iki farkl\u0131 grup kat\u0131lm\u0131\u015f ve yap\u0131lan se\u00e7imler sonucunda yeni TEB y\u00f6netimi gruplar\u0131n alt\u0131ya be\u015f oran\u0131nda temsil edildi\u011fi karma bir listeden olu\u015fmu\u015ftu.<\/font><font face=\"Times New Roman\" size=\"3\">\u00a0<\/font> <\/p>\n<p style=\"margin: 0cm 0cm 0pt\" class=\"MsoNormal\"><font face=\"Times New Roman\" size=\"3\">Bir y\u0131l s\u00fcren bu y\u00f6netim s\u00fcreci 3 Mart 2009 tarihi itibari ile son buldu.<\/font><\/p>\n<p><font face=\"Times New Roman\" size=\"3\">\u00a0<\/font> <\/p>\n<p style=\"margin: 0cm 0cm 0pt\" class=\"MsoNormal\"><font face=\"Times New Roman\" size=\"3\">\u00c7a\u011fda\u015f Demokrat Eczac\u0131lar grubu listesinden se\u00e7ilen<\/font><\/p>\n<p style=\"margin: 0cm 0cm 0pt\" class=\"MsoNormal\"><font face=\"Times New Roman\" size=\"3\">Ecz. Sait Y\u00dcCEL<\/font><\/p>\n<p style=\"margin: 0cm 0cm 0pt\" class=\"MsoNormal\"><font face=\"Times New Roman\" size=\"3\">Ecz. Deniz \u0130\u00c7ER<\/font><\/p>\n<p style=\"margin: 0cm 0cm 0pt\" class=\"MsoNormal\"><font face=\"Times New Roman\" size=\"3\">Prof.Dr. Levent \u00dcST\u00dcNES<\/font><\/p>\n<p style=\"margin: 0cm 0cm 0pt\" class=\"MsoNormal\"><font face=\"Times New Roman\" size=\"3\">Ecz. Sabih Tekin \u00c7A\u011eLAR<\/font><\/p>\n<p style=\"margin: 0cm 0cm 0pt\" class=\"MsoNormal\"><font face=\"Times New Roman\" size=\"3\">Ecz. \u00c7a\u011fatay \u00c7AKAR<\/font><\/p>\n<p><font face=\"Times New Roman\" size=\"3\">\u00a0<\/font> <\/p>\n<p style=\"margin: 0cm 0cm 0pt\" class=\"MsoNormal\"><font face=\"Times New Roman\" size=\"3\">TEB Merkez Heyetinden istifa ettiklerini yay\u0131nlad\u0131klar\u0131 bir deklarasyon ile kamuoyuna a\u00e7\u0131klad\u0131lar.<\/font><font face=\"Times New Roman\" size=\"3\">\u00a0<\/font> <\/p>\n<p style=\"margin: 0cm 0cm 0pt\" class=\"MsoNormal\"><font face=\"Times New Roman\" size=\"3\">\u0130stifa gerek\u00e7elerinin yer ald\u0131\u011f\u0131 deklarasyonu\u00a0a\u015fa\u011f\u0131da yay\u0131nl\u0131yoruz.<\/font><\/p>\n<p><strong><font size=\"3\"><font face=\"Times New Roman\">ECZACI KAMUOYUNA !<\/font><\/font><\/strong> <\/p>\n<p style=\"margin: 0cm 0cm 0pt\" class=\"MsoNormal\"><font face=\"Times New Roman\" size=\"3\">Mesle\u011fimiz i\u00e7in tarihi bir d\u00f6n\u00fcm noktas\u0131 olan ve 13-16 Aral\u0131k 2007 tarihinde yap\u0131lan 36. Ola\u011fan B\u00fcy\u00fck Kongremiz, eczac\u0131lar\u0131n mesleki sorunlar\u0131n\u0131 \u00e7\u00f6zmeye aday iki ekibin demokratik yar\u0131\u015f\u0131 \u015feklinde ger\u00e7ekle\u015fmi\u015ftir. Bizler B\u00fcy\u00fck Kongre sonucunu; \u00f6rg\u00fct i\u00e7inde ayr\u0131\u015fma l\u00fcks\u00fc kalmad\u0131\u011f\u0131, grupla\u015fmalar\u0131n farkl\u0131 s\u00fcre\u00e7lerde ya\u015fanmas\u0131 gerekti\u011fi, zaman\u0131n birlik, beraberlik ve b\u00fct\u00fcnle\u015fme zaman\u0131 oldu\u011fu olarak alg\u0131lad\u0131k. Ancak ya\u015fad\u0131\u011f\u0131m\u0131z geli\u015fmeler B\u00fcy\u00fck Kongre sonu\u00e7lar\u0131n\u0131n \u00f6rg\u00fct\u00fcm\u00fcz\u00fcn tamam\u0131 taraf\u0131ndan ayn\u0131 \u015fekilde alg\u0131lanmad\u0131\u011f\u0131n\u0131 bizlere g\u00f6stermi\u015ftir. Yap\u0131lan ilk Merkez Heyeti toplant\u0131s\u0131n\u0131n ard\u0131ndan yapt\u0131\u011f\u0131m\u0131z 31.Aral\u0131k.2007 tarihli a\u00e7\u0131klamam\u0131zda;<\/font><\/p>\n<p style=\"margin: 0cm 0cm 0pt\" class=\"MsoNormal\"><font face=\"Times New Roman\" size=\"3\">Her t\u00fcrl\u00fc ayr\u0131mc\u0131l\u0131\u011fa ve d\u0131\u015flama tav\u0131rlar\u0131na kar\u015f\u0131n inatla ve \u0131srarla; g\u00fc\u00e7l\u00fc ve etkin bir T\u00fcrk Eczac\u0131lar\u0131 Birli\u011fi Merkez Heyeti, eczac\u0131l\u0131k mesle\u011finin son d\u00f6nemde ya\u015fad\u0131\u011f\u0131 hak kay\u0131plar\u0131n\u0131 engelleyecek ve geri alacak kararl\u0131 bir yap\u0131 olu\u015fturulmas\u0131 ve meslekta\u015flar\u0131m\u0131z\u0131n ortak iradesi ve hedeflerimiz do\u011frultusunda \u00e7al\u0131\u015faca\u011f\u0131m\u0131z\u0131,<\/font><\/p>\n<p><font face=\"Times New Roman\" size=\"3\">\u00a0<\/font> <\/p>\n<p style=\"margin: 0cm 0cm 0pt\" class=\"MsoNormal\"><font face=\"Times New Roman\" size=\"3\">B\u00fcy\u00fck Kongre&#8217;den ald\u0131\u011f\u0131m\u0131z g\u00f6rev ve yetki ile \u00f6rg\u00fct\u00fcm\u00fcz\u00fc bask\u0131 ve vesayet alt\u0131nda g\u00f6sterecek her t\u00fcrl\u00fc giri\u015fime kar\u015f\u0131 en \u015fiddetli refleksleri g\u00f6sterece\u011fimizi, <\/font><\/p>\n<p style=\"margin: 0cm 0cm 0pt\" class=\"MsoNormal\"><font face=\"Times New Roman\" size=\"3\">Eczac\u0131lar olarak ya\u015famak ve ya\u015fatmak i\u00e7in kararl\u0131l\u0131\u011f\u0131m\u0131zdan asla \u00f6d\u00fcn vermeyece\u011fimizi, <br \/>B\u00fcy\u00fck Kongre\u2019den ald\u0131\u011f\u0131m\u0131z yetki gere\u011fince, sizlerle payla\u015ft\u0131\u011f\u0131m\u0131z \u00e7al\u0131\u015fma program\u0131 do\u011frultusunda, do\u011fru olan her i\u015fin ya\u015fama ge\u00e7irilmesi i\u00e7in ve ortak ak\u0131l\u0131n ger\u00e7ekle\u015fmesi konusunda \u00e7aba harcayaca\u011f\u0131m\u0131z\u0131, <\/font><\/p>\n<p><font face=\"Times New Roman\" size=\"3\">\u00a0<\/font> <\/p>\n<p style=\"margin: 0cm 0cm 0pt\" class=\"MsoNormal\"><font face=\"Times New Roman\" size=\"3\">Ancak; \u00fclkemiz, \u00fclke insan\u0131m\u0131z, mesle\u011fimiz ve meslekta\u015flar\u0131m\u0131z i\u00e7in tehdit olu\u015fturan her konuda t\u00fcm g\u00fcc\u00fcm\u00fczle kar\u015f\u0131 duraca\u011f\u0131m\u0131z\u0131 eczac\u0131 kamuoyu ile payla\u015ft\u0131k.<\/font><\/p>\n<p style=\"margin: 0cm 0cm 0pt\" class=\"MsoNormal\"><font face=\"Times New Roman\" size=\"3\">Genel kurulun b\u00fct\u00fcnle\u015fme mesaj\u0131n\u0131 g\u00f6rmezlikten gelerek ba\u015fkanl\u0131k divan\u0131 olu\u015fumunu \u201calt\u0131 be\u015ften b\u00fcy\u00fckt\u00fcr\u201d anlay\u0131\u015f\u0131 ile ger\u00e7ekle\u015ftiren yakla\u015f\u0131m\u0131n sahipleri, T\u00fcrk Eczac\u0131lar\u0131 Birli\u011fi\u2019nin resmi Internet sitesinde yay\u0131nlad\u0131klar\u0131 cevap ad\u0131 alt\u0131ndaki yaz\u0131da; \u00f6rg\u00fct geleneklerimizde hi\u00e7 g\u00f6r\u00fclmemi\u015f bir \u00fcslup kullanarak, a\u00e7\u0131klamam\u0131za imza atanlara hakarete varan ithamlarda bulunarak, bizleri kendi i\u00e7imizde ikiye b\u00f6lme giri\u015fiminde bulunmu\u015ftur. 6643 Say\u0131l\u0131 Yasan\u0131n amir h\u00fckm\u00fc ile Merkez Heyeti\u2019ni idari ve mali a\u00e7\u0131lardan \u00e7al\u0131\u015fmalar\u0131n\u0131 denetlemek \u00fczere B\u00fcy\u00fck Kongre taraf\u0131ndan g\u00f6revlendirilen ve tarafs\u0131z olmas\u0131 gereken denetleme kurulu, an\u0131lan yaz\u0131y\u0131 inceleyip yasal g\u00f6revini yapmak yerine, g\u00f6rev alan\u0131na girmeyen bir konuda bu deklarasyona imza koyarak, \u00e7o\u011funluktan yana taraf oldu\u011funu, a\u00e7\u0131k\u00e7a ortaya koymu\u015ftur. Bunun kar\u015f\u0131l\u0131\u011f\u0131 olarak da denetleme kurulu \u00fcyeleri TEB \u0130thal \u0130la\u00e7 Birimi, EGA\u015e, FIP ve PGEU temsilcili\u011fi gibi icran\u0131n sorumlulu\u011funda olan bir\u00e7ok konuda g\u00f6rev alm\u0131\u015f ve daha ba\u015ftan denetleme fonksiyonunun zaafa u\u011framas\u0131na yol a\u00e7m\u0131\u015ft\u0131r. <\/font><\/p>\n<p><font face=\"Times New Roman\" size=\"3\">\u00a0<\/font> <\/p>\n<p style=\"margin: 0cm 0cm 0pt\" class=\"MsoNormal\"><font face=\"Times New Roman\" size=\"3\">T\u00fcm bunlar ya\u015fan\u0131rken, Sosyal G\u00fcvenlik Kurumu (SGK) ile 2008 Y\u0131l\u0131 Protokol g\u00f6r\u00fc\u015fmeleri ba\u015flam\u0131\u015f ve eczac\u0131 kamuoyunun ve bizlerin t\u00fcm beklentilerine cevap vermese de genel kabullerimizi i\u00e7eren bir protokol 09.Temmuz.2008 tarihinde imzalanm\u0131\u015ft\u0131r. Bu s\u00fcre\u00e7te bizler, t\u00fcm bilgi ve birikimlerimizi aktard\u0131\u011f\u0131m\u0131z yo\u011fun bir \u00e7al\u0131\u015fma temposu i\u00e7inde, elimizden gelenin en fazlas\u0131n\u0131 ortaya koyarak g\u00f6rev yapt\u0131k. SGK, 9.Temmuz.2008 tarihinde imzalanan protokol\u00fc, Temmuz ay\u0131 sonunda yap\u0131lan Ba\u015fkanlar Dan\u0131\u015fma Kurulu toplant\u0131s\u0131n\u0131n arkas\u0131ndan, 31 Temmuz g\u00fcn\u00fc Eczac\u0131 Odalar\u0131m\u0131z\u0131 ve Eczac\u0131lar\u0131m\u0131z\u0131 ciddi boyutta ma\u011fdur ederek kabul etmi\u015ftir. Ancak protokol\u00fc tam olarak uygulamaya koymam\u0131\u015ft\u0131r. Kurum bu tutumuna gerek\u00e7e olarak ila\u00e7 sanayicilerinin kamu kurum indirimini kar\u015f\u0131lamaya s\u00f6z verdiklerini, ancak daha sonra verdikleri s\u00f6zden vazge\u00e7melerini g\u00f6stermi\u015ftir. \u0130lgin\u00e7tir ki ayn\u0131 yetkililer daha sonraki s\u00fcre\u00e7te ila\u00e7 sanayicilerinin y\u00f6nlendirmesi ve dayatmas\u0131 sonucu Kamu Kurum \u0130ndirimi konusundaki yakla\u015f\u0131mlar\u0131n\u0131 de\u011fi\u015ftirerek sanayicilerle ayn\u0131 \u00fcslubu konu\u015fmaya ba\u015flam\u0131\u015f ve kamu Kurum \u0130ndiriminin sanal oldu\u011fu s\u00f6ylemine ba\u015flam\u0131\u015flard\u0131r. Bizlerin de kat\u0131ld\u0131\u011f\u0131 g\u00f6r\u00fc\u015fme ortamlar\u0131nda KURUM\u2019un eczac\u0131lar a\u00e7\u0131s\u0131ndan bir iyile\u015ftirme yapmak niyetinde olmad\u0131\u011f\u0131, as\u0131l amac\u0131n \u00fc\u00e7 Say\u0131n Bakan taraf\u0131ndan 30.Haziran.2008 tarihinde imzalanan mutabakat metninin yok edilmesi ve bu anlamdaki siyasi sorumlulu\u011fun ortadan kald\u0131r\u0131lmas\u0131 oldu\u011fu anla\u015f\u0131lm\u0131\u015ft\u0131r. Her \u015feye ra\u011fmen ya\u015fanan sorunlar\u0131n eczac\u0131 kamuoyunun beklentileri do\u011frultusunda uzla\u015fma ile \u00e7\u00f6z\u00fclmesi anlay\u0131\u015f\u0131ndan hareketle, SGK ile T\u00fcrk Eczac\u0131lar\u0131 Birli\u011fi aras\u0131nda s\u00fcrd\u00fcr\u00fclen bu g\u00f6r\u00fc\u015fme s\u00fcrecine de katk\u0131 vererek \u00e7\u00f6z\u00fcm i\u00e7in t\u00fcm yollar\u0131n denenmesi i\u00e7in aktif olarak g\u00f6rev yapmaya devam ettik.<\/font><\/p>\n<p><font face=\"Times New Roman\" size=\"3\">\u00a0<\/font> <\/p>\n<p style=\"margin: 0cm 0cm 0pt\" class=\"MsoNormal\"><font face=\"Times New Roman\" size=\"3\">G\u00f6r\u00fc\u015fmeler sonucu olu\u015fan protokol tadilat\u0131 tasla\u011f\u0131n\u0131n son hali taraf\u0131m\u0131zdan de\u011ferlendirildi\u011finde, 9.Temmuz.2008 s\u00f6zle\u015fmesi ile kazan\u0131lm\u0131\u015f haklar\u0131n tamam\u0131n\u0131n ortadan kald\u0131r\u0131ld\u0131\u011f\u0131 g\u00f6r\u00fclm\u00fc\u015ft\u00fcr. \u0130ndirimler ile ilgili eczac\u0131n\u0131n u\u011frad\u0131\u011f\u0131 haks\u0131zl\u0131\u011f\u0131 durduran b\u00f6l\u00fcm\u00fcn yok edildi\u011fi, \u00fc\u00e7 Say\u0131n Bakan\u0131n imzas\u0131 ile teminat alt\u0131na al\u0131nan ve Say\u0131n Ba\u015fbakan taraf\u0131ndan kamuoyuna a\u00e7\u0131klanan konularda, Sosyal G\u00fcvenlik Kurumunun s\u00f6zle\u015fmeden kaynaklanan y\u00fck\u00fcml\u00fcl\u00fcklerinin ortadan kald\u0131r\u0131lmaya \u00e7al\u0131\u015f\u0131ld\u0131\u011f\u0131 saptanm\u0131\u015ft\u0131r. Bu \u201cuzla\u015fma\u201d metni temel olarak h\u00fck\u00fcmeti siyasi sorumluluklar\u0131ndan ar\u0131nd\u0131ran h\u00fck\u00fcmlerden olu\u015fmas\u0131 ve bizlerin anlad\u0131\u011f\u0131 anlamda bir uzla\u015fmay\u0131 i\u00e7ermedi\u011finden taraf\u0131m\u0131zdan reddedilmi\u015ftir. Yukar\u0131da a\u00e7\u0131klanan gerek\u00e7eler do\u011frultusunda protokol sonras\u0131 SGK taraf\u0131ndan yap\u0131lan tadilat \u00f6nerilerinin reddedilmesi yolundaki karar\u0131m\u0131z\u0131n 10.Eyl\u00fcl.2008 tarihli Merkez Heyeti toplant\u0131s\u0131nda g\u00fcndem edilmesinin ard\u0131ndan an\u0131lan taslak uzla\u015fma metni toplant\u0131ya kat\u0131lan arkada\u015flar\u0131m\u0131z\u0131n kar\u015f\u0131 oylar\u0131na kar\u015f\u0131n \u201coy \u00e7oklu\u011fu\u201d ile kabul edilmi\u015ftir. <\/font><\/p>\n<p><font face=\"Times New Roman\" size=\"3\">\u00a0<\/font> <\/p>\n<p style=\"margin: 0cm 0cm 0pt\" class=\"MsoNormal\"><font face=\"Times New Roman\" size=\"3\">19.Eyl\u00fcl.2008 tarihli Merkez Heyeti toplant\u0131s\u0131nda \u00f6zellikle protokol g\u00f6r\u00fc\u015fmeleri ba\u015fta olmak \u00fczere son geli\u015fmeler \u00fczerine ya\u015fanan s\u00fcrecin eczac\u0131 \u00f6rg\u00fct\u00fc taraf\u0131ndan de\u011ferlendirilmesi g\u00fcndemi ile \u00e7ok ivedi olarak Ba\u015fkanlar Dan\u0131\u015fma Kurulu yap\u0131lmas\u0131 \u00f6nergemiz de ayn\u0131 yakla\u015f\u0131mla, yani \u201coy \u00e7oklu\u011fu\u201dna dayan\u0131larak ve Oda Ba\u015fkanlar\u0131n\u0131n bayram nedeni ile toplant\u0131ya gelmeyece\u011fi gerek\u00e7esi ile reddedilmi\u015ftir. <\/font><\/p>\n<p style=\"margin: 0cm 0cm 0pt\" class=\"MsoNormal\"><font face=\"Times New Roman\" size=\"3\">29 Eyl\u00fcl 2008 tarihinde 2008 Y\u0131l\u0131 Sa\u011fl\u0131k Uygulama Tebli\u011fi (SUT) yay\u0131nlanm\u0131\u015f ve tebli\u011fde T\u00fcrk Eczac\u0131lar\u0131 Birli\u011fi\u2019nin eczaneler ad\u0131na s\u00f6zle\u015fme yapma yetkisi yok say\u0131lm\u0131\u015f ve eczac\u0131n\u0131n sa\u011fl\u0131k hizmeti i\u00e7indeki yerinin basit bir tedarik\u00e7i konumuna indirgendi\u011fi taraf\u0131m\u0131zdan saptanm\u0131\u015ft\u0131r. Eczac\u0131n\u0131n Meslek Hakk\u0131\u2019n\u0131n kazan\u0131lmas\u0131 m\u00fccadelesinde vazge\u00e7ilmez bir ilk ad\u0131m olan \u201cserbest eczanelerin birinci basamak sa\u011fl\u0131k hizmeti sunucusu olduklar\u0131 y\u00f6n\u00fcndeki g\u00f6r\u00fc\u015f\u00fcm\u00fcz\u201d bir\u00e7ok defalar ve \u00f6nemle g\u00fcndeme getirilerek vurgulanm\u0131\u015f, ancak Merkez Heyeti Ba\u015fkan\u0131 SUT\u2019da yap\u0131lan tan\u0131mlaman\u0131n sevk zinciri anlam\u0131nda yap\u0131ld\u0131\u011f\u0131n\u0131 ileri s\u00fcrm\u00fc\u015f, eczac\u0131l\u0131k mesle\u011fi a\u00e7\u0131s\u0131ndan \u00f6nemli olmad\u0131\u011f\u0131n\u0131 iddia ederek talebimizi ciddiye almam\u0131\u015ft\u0131r. Bu tav\u0131r \u00fczerine taraf\u0131m\u0131zdan yaz\u0131l\u0131 bir \u00f6nerge verilerek konunun Merkez Heyeti g\u00fcndemine al\u0131nmas\u0131 sa\u011flanm\u0131\u015f ve mesle\u011fimiz i\u00e7in ya\u015famsal nitelik ta\u015f\u0131yan bu sorunun \u00e7\u00f6z\u00fcm\u00fc yolunda ilk ad\u0131m ancak zorlanarak at\u0131labilmi\u015ftir. Daha sonra, eczac\u0131 kamuoyu taraf\u0131ndan da dikkatle izlenen s\u00fcre\u00e7te, verdi\u011fimiz yo\u011fun emek ile serbest eczanelerin SUT\u2019da birinci basamak sa\u011fl\u0131k hizmet sunucusu olarak tan\u0131mland\u0131\u011f\u0131 d\u00fczenlemenin yap\u0131lmas\u0131 ve Eczac\u0131n\u0131n Meslek Hakk\u0131\u2019n\u0131n kazan\u0131lmas\u0131 m\u00fccadelesinde \u00e7ok b\u00fcy\u00fck \u00f6nemi olan ilk ad\u0131m\u0131n at\u0131lmas\u0131 ba\u015far\u0131lm\u0131\u015ft\u0131r.<\/font><\/p>\n<p><font face=\"Times New Roman\" size=\"3\">\u00a0<\/font> <\/p>\n<p style=\"margin: 0cm 0cm 0pt\" class=\"MsoNormal\"><font face=\"Times New Roman\" size=\"3\">Protokol krizinin 1 \u015eubat 2009 tarihine ertelendi\u011fi bir ortamda g\u00fcndeme eklenen, serbest eczanelerde eczac\u0131-eczac\u0131 ortakl\u0131\u011f\u0131n\u0131 i\u00e7eren 6197 say\u0131l\u0131 yasa de\u011fi\u015fikli\u011fi, SUT\u2019da yap\u0131lan de\u011fi\u015fiklikler ve ya\u015fanan bir y\u0131\u011f\u0131n olumsuz geli\u015fme \u00f6rg\u00fctte b\u00fcy\u00fck bir tepkiye neden olmu\u015ftu. \u015eanl\u0131urfa\u2019da yap\u0131lan b\u00f6lgeleraras\u0131 toplant\u0131 bu a\u011f\u0131r g\u00fcndemle ger\u00e7ekle\u015fmi\u015f ve t\u00fcm \u00f6rg\u00fct\u00fcn \u00e7\u00f6z\u00fcm i\u00e7in bak\u0131\u015f\u0131n\u0131 Merkez Heyeti\u2019ne y\u00f6neltmesine yol a\u00e7m\u0131\u015ft\u0131.<\/font><\/p>\n<p><font face=\"Times New Roman\" size=\"3\">\u00a0<\/font> <\/p>\n<p style=\"margin: 0cm 0cm 0pt\" class=\"MsoNormal\"><font face=\"Times New Roman\" size=\"3\">\u00d6rg\u00fct\u00fcn Merkez Heyeti\u2019nden bu a\u00e7\u0131k ve kesin beklentisine ra\u011fmen, Merkez Heyeti Ba\u015fkan\u0131 Merkez Heyeti\u2019nin g\u00f6r\u00fc\u015f\u00fcn\u00fc almadan, sadece ki\u015fisel g\u00f6r\u00fc\u015f\u00fcn\u00fc a\u00e7\u0131klad\u0131\u011f\u0131, sorunu g\u00f6rmezden gelen ve \u00e7\u00f6z\u00fcm aray\u0131\u015flar\u0131n\u0131 bloke eden kapan\u0131\u015f konu\u015fmas\u0131nda b\u00fcy\u00fck bir hayal k\u0131r\u0131kl\u0131\u011f\u0131 ve umutsuzluk yaratm\u0131\u015ft\u0131r. Bu son derece umut k\u0131r\u0131c\u0131 durum kar\u015f\u0131s\u0131nda, konuyu g\u00f6r\u00fc\u015fmek \u00fczere bizler merkez heyetinin derhal ola\u011fan\u00fcst\u00fc toplanmas\u0131 sa\u011flad\u0131k. Toplant\u0131da durumun vahameti vurgulanm\u0131\u015f ve Ba\u015fkan\u0131n kapan\u0131\u015f konu\u015fmas\u0131ndaki son derece pasif tavr\u0131na ra\u011fmen, bizlerin \u0131srar\u0131 ve di\u011fer heyet \u00fcyelerinin pasif onay\u0131yla eylem s\u00fcrecinin 21 Aral\u0131k 2008 tarihinde yap\u0131lacak b\u00fcy\u00fck bir uyar\u0131 mitingi ile ba\u015flat\u0131lmas\u0131 karar\u0131 al\u0131nm\u0131\u015ft\u0131r. A\u00e7\u0131klanan bu eylem karar\u0131 t\u00fcm \u00f6rg\u00fct\u00fcn yo\u011fun co\u015fkusuyla kar\u015f\u0131lanm\u0131\u015f ve destek bulmu\u015ftur. <\/font><\/p>\n<p style=\"margin: 0cm 0cm 0pt\" class=\"MsoNormal\"><font face=\"Times New Roman\" size=\"3\">Merkez Heyeti Ba\u015fkan\u0131 kapan\u0131\u015f konu\u015fmas\u0131nda, Oda Ba\u015fkanlar\u0131n\u0131n eylem \u00f6nerilerinin ileri bir tarihte g\u00f6r\u00fc\u015f\u00fcl\u00fcp karar\u0131n daha sonra kendilerine iletilece\u011fini a\u00e7\u0131klayarak, ya\u015famsal sorunlar\u0131m\u0131z\u0131n \u00e7\u00f6z\u00fcm\u00fc i\u00e7in at\u0131lmas\u0131 gereken ad\u0131mlar\u0131 ertelemeye ve hatta zamana yaymaya \u00e7al\u0131\u015fm\u0131\u015ft\u0131r. Ancak, \u00f6rg\u00fct i\u00e7in tarihi nitelik ta\u015f\u0131yan \u00e7ok \u00f6nemli bir eylem karar\u0131n\u0131 bizlerin bask\u0131s\u0131yla yap\u0131lan ola\u011fan\u00fcst\u00fc toplant\u0131da kabul etmek durumunda kalm\u0131\u015f ve bu \u00e7ok \u00f6nemli karar\u0131, yerle\u015fik team\u00fcllerin aksine, kongre kapan\u0131\u015f konu\u015fmas\u0131 yerine gala yeme\u011finde a\u00e7\u0131klamak zorunda kalm\u0131\u015ft\u0131r. \u015eanl\u0131urfa Toplant\u0131s\u0131 bu y\u00f6n\u00fcyle, her zaman hat\u0131rlanacak ve eczac\u0131l\u0131k tarihine ge\u00e7ecek tarihi bir toplant\u0131 niteli\u011fi kazanm\u0131\u015ft\u0131r.<\/font><\/p>\n<p style=\"margin: 0cm 0cm 0pt\" class=\"MsoNormal\"><font face=\"Times New Roman\" size=\"3\">\u015eanl\u0131urfa\u2019da bunlar ya\u015fan\u0131rken Merkez Heyeti \u0130kinci Ba\u015fkan\u0131 belediye ba\u015fkan adayl\u0131\u011f\u0131 ile ilgili se\u00e7im haz\u0131rl\u0131klar\u0131 nedeniyle B\u00f6lgeleraras\u0131 toplant\u0131ya da kat\u0131lmam\u0131\u015f, miting karar\u0131 \u0130kinci Ba\u015fkan\u2019\u0131n imzas\u0131 olmadan karara ba\u011flanm\u0131\u015f ve Merkez Heyeti \u0130kinci Ba\u015fkan\u0131 miting d\u00fczenleme komitesinde bile yer almam\u0131\u015ft\u0131r. Bizler ba\u015fkanl\u0131k divan\u0131nda temsil edilmememize ra\u011fmen mitingin t\u00fcm \u00e7al\u0131\u015fma ve organizasyonlar\u0131nda yo\u011fun \u00e7aba g\u00f6sterdik ve katk\u0131 koyduk. Eczac\u0131 odalar\u0131n\u0131n ve eczac\u0131lar\u0131m\u0131z\u0131n aktif deste\u011fini alan bu hak arama mitingi T\u00fcrk Eczac\u0131l\u0131k tarihine alt\u0131n harflerle ge\u00e7mi\u015ftir. Mitingde t\u00fcm eczac\u0131 odas\u0131 ba\u015fkanlar\u0131 tek tek takdim edilmi\u015f, ancak ikinci ba\u015fkana g\u00f6sterilebilecek tepkiden \u00e7ekinildi\u011fi i\u00e7in T\u00fcrk Eczac\u0131lar\u0131 Birli\u011fi Merkez Heyeti ve Denetleme Kurulu \u00fcyelerinin isimleri tek tek okunmadan topluca takdim edilmi\u015ftir. Bu s\u00fcre\u00e7te, siyasi gelece\u011fine zarar verece\u011fi endi\u015fesiyle eylem s\u00fcrecindeki T\u00fcrk Eczac\u0131lar\u0131 Birli\u011fi \u00e7al\u0131\u015fmalar\u0131na kat\u0131lmayan ikinci ba\u015fkan\u0131n durumunun de\u011ferlendirilmesi 2 Aral\u0131k 2008 tarihinde s\u00f6zl\u00fc olarak anlat\u0131lm\u0131\u015f ancak kabul g\u00f6rmeyince 3 Aral\u0131k 2008 tarihinde yaz\u0131l\u0131 \u00f6nerge ile g\u00fcndem edilmek istenmi\u015ftir. Fakat \u00f6nergemiz alt\u0131 \u00fcyenin oylar\u0131 ile \u00e7e\u015fitli y\u00f6ntemler kullan\u0131larak 13 \u015eubat 2009 tarihine kadar ertelenmi\u015ftir. Bu d\u00f6nemde \u0130kinci Ba\u015fkan\u0131n 36. Ola\u011fan B\u00fcy\u00fck Kongre s\u00fcrecinde siyasal iktidara yak\u0131nl\u0131\u011f\u0131 nedeni ile h\u00fck\u00fcmet nezdinde yapaca\u011f\u0131 giri\u015fimlerle sorunlar\u0131m\u0131z\u0131 \u00e7\u00f6zece\u011fi, 6197 Say\u0131l\u0131 Yasay\u0131 \u00f6rg\u00fct\u00fcn talepleri do\u011frultusunda de\u011fi\u015ftirece\u011fi taahh\u00fctlerinde bulundu\u011fu ve B\u00fcy\u00fck Kongre konu\u015fmas\u0131nda verdi\u011fi s\u00f6zleri bir y\u0131l i\u00e7inde ger\u00e7ekle\u015ftirmemesi durumunda istifa edece\u011fi \u015feklindeki s\u00f6ylemi kendisine ve Merkez Heyeti \u00fcyelerine belgeleri ile hat\u0131rlat\u0131lm\u0131\u015ft\u0131r. Sonu\u00e7 olarak; \u0130kinci Ba\u015fkan\u0131n belediye ba\u015fkan adayl\u0131\u011f\u0131 nedeni ile g\u00f6revini yapmad\u0131\u011f\u0131, T\u00fcrk Eczac\u0131lar\u0131 Birli\u011fi \u0130kinci Ba\u015fkanl\u0131k makam\u0131n\u0131 ki\u015fisel ikbali i\u00e7in kullanarak y\u0131pratt\u0131\u011f\u0131 gerek\u00e7eleri ve Kongre k\u00fcrs\u00fcs\u00fcnde verdi\u011fi s\u00f6zler do\u011frultusunda s\u00f6z\u00fcn\u00fc tutarak ikinci ba\u015fkanl\u0131k g\u00f6revinden istifa etmesi istenmi\u015ftir.<\/font><\/p>\n<p style=\"margin: 0cm 0cm 0pt\" class=\"MsoNormal\"><font face=\"Times New Roman\" size=\"3\">\u00d6n\u00fcm\u00fczdeki g\u00fcnlerin \u00fclkemizde eczac\u0131n\u0131n sa\u011fl\u0131k hizmet sistemi i\u00e7indeki konumunun yeniden yap\u0131land\u0131r\u0131laca\u011f\u0131 kritik bir s\u00fcre\u00e7 olaca\u011f\u0131 belirtilerek, zaten taraf\u0131m\u0131zca y\u00fcr\u00fct\u00fclen \u00e7al\u0131\u015fmalar\u0131n, B\u00fcy\u00fck Kongre e\u011filimini de yans\u0131tan bir yetki ve sorumluluk payla\u015f\u0131m\u0131yla s\u00fcrd\u00fcr\u00fclmesi talep edilmi\u015ftir. 13 \u015eubat 2009 tarihli bu toplant\u0131da ikinci ba\u015fkan, ge\u00e7mi\u015f d\u00f6nemdeki \u00e7al\u0131\u015fmalara kat\u0131lamad\u0131\u011f\u0131 y\u00f6n\u00fcndeki kendisine y\u00f6nelik ele\u015ftirilerin hakl\u0131 oldu\u011funu, ancak bu eksikli\u011fi bundan sonra daha \u00e7ok \u00e7al\u0131\u015farak telafi edece\u011fini beyan etmi\u015ftir. Merkez Heyeti Ba\u015fkan\u0131 ise taraf\u0131m\u0131zca yap\u0131lan \u00e7al\u0131\u015fmalar\u0131n kendileri taraf\u0131ndan Ba\u015fkanl\u0131k Divan\u0131\u2019n\u0131n geriye \u00e7ekilerek \u201cbizlere \u00e7al\u0131\u015fma olana\u011f\u0131 sa\u011fland\u0131\u011f\u0131\u201d i\u00e7in yap\u0131labildi\u011fini iddia ederek mevcut yap\u0131n\u0131n aynen devam edece\u011fini belirtmi\u015f, \u0130kinci Ba\u015fkan\u0131n g\u00f6revi ba\u015f\u0131nda oldu\u011funu ve dolay\u0131s\u0131yla \u00f6nergemiz hakk\u0131nda i\u015flem yap\u0131lmas\u0131na gerek g\u00f6r\u00fclmedi\u011fini a\u00e7\u0131klam\u0131\u015ft\u0131r. Merkez Heyeti Ba\u015fkan\u0131n\u0131n \u201cbiz izin vermeseydik \u00e7al\u0131\u015famazd\u0131n\u0131z, \u00fcretemezdiniz\u201d ifadeleriyle dile getirdi\u011fi insan eme\u011fini hi\u00e7e sayan antidemokratik, haks\u0131z ve umursamaz tavr\u0131 kar\u015f\u0131s\u0131nda bir y\u0131ld\u0131r her \u015feye \u015fahit olan di\u011fer merkez heyeti \u00fcyelerinin sessiz kalmas\u0131n\u0131 da eczac\u0131 kamuoyunun takdirlerine b\u0131rak\u0131yoruz.<\/font><\/p>\n<p style=\"margin: 0cm 0cm 0pt\" class=\"MsoNormal\">\u00a0<\/p>\n<p style=\"margin: 0cm 0cm 0pt\" class=\"MsoNormal\"><font face=\"Times New Roman\" size=\"3\">Nihayet oylamaya ge\u00e7ilebilmi\u015f ve Belediye ba\u015fkan adayl\u0131\u011f\u0131n\u0131n kesinle\u015fmesi nedeniyle bir \u00f6nceki toplant\u0131ya saymanl\u0131ktan istifa etti\u011fi konusundaki dilek\u00e7esini g\u00f6nderen, ancak adayl\u0131\u011f\u0131 kesinle\u015fmesine ra\u011fmen merkez heyeti \u00fcyeli\u011fine devam etme karar\u0131nda olan eski sayman\u0131n da kat\u0131l\u0131p oy kulland\u0131\u011f\u0131 oylamada ikinci ba\u015fkan\u0131n g\u00f6reve devam\u0131 konusunda yine \u201doy \u00e7oklu\u011fu\u201d ile karar al\u0131nm\u0131\u015ft\u0131r. Bu karar\u0131n al\u0131nmas\u0131 ve \u00f6zellikle son toplant\u0131da Merkez Heyeti\u2019nin alt\u0131 \u00fcyesinin bizlerin eme\u011fine sahip \u00e7\u0131kmayan tavr\u0131 sonucunda konuyla ilgili g\u00f6r\u00fc\u015flerimizi a\u00e7\u0131klayan muhalefet \u015ferhi yaz\u0131larak Merkez Heyeti Toplant\u0131s\u0131 terk edilmi\u015ftir.<\/font><\/p>\n<p style=\"margin: 0cm 0cm 0pt\" class=\"MsoNormal\">\u00a0<\/p>\n<p style=\"margin: 0cm 0cm 0pt\" class=\"MsoNormal\"><font face=\"Times New Roman\" size=\"3\">Hakk\u0131nda g\u00f6reve devam karar\u0131 al\u0131nan \u0130kinci Ba\u015fkan bu karar\u0131n ard\u0131ndan t\u00fcm oda ba\u015fkanlar\u0131n\u0131 arayarak bir anlamda \u00f6zele\u015ftiri yapm\u0131\u015f, bir y\u0131ld\u0131r g\u00f6revini ihmal etti\u011fini kabul ederek bundan b\u00f6yle haftan\u0131n en az 3-4 g\u00fcn\u00fc T\u00fcrk Eczac\u0131lar\u0131 Birli\u011fi\u2019nde olaca\u011f\u0131 konusunda yine tutmayaca\u011f\u0131 bir s\u00f6z vermi\u015f ve her t\u00fcrl\u00fc sorunda do\u011frudan kendisini aramalar\u0131n\u0131 talep etmi\u015ftir. Ne gariptir ki aradan birka\u00e7 g\u00fcn ge\u00e7tikten sonra, bu s\u00f6z\u00fcn\u00fc de tutmam\u0131\u015f, Merkez Heyeti ad\u0131nda d\u00fczenleme komitesinde g\u00f6revlendirildi\u011fi Ege Eczac\u0131l\u0131k G\u00fcnleri\u2019ne kat\u0131lmak yerine, ufuktaki yeni siyasal beklentileri i\u00e7in Say\u0131n Cumhurba\u015fkan\u0131\u2019n\u0131n Tanzanya-Kenya Seyahatine kat\u0131lmay\u0131 tercih etmi\u015ftir.<\/font><\/p>\n<p><font face=\"Times New Roman\" size=\"3\">\u00a0<\/font> <\/p>\n<p style=\"margin: 0cm 0cm 0pt\" class=\"MsoNormal\"><font face=\"Times New Roman\" size=\"3\">T\u00fcrk Eczac\u0131lar\u0131 Birli\u011fi ki\u015fisel hesaplar\u0131n yap\u0131laca\u011f\u0131 bir kurum olmad\u0131\u011f\u0131 gibi siyasette mevki kazanmak i\u00e7in kullan\u0131lacak bir atlama tahtas\u0131 da de\u011fildir. Ne yaz\u0131k ki, ya\u015fanan s\u00fcre\u00e7te, T\u00fcrk Eczac\u0131lar\u0131 Birli\u011fi Merkez Heyeti bu t\u00fcr te\u015febb\u00fcslerle y\u0131prat\u0131lm\u0131\u015ft\u0131r. Meslek \u00f6rg\u00fctlerinde g\u00f6revli ki\u015filerin siyasi kimliklerinin \u00f6rg\u00fct y\u00f6neticisi kimliklerinin \u00f6n\u00fcne ge\u00e7ti\u011fi durumlarda, bu y\u00f6neticiler g\u00f6rev yapt\u0131klar\u0131 kurumlar\u0131n sayg\u0131nl\u0131klar\u0131 ad\u0131na istifa m\u00fcessesini \u00e7al\u0131\u015ft\u0131rmak durumundad\u0131rlar. \u0130stifa kavram\u0131 her ne kadar ki\u015fisel bir karar olarak kabul edilse bile, \u00f6rg\u00fct y\u00f6neticili\u011fi ki\u015fisel tercihlerin ikinci planda kald\u0131\u011f\u0131, toplumsal tercihlerin \u00f6ncelendi\u011fi makamlar olarak i\u00e7selle\u015ftirilmelidir. T\u00fcrk Eczac\u0131lar Birli\u011fi\u2019nin ge\u00e7mi\u015fine bak\u0131ld\u0131\u011f\u0131nda siyasi partilerden adayl\u0131\u011f\u0131 kesinle\u015fen ki\u015filer istifa etmi\u015f ve bu yakla\u015f\u0131m da herkes\u00e7e kabul edilen bir gelenek haline gelmi\u015ftir. Bu gelene\u011fin uygulanmamas\u0131n\u0131n \u00f6n\u00fcm\u00fczdeki s\u00fcre\u00e7te T\u00fcrk Eczac\u0131lar\u0131 Birli\u011fi\u2019nin \u00f6rg\u00fctsel yap\u0131s\u0131nda ciddi boyutta zaaflara yol a\u00e7aca\u011f\u0131 a\u00e7\u0131kt\u0131r. Bu yakla\u015f\u0131mdan hareketle siyasi partilerden adayl\u0131\u011f\u0131 kesinle\u015fen merkez heyeti \u00fcyelerinin bug\u00fcne kadar oldu\u011fu gibi bug\u00fcnden sonra da bu gelene\u011fe uygun davranmalar\u0131 gerekmektedir.<\/font><\/p>\n<p><font face=\"Times New Roman\" size=\"3\">\u00a0<\/font> <\/p>\n<p style=\"margin: 0cm 0cm 0pt\" class=\"MsoNormal\"><font face=\"Times New Roman\" size=\"3\">Eczac\u0131l\u0131k mesle\u011finin i\u00e7inde bulundu\u011fu olumsuz ko\u015fullar nedeniyle, \u00f6rg\u00fct\u00fc gereksiz bir karma\u015fa i\u00e7ine s\u00fcr\u00fcklememek, mesle\u011fi tehdit eden unsurlara kar\u015f\u0131 b\u00f6l\u00fcnm\u00fc\u015f ve zafiyet sergileyen bir g\u00f6r\u00fcnt\u00fc vermemek ad\u0131na b\u00fcy\u00fck bir \u00f6zveri ve gayretle \u00e7al\u0131\u015f\u0131lm\u0131\u015ft\u0131r. T\u00fcm bu s\u0131k\u0131nt\u0131lar ta\u015f\u0131d\u0131\u011f\u0131m\u0131z sorumluluk gere\u011fi bu g\u00fcne kadar eczac\u0131 kamuoyu ile payla\u015f\u0131lmam\u0131\u015ft\u0131r. Ortaya \u00e7\u0131kan bir\u00e7ok olumsuzluk zor ko\u015fullarda verilen m\u00fccadeleyle engellenmi\u015f ve bir\u00e7ok tehdit ve hatan\u0131n \u00f6n\u00fcne ge\u00e7ilmesi sa\u011flanm\u0131\u015ft\u0131r. Ya\u015fanan s\u00fcre\u00e7te tek tarafl\u0131 olu\u015fturulan Ba\u015fkanl\u0131k Divan\u0131\u2019n\u0131n ciddi y\u00f6netim zafiyetine ba\u011fl\u0131 olarak ortaya \u00e7\u0131kan bir\u00e7ok olumsuz durumu meslekta\u015flar\u0131m\u0131z\u0131n ve T\u00fcrk Eczac\u0131lar\u0131 Birli\u011fi\u2019nin kurumsal kimli\u011finin zarar g\u00f6rmemesi ad\u0131na d\u00fczeltmek \u00fczere \u00e7aba g\u00f6sterdik.\u00a0 \u00d6ncelikli olarak TEB Merkez Heyeti, Eczac\u0131 Odalar\u0131m\u0131z ve Eczac\u0131lar\u0131m\u0131z\u0131n b\u00fct\u00fcnl\u00fc\u011f\u00fcn\u00fc sa\u011flamaya \u00e7abalad\u0131k.<\/font><\/p>\n<p><font face=\"Times New Roman\" size=\"3\">\u00a0<\/font> <\/p>\n<p style=\"margin: 0cm 0cm 0pt\" class=\"MsoNormal\"><font face=\"Times New Roman\" size=\"3\">Merkez Heyetinde her \u00f6nemli konuda \u201coylama y\u00f6ntemi\u201dnin kullan\u0131lmas\u0131 son derecede dikkat edilmesi gereken tehlikeli bir olgudur. Bu davran\u0131\u015f \u015fekli, heyet \u00e7al\u0131\u015fmalar\u0131nda ortak \u00fcretim, payla\u015f\u0131m ve kat\u0131l\u0131m s\u00f6ylemlerinin s\u00f6zde kald\u0131\u011f\u0131n\u0131; birlik ve beraberlik gibi kavramlar\u0131n ancak rutin i\u015flerle ilgili kararlarda ge\u00e7erli oldu\u011funu, ya\u015famsal \u00f6neme sahip konularda say\u0131sal \u00fcst\u00fcnl\u00fck yakla\u015f\u0131m\u0131n\u0131n uyguland\u0131\u011f\u0131n\u0131 a\u00e7\u0131k\u00e7a g\u00f6stermi\u015ftir.<\/font><\/p>\n<p><font face=\"Times New Roman\" size=\"3\">\u00a0<\/font> <\/p>\n<p style=\"margin: 0cm 0cm 0pt\" class=\"MsoNormal\"><font face=\"Times New Roman\" size=\"3\">Ya\u015famsal \u00f6neme sahip konularda say\u0131sal \u00fcst\u00fcnl\u00fc\u011fe dayal\u0131 \u201coylama y\u00f6ntemi\u201dnin bizleri getirdi\u011fi nokta ve nihayetinde taban\u0131ndan gelen sesleri dikkate almayan y\u00f6netimlerin \u00f6rg\u00fct\u00fc ta\u015f\u0131d\u0131\u011f\u0131 ortam bug\u00fcn en ac\u0131 sonu\u00e7lar\u0131 ile ortadad\u0131r. \u0130\u00e7inde bulundu\u011fumuz ola\u011fan\u00fcst\u00fc s\u00fcreci a\u015fma konusunda gerekli iradenin ya\u015fama ge\u00e7irilmedi\u011fi, radikal karar al\u0131p uygulama yerine g\u00fcn\u00fc kurtarma anlay\u0131\u015f\u0131n\u0131n egemen oldu\u011fu bir y\u00f6netim anlay\u0131\u015f\u0131 ile i\u015f \u00fcretme \u015fans\u0131 kalmad\u0131\u011f\u0131 ortaya \u00e7\u0131km\u0131\u015ft\u0131r.<\/font><\/p>\n<p><font face=\"Times New Roman\" size=\"3\">\u00a0<\/font> <\/p>\n<p style=\"margin: 0cm 0cm 0pt\" class=\"MsoNormal\"><font face=\"Times New Roman\" size=\"3\">Tek hedefimiz B\u00fcy\u00fck Kongre iradesinin bizlere duydu\u011fu g\u00fcvene lay\u0131k olup mesle\u011fimizi daha g\u00fczel g\u00fcnlere ta\u015f\u0131mak \u00fczere g\u00f6rev yapmak olmu\u015ftur. Bilgi ve birikimimizi eme\u011fimiz ve al\u0131n terimizle harmanlay\u0131p mesle\u011fimize ve meslekta\u015flar\u0131m\u0131za lay\u0131k olmaya \u00e7al\u0131\u015fmaktan ba\u015fka bir amac\u0131m\u0131z olmam\u0131\u015ft\u0131r. Bu d\u00fc\u015f\u00fcnce ve ama\u00e7 u\u011frunda \u00e7al\u0131\u015fan bizlere; izin verdi\u011fini, bizim \u00f6n\u00fcm\u00fcz\u00fc a\u00e7t\u0131\u011f\u0131n\u0131 iddia etmek gibi maksad\u0131n\u0131 a\u015fan ifadelerde bulunmak hi\u00e7 kimsenin inisiyatifinde de\u011fildir. <\/font><\/p>\n<p><font face=\"Times New Roman\" size=\"3\">\u00a0<\/font> <\/p>\n<p style=\"margin: 0cm 0cm 0pt\" class=\"MsoNormal\"><font face=\"Times New Roman\" size=\"3\">Meslekler toplumlara hizmet i\u00e7in var olurlar. Topluma gerek duydu\u011fu hizmeti sunamayan meslekler yok olmaya mahkumdur. Bu ba\u011flamda eczac\u0131l\u0131k mesle\u011fi de insanl\u0131\u011f\u0131n sa\u011flad\u0131\u011f\u0131 geli\u015fime paralel olarak bir evrim ge\u00e7irmekte ve bunun do\u011fal bir sonucu olarak, bug\u00fcn d\u00fcnya \u00f6l\u00e7e\u011finde b\u00fcy\u00fck bir d\u00f6n\u00fc\u015f\u00fcm ya\u015famaktad\u0131r. Mesle\u011fimizin gelece\u011fi bu d\u00f6n\u00fc\u015f\u00fcm\u00fcn ba\u015far\u0131s\u0131na ba\u011fl\u0131 olacakt\u0131r. Bug\u00fcn eczac\u0131l\u0131k mesle\u011fi ile ilgili olarak \u00fclkemizde ya\u015fad\u0131\u011f\u0131m\u0131z a\u011f\u0131r sorunlar\u0131n temelini de ka\u00e7\u0131n\u0131lmaz nitelikteki bu radikal d\u00f6n\u00fc\u015f\u00fcm\u00fcn sanc\u0131lar\u0131 olu\u015fturmaktad\u0131r. Eczac\u0131l\u0131\u011f\u0131n sa\u011fl\u0131k hizmet sistemi i\u00e7inde vazge\u00e7ilmezli\u011fini sa\u011flayacak bu d\u00f6n\u00fc\u015f\u00fcm\u00fc ba\u015farmak her \u015feyden \u00f6nce bilime dayal\u0131 bir vizyon, erdem ve elbirli\u011fi i\u00e7inde \u00e7al\u0131\u015fmay\u0131 gerektirmektedir. Bu a\u00e7\u0131k ger\u00e7e\u011fe ra\u011fmen g\u00f6reve geldi\u011fimiz g\u00fcnden bug\u00fcne kadar ya\u015fanan s\u00fcre\u00e7 de\u011ferlendirilmesi sonucunda Mesle\u011fin gelece\u011fini kurtarmay\u0131 ama\u00e7lamaktansa, T\u00fcrk Eczac\u0131lar\u0131 Birli\u011fi\u2019nin 2009 y\u0131l\u0131nda yap\u0131lacak B\u00fcy\u00fck Kongre se\u00e7imine y\u00f6nelik hesaplar\u0131 \u00f6nceleyen ve her kritik oylamada \u201calt\u0131 be\u015ften b\u00fcy\u00fckt\u00fcr\u201d yakla\u015f\u0131m\u0131n\u0131 sergileyen anlay\u0131\u015f\u0131n h\u00e2kim oldu\u011fu bir yap\u0131da g\u00f6reve devam edilemeyece\u011fi karar\u0131na var\u0131lm\u0131\u015ft\u0131r. Kendimize ve bizleri bu g\u00f6reve lay\u0131k g\u00f6ren \u00f6rg\u00fct\u00fcm\u00fcze olan sayg\u0131m\u0131z gere\u011fi 04.Mart.2009 tarihi itibari ile Merkez Heyeti \u00fcyeli\u011fi g\u00f6revimizden istifa etti\u011fimizi; ila\u00e7, eczac\u0131l\u0131k, halk sa\u011fl\u0131\u011f\u0131 ve \u00f6rg\u00fct\u00fcm\u00fcz\u00fcn bekas\u0131 i\u00e7in t\u00fcm g\u00fcc\u00fcm\u00fcz\u00fc ortaya koymaya devam edece\u011fimizi kamuoyunun bilgilerine sunar\u0131z. <\/font><\/p>\n<p><font face=\"Times New Roman\" size=\"3\">\u00a0<\/font> <\/p>\n<p style=\"margin: 0cm 0cm 0pt\" class=\"MsoNormal\"><font face=\"Times New Roman\" size=\"3\">04 MART 2009 <\/font><\/p>\n<p><font face=\"Times New Roman\" size=\"3\">\u00a0<\/font> <\/p>\n<table border=\"0\" cellspacing=\"0\" cellpadding=\"0\" width=\"564\" class=\"MsoNormalTable\" style=\"width: 564px; height: 89px\">\n<tbody>\n<tr>\n<td width=\"180\" valign=\"top\" style=\"width: 135pt; background-color: transparent; border: #d4d0c8; padding: 0cm\">\n<p style=\"margin: 0cm 0cm 0pt\" class=\"MsoNormal\"><font face=\"Times New Roman\" size=\"3\">Ecz. Sait Y\u00dcCEL<\/font><\/p>\n<\/td>\n<td width=\"216\" valign=\"top\" style=\"width: 162pt; background-color: transparent; border: #d4d0c8; padding: 0cm\">\n<p style=\"margin: 0cm 0cm 0pt\" class=\"MsoNormal\">\u00a0<\/p>\n<\/td>\n<td width=\"216\" valign=\"top\" style=\"width: 162pt; background-color: transparent; border: #d4d0c8; padding: 0cm\">\n<p style=\"margin: 0cm 0cm 0pt\" class=\"MsoNormal\"><font face=\"Times New Roman\" size=\"3\">Prof.Dr. Levent \u00dcST\u00dcNES<\/font><\/p>\n<\/td>\n<\/tr>\n<tr>\n<td width=\"180\" valign=\"top\" style=\"width: 135pt; background-color: transparent; border: #d4d0c8; padding: 0cm\">\n<p style=\"margin: 0cm 0cm 0pt\" class=\"MsoNormal\">\u00a0<\/p>\n<\/td>\n<td width=\"216\" valign=\"top\" style=\"width: 162pt; background-color: transparent; border: #d4d0c8; padding: 0cm\">\n<p style=\"margin: 0cm 0cm 0pt\" class=\"MsoNormal\">\u00a0<\/p>\n<p style=\"margin: 0cm 0cm 0pt\" class=\"MsoNormal\"><font face=\"Times New Roman\" size=\"3\">Ecz. Sabih Tekin \u00c7A\u011eLAR<\/font><\/p>\n<\/td>\n<td width=\"216\" valign=\"top\" style=\"width: 162pt; background-color: transparent; border: #d4d0c8; padding: 0cm\">\n<p style=\"margin: 0cm 0cm 0pt\" class=\"MsoNormal\">\u00a0<\/p>\n<\/td>\n<\/tr>\n<tr>\n<td width=\"180\" valign=\"top\" style=\"width: 135pt; background-color: transparent; border: #d4d0c8; padding: 0cm\">\n<p style=\"margin: 0cm 0cm 0pt\" class=\"MsoNormal\">\u00a0<\/p>\n<p style=\"margin: 0cm 0cm 0pt\" class=\"MsoNormal\"><font face=\"Times New Roman\" size=\"3\">Ecz. \u00c7a\u011fatay \u00c7AKAR<\/font><\/p>\n<\/td>\n<td width=\"216\" valign=\"top\" style=\"width: 162pt; background-color: transparent; border: #d4d0c8; padding: 0cm\">\n<p style=\"margin: 0cm 0cm 0pt\" class=\"MsoNormal\">\u00a0<\/p>\n<\/td>\n<td width=\"216\" valign=\"top\" style=\"width: 162pt; background-color: transparent; border: #d4d0c8; padding: 0cm\">\n<p style=\"margin: 0cm 0cm 0pt\" class=\"MsoNormal\">\u00a0<\/p>\n<p style=\"margin: 0cm 0cm 0pt\" class=\"MsoNormal\"><font face=\"Times New Roman\" size=\"3\">\u00a0Ecz. Deniz \u0130\u00c7ER<\/font><\/p>\n<\/td>\n<\/tr>\n<\/tbody>\n<\/table>\n<p><font face=\"Times New Roman\" size=\"3\">\u00a0<\/font><\/p>\n","protected":false},"excerpt":{"rendered":"<p>13-16 Aral\u0131k 2007 tarihinde yap\u0131lan TEB 36. B\u00fcy\u00fck Kongresinde iki farkl\u0131 grup kat\u0131lm\u0131\u015f ve yap\u0131lan se\u00e7imler sonucunda yeni TEB y\u00f6netimi&#46;&#46;&#46;<\/p>\n","protected":false},"author":1,"featured_media":0,"comment_status":"closed","ping_status":"closed","sticky":false,"template":"","format":"standard","meta":{"_jetpack_memberships_contains_paid_content":false,"footnotes":""},"categories":[1],"tags":[],"class_list":["post-3546","post","type-post","status-publish","format-standard","hentry","category-ced"],"aioseo_notices":[],"jetpack_featured_media_url":"","jetpack_sharing_enabled":true,"jetpack-related-posts":[],"_links":{"self":[{"href":"http:\/\/www.ced.org.tr\/index.php?rest_route=\/wp\/v2\/posts\/3546","targetHints":{"allow":["GET"]}}],"collection":[{"href":"http:\/\/www.ced.org.tr\/index.php?rest_route=\/wp\/v2\/posts"}],"about":[{"href":"http:\/\/www.ced.org.tr\/index.php?rest_route=\/wp\/v2\/types\/post"}],"author":[{"embeddable":true,"href":"http:\/\/www.ced.org.tr\/index.php?rest_route=\/wp\/v2\/users\/1"}],"replies":[{"embeddable":true,"href":"http:\/\/www.ced.org.tr\/index.php?rest_route=%2Fwp%2Fv2%2Fcomments&post=3546"}],"version-history":[{"count":0,"href":"http:\/\/www.ced.org.tr\/index.php?rest_route=\/wp\/v2\/posts\/3546\/revisions"}],"wp:attachment":[{"href":"http:\/\/www.ced.org.tr\/index.php?rest_route=%2Fwp%2Fv2%2Fmedia&parent=3546"}],"wp:term":[{"taxonomy":"category","embeddable":true,"href":"http:\/\/www.ced.org.tr\/index.php?rest_route=%2Fwp%2Fv2%2Fcategories&post=3546"},{"taxonomy":"post_tag","embeddable":true,"href":"http:\/\/www.ced.org.tr\/index.php?rest_route=%2Fwp%2Fv2%2Ftags&post=3546"}],"curies":[{"name":"wp","href":"https:\/\/api.w.org\/{rel}","templated":true}]}}