{"id":3548,"date":"2009-03-06T12:59:01","date_gmt":"2009-03-06T10:59:01","guid":{"rendered":"http:\/\/www.ced.org.tr\/?p=3548"},"modified":"2009-03-06T12:59:01","modified_gmt":"2009-03-06T10:59:01","slug":"arastirma-gorevlileri-eylemde","status":"publish","type":"post","link":"http:\/\/www.ced.org.tr\/?p=3548","title":{"rendered":"ARA\u015eTIRMA G\u00d6REVL\u0130LER\u0130 EYLEMDE"},"content":{"rendered":"<p><img loading=\"lazy\" decoding=\"async\" src=\"images\/stories\/belgeler\/arastirmagorevlileri.jpg\" border=\"0\" alt=\"ara\u015ft\u0131rma g\u00f6revlileri eylemde\" title=\"ara\u015ft\u0131rma g\u00f6revlileri eylemde\" hspace=\"4\" width=\"207\" height=\"243\" align=\"left\" \/> <\/p>\n<p style=\"margin: 0cm 0cm 0pt\" class=\"MsoNormal\"><font face=\"Times New Roman\" size=\"3\">Y\u00d6K\u2019\u00fcn ge\u00e7en y\u0131l y\u00fcr\u00fcrl\u00fc\u011fe giren y\u00f6netmeli\u011fiyle i\u015f g\u00fcvencelerinin ortadan kald\u0131r\u0131ld\u0131\u011f\u0131n\u0131 belirten 600 ara\u015ft\u0131rma g\u00f6revlisi, \u0130stanbul \u00dcniversitesi\u2019ni terk etmeme eylemi ba\u015flatt\u0131.<\/font><\/p>\n<p><font face=\"Times New Roman\" size=\"3\">\u00a0<\/font> <\/p>\n<p style=\"margin: 0cm 0cm 0pt\" class=\"MsoNormal\"><font face=\"Times New Roman\" size=\"3\">\u0130stanbul \u00dcniversitesi\u2019nde (\u0130\u00dc) \u00e7al\u0131\u015fan yakla\u015f\u0131k 600 ara\u015ft\u0131rma g\u00f6revlisi, Y\u00d6K\u2019\u00fcn ge\u00e7en y\u0131l y\u00fcr\u00fcrl\u00fc\u011fe giren y\u00f6netmeli\u011finin \u201ci\u015f g\u00fcvencelerini ortadan kald\u0131rd\u0131\u011f\u0131\u201d gerek\u00e7esiyle \u201c\u00fcniversiteyi terk etmeme\u201d eylemi ba\u015flatt\u0131.<\/font><\/p>\n<p style=\"margin: 0cm 0cm 0pt\" class=\"MsoNormal\"><font size=\"3\"><font face=\"Times New Roman\">\u0130stanbul \u00dcniversitesi Hukuk Fak\u00fcltesi Ara\u015ft\u0131rma G\u00f6revlisi Bark\u0131n Asal, kendilerini i\u015fsizlikle y\u00fcz y\u00fcze b\u0131rakan bu s\u00fcrecin ortadan kald\u0131r\u0131lmas\u0131n\u0131, 31 Temmuz 2008 \u00f6ncesi uygulamaya geri d\u00f6n\u00fclmesini istedi.<br \/><\/font><\/font><\/p>\n<p><font size=\"3\" \/><font face=\"Times New Roman\" \/><\/p>\n<p style=\"margin: 0cm 0cm 0pt\" class=\"MsoNormal\"><strong>\u2018Bizi ma\u011fdur etti\u2019<\/strong><\/p>\n<p><\/font><\/font><\/p>\n<p style=\"margin: 0cm 0cm 0pt\" class=\"MsoNormal\"><font face=\"Times New Roman\" size=\"3\">\u0130\u00dc Siyasal Bilgiler Fak\u00fcltesi Yerle\u015fkesi\u2019nde toplanan ara\u015ft\u0131rma g\u00f6revlileri, i\u015f g\u00fcvencelerini ortadan kald\u0131rd\u0131\u011f\u0131n\u0131 \u00f6ne s\u00fcrd\u00fckleri 31 Temmuz 2008 tarihli Y\u00d6K\u2019\u00fcn s\u00f6z konusu y\u00f6netmeli\u011finin, uygulamada kendilerini ma\u011fdur etti\u011fini savundu. <\/font><\/p>\n<p style=\"margin: 0cm 0cm 0pt\" class=\"MsoNormal\"><font face=\"Times New Roman\" size=\"3\">Grup ad\u0131na bir a\u00e7\u0131klama yapan \u0130\u00dc Hukuk Fak\u00fcltesi Ara\u015ft\u0131rma G\u00f6revlisi Bark\u0131n Asal, 2547 say\u0131l\u0131 kanunun 50\/D maddesine g\u00f6re, lisans\u00fcst\u00fc e\u011fitime ba\u011fl\u0131 olarak istihdam edildiklerini belirtti. <br \/>Asal, \u00fcniversiteye ilk atamalar\u0131n\u0131n bir y\u0131ll\u0131\u011f\u0131na yap\u0131ld\u0131\u011f\u0131n\u0131 belirterek, bu atamalar\u0131n doktora e\u011fitimi bitene kadar da birer y\u0131ll\u0131k s\u00fcreler i\u00e7in tekrar etti\u011fini ifade etti. <\/font><\/p>\n<p style=\"margin: 0cm 0cm 0pt\" class=\"MsoNormal\"><font face=\"Times New Roman\" size=\"3\">Baz\u0131 arkada\u015flar\u0131n\u0131n ise ayn\u0131 kanunun 33\/A maddesine tabi olarak \u00e7al\u0131\u015ft\u0131klar\u0131n\u0131 anlatan Asal, bu ki\u015filerin ilk atamalar\u0131n\u0131n \u00fc\u00e7 y\u0131ll\u0131k s\u00fcre i\u00e7in yap\u0131ld\u0131\u011f\u0131n\u0131, \u00fc\u00e7 y\u0131l sonra birer y\u0131ll\u0131k s\u00fcreler i\u00e7in de lisans\u00fcst\u00fc e\u011fitime ba\u011fl\u0131 olmaks\u0131z\u0131n yenilendi\u011fini vurgulad\u0131.<\/font><\/p>\n<p style=\"margin: 0cm 0cm 0pt\" class=\"MsoNormal\"><font size=\"3\"><font face=\"Times New Roman\">31 Temmuz 2008 tarihine kadar, 50\/D maddesine g\u00f6re \u00e7al\u0131\u015ft\u0131r\u0131lan ara\u015ft\u0131rma g\u00f6revlilerinin doktoralar\u0131n\u0131 bitirdikten sonra rekt\u00f6rl\u00fcklerin inisiyatifiyle 33\/A kadrosuna ge\u00e7irilebildiklerini anlatan Bark\u0131n Asal \u015f\u00f6yle konu\u015ftu:<\/p>\n<p><strong>\u2018Baz\u0131lar\u0131 i\u015fsiz kald\u0131\u2019<\/strong><\/font><\/font><\/p>\n<p style=\"margin: 0cm 0cm 0pt\" class=\"MsoNormal\"><font face=\"Times New Roman\" size=\"3\">\u201c31 Temmuz 2008\u2019de y\u00fcr\u00fcrl\u00fc\u011fe giren Y\u00d6K y\u00f6netmeli\u011finden sonra ise 33\/A\u2019ya ge\u00e7i\u015fler durduruldu. Doktora e\u011fitimini tamamlayan 50\/D stat\u00fcs\u00fcndeki g\u00f6revlilerin kadrolar\u0131n\u0131n d\u00fc\u015f\u00fcr\u00fclece\u011fi \u00f6n g\u00f6r\u00fcld\u00fc. Bu ki\u015filer i\u00e7in yeni bir kadro ihdas s\u00fcreci ba\u015flat\u0131ld\u0131. Dolay\u0131s\u0131yla doktoras\u0131n\u0131 tamamlayan 50\/D stat\u00fcs\u00fcndeki ara\u015ft\u0131rma g\u00f6revlileri i\u015fsiz kald\u0131.\u201d<\/font><\/p>\n","protected":false},"excerpt":{"rendered":"<p>Y\u00d6K\u2019\u00fcn ge\u00e7en y\u0131l y\u00fcr\u00fcrl\u00fc\u011fe giren y\u00f6netmeli\u011fiyle i\u015f g\u00fcvencelerinin ortadan kald\u0131r\u0131ld\u0131\u011f\u0131n\u0131 belirten 600 ara\u015ft\u0131rma g\u00f6revlisi, \u0130stanbul \u00dcniversitesi\u2019ni terk etmeme eylemi ba\u015flatt\u0131.&#46;&#46;&#46;<\/p>\n","protected":false},"author":1,"featured_media":0,"comment_status":"closed","ping_status":"closed","sticky":false,"template":"","format":"standard","meta":{"_jetpack_memberships_contains_paid_content":false,"footnotes":""},"categories":[1],"tags":[],"class_list":["post-3548","post","type-post","status-publish","format-standard","hentry","category-ced"],"aioseo_notices":[],"jetpack_featured_media_url":"","jetpack_sharing_enabled":true,"jetpack-related-posts":[],"_links":{"self":[{"href":"http:\/\/www.ced.org.tr\/index.php?rest_route=\/wp\/v2\/posts\/3548","targetHints":{"allow":["GET"]}}],"collection":[{"href":"http:\/\/www.ced.org.tr\/index.php?rest_route=\/wp\/v2\/posts"}],"about":[{"href":"http:\/\/www.ced.org.tr\/index.php?rest_route=\/wp\/v2\/types\/post"}],"author":[{"embeddable":true,"href":"http:\/\/www.ced.org.tr\/index.php?rest_route=\/wp\/v2\/users\/1"}],"replies":[{"embeddable":true,"href":"http:\/\/www.ced.org.tr\/index.php?rest_route=%2Fwp%2Fv2%2Fcomments&post=3548"}],"version-history":[{"count":0,"href":"http:\/\/www.ced.org.tr\/index.php?rest_route=\/wp\/v2\/posts\/3548\/revisions"}],"wp:attachment":[{"href":"http:\/\/www.ced.org.tr\/index.php?rest_route=%2Fwp%2Fv2%2Fmedia&parent=3548"}],"wp:term":[{"taxonomy":"category","embeddable":true,"href":"http:\/\/www.ced.org.tr\/index.php?rest_route=%2Fwp%2Fv2%2Fcategories&post=3548"},{"taxonomy":"post_tag","embeddable":true,"href":"http:\/\/www.ced.org.tr\/index.php?rest_route=%2Fwp%2Fv2%2Ftags&post=3548"}],"curies":[{"name":"wp","href":"https:\/\/api.w.org\/{rel}","templated":true}]}}