{"id":3549,"date":"2009-03-06T13:48:25","date_gmt":"2009-03-06T11:48:25","guid":{"rendered":"http:\/\/www.ced.org.tr\/?p=3549"},"modified":"2009-03-06T13:48:25","modified_gmt":"2009-03-06T11:48:25","slug":"8-mart-dunya-emekci-kadinlar-gunu-kutlu-olsun","status":"publish","type":"post","link":"http:\/\/www.ced.org.tr\/?p=3549","title":{"rendered":"8 Mart D\u00fcnya Emek\u00e7i Kad\u0131nlar G\u00fcn\u00fc Kutlu Olsun"},"content":{"rendered":"<p style=\"margin: 0cm 0cm 0pt\" class=\"MsoNormal\"><a href=\"http:\/\/tr.wikipedia.org\/wiki\/8_Mart\" title=\"8 Mart\"><font face=\"Tahoma\" size=\"2\"><img loading=\"lazy\" decoding=\"async\" src=\"images\/stories\/belgeler\/8mart2009.jpg\" border=\"0\" alt=\"8 mart d\u00fcnya kad\u0131nlar g\u00fcn\u00fc\" title=\"8 mart d\u00fcnya kad\u0131nlar g\u00fcn\u00fc\" hspace=\"4\" width=\"292\" height=\"379\" align=\"left\" \/>8 Mart<\/font><\/a><font face=\"Tahoma\" size=\"2\"> <\/font><a href=\"http:\/\/tr.wikipedia.org\/wiki\/1857\" title=\"1857\"><font face=\"Tahoma\" size=\"2\">1857<\/font><\/a><font face=\"Tahoma\" size=\"2\"> tarihinde <\/font><a href=\"http:\/\/tr.wikipedia.org\/wiki\/Amerika_Birle%C5%9Fik_Devletleri\" title=\"Amerika Birle\u015fik Devletleri\"><font face=\"Tahoma\" size=\"2\">ABD<\/font><\/a><font face=\"Tahoma\" size=\"2\">&#8216;nin <\/font><a href=\"http:\/\/tr.wikipedia.org\/wiki\/New_York\" title=\"New York\"><font face=\"Tahoma\" size=\"2\">New York<\/font><\/a><font face=\"Tahoma\" size=\"2\"> kentinde 40.000 dokuma i\u015f\u00e7isi daha iyi \u00e7al\u0131\u015fma ko\u015fullar\u0131 istemiyle bir tekstil fabrikas\u0131nda greve ba\u015flad\u0131. Ancak <\/font><a href=\"http:\/\/tr.wikipedia.org\/wiki\/Polis\" title=\"Polis\"><font face=\"Tahoma\" size=\"2\">polisin<\/font><\/a><font face=\"Tahoma\" size=\"2\"> i\u015f\u00e7ilere sald\u0131rmas\u0131 ve i\u015f\u00e7ilerin fabrikaya kilitlenmesi, arkas\u0131ndan da \u00e7\u0131kan yang\u0131nda i\u015f\u00e7ilerin fabrika \u00f6n\u00fcnde kurulan barikatlardan ka\u00e7amamas\u0131 sonucunda \u00e7o\u011fu kad\u0131n 129 i\u015f\u00e7i can verdi.<\/font><\/p>\n<p style=\"margin: 0cm 0cm 0pt\" class=\"MsoNormal\">\u00a0<\/p>\n<p style=\"margin: 0cm 0cm 0pt\" class=\"MsoNormal\"><font face=\"Tahoma\" size=\"2\">8 Mart, kad\u0131n emek\u00e7ilerin kapitalist d\u00fczene kar\u015f\u0131 verdikleri m\u00fccadelenin bir simgesidir.<\/font><\/p>\n<p style=\"margin: 0cm 0cm 0pt\" class=\"MsoNormal\"><font face=\"Tahoma\" size=\"2\">T\u00fcm d\u00fcnyay\u0131 saran neoliberalizm r\u00fczg\u00e2rlar\u0131, Uluslararas\u0131 Emek\u00e7i Kad\u0131nlar G\u00fcn\u00fc olan 8 Mart\u2019\u0131n da<span>\u00a0 <\/span>i\u00e7ini bo\u015faltmaya \u00e7al\u0131\u015f\u0131yor. <\/font><\/p>\n<p style=\"margin: 0cm 0cm 0pt\" class=\"MsoNormal\">\u00a0<\/p>\n<p style=\"margin: 0cm 0cm 0pt\" class=\"MsoNormal\"><font face=\"Tahoma\" size=\"2\">Oysa erkek egemenli\u011finin yeniden \u00fcreticisi ve s\u00fcrd\u00fcr\u00fcc\u00fcs\u00fc kapitalist sistemin kendisidir. <\/font><\/p>\n<p style=\"margin: 0cm 0cm 0pt\" class=\"MsoNormal\"><font face=\"Tahoma\" size=\"2\">Kad\u0131n\u0131n ezilmesi erke\u011fin do\u011fas\u0131ndan kaynaklanan s\u0131n\u0131flar \u00fcst\u00fc bir sorun de\u011fildir Kad\u0131n sorunu kad\u0131nlarla erkekler aras\u0131ndaki bir \u00e7at\u0131\u015fmaya indirgenmemelidir.<\/font><\/p>\n<p><font face=\"Tahoma\" size=\"2\">\u00a0<\/font> <\/p>\n<p style=\"margin: 0cm 0cm 0pt\" class=\"MsoNormal\"><font face=\"Tahoma\" size=\"2\">Cinsiyet ayr\u0131mc\u0131l\u0131\u011f\u0131n\u0131 yaratan s\u0131n\u0131fl\u0131 toplumun ta kendisidir.<\/font><\/p>\n<p><font face=\"Tahoma\" size=\"2\">\u00a0<\/font> <\/p>\n<p style=\"margin: 0cm 0cm 0pt\" class=\"MsoNormal\" \/><font face=\"Tahoma\" size=\"2\">S\u0131n\u0131flar aras\u0131ndaki fark ne denli b\u00fcy\u00fckse, bu s\u0131n\u0131flara mensup olan kad\u0131nlar\u0131n ya\u015fad\u0131klar\u0131 sorunlar aras\u0131ndaki u\u00e7urumlar da o denli derindir.\u00a0<\/font><font face=\"Tahoma\" size=\"2\" \/>\u00a0 <\/font><\/p>\n<p style=\"margin: 0cm 0cm 0pt\" class=\"MsoNormal\"><font face=\"Tahoma\" size=\"2\">Farkl\u0131 s\u0131n\u0131flardaki kad\u0131nlar\u0131n talepleri ve \u00f6zlemleri de ayn\u0131 de\u011fildir.<\/font><\/p>\n<p><font face=\"Tahoma\" size=\"2\">\u00a0<\/font> <\/p>\n<p style=\"margin: 0cm 0cm 0pt\" class=\"MsoNormal\"><font face=\"Tahoma\" size=\"2\">T\u00fcm kad\u0131nlar\u0131n bar\u0131\u015ftan yana olmas\u0131 gerekirken \u201ckur\u015fun atan\u201d katilleri y\u00fccelten Tansu \u00c7iller, ya da haklar\u0131n\u0131 isteyen emek\u00e7ilerin kafas\u0131na demir yumruk gibi inen Demir Lady Ms. Teacher gibi ba\u015fbakanlar\u0131n, sava\u015f \u00e7\u0131\u011fl\u0131klar\u0131 atan Condorisa Rice gibi d\u0131\u015fi\u015fleri bakanlar\u0131n\u0131n kad\u0131n olmas\u0131 ne i\u015fe yaram\u0131\u015ft\u0131r. <\/font><\/p>\n<p><font face=\"Tahoma\" size=\"2\">\u00a0<\/font> <\/p>\n<p style=\"margin: 0cm 0cm 0pt\" class=\"MsoNormal\"><font face=\"Tahoma\" size=\"2\">Erkek egemen anlay\u0131\u015f\u0131 kendinden \u00f6nceki sistemlerden devralan kapitalizm alt\u0131nda, i\u015f\u00e7i kad\u0131nlar \u00e7ifte s\u00f6m\u00fcr\u00fcye maruz kalmaktad\u0131r.<\/font><\/p>\n<p><font face=\"Tahoma\" size=\"2\">\u00a0<\/font> <\/p>\n<p style=\"margin: 0cm 0cm 0pt\" class=\"MsoNormal\"><font face=\"Tahoma\" size=\"2\">Emek\u00e7i kad\u0131nlar en k\u00f6t\u00fc ko\u015fullarda ve en d\u00fc\u015f\u00fck \u00fccretlerle her t\u00fcrl\u00fc e\u015fitsizli\u011fe maruz kalarak, i\u015fin yan\u0131 s\u0131ra bir de evin y\u00fck\u00fcn\u00fc s\u0131rtlan\u0131p ezilmi\u015fli\u011fi ve s\u00f6m\u00fcr\u00fcy\u00fc katmerli ya\u015far.<\/font><\/p>\n<p><font face=\"Tahoma\" size=\"2\">\u00a0<\/font> <\/p>\n<p style=\"margin: 0cm 0cm 0pt\" class=\"MsoNormal\"><font face=\"Tahoma\" size=\"2\">E\u015fit i\u015fe e\u015fit \u00fccret <\/font><\/p>\n<p style=\"margin: 0cm 0cm 0pt\" class=\"MsoNormal\"><font face=\"Tahoma\" size=\"2\">Sa\u011fl\u0131k ve emeklilik g\u00fcvencesi <\/font><\/p>\n<p style=\"margin: 0cm 0cm 0pt\" class=\"MsoNormal\"><font face=\"Tahoma\" size=\"2\">\u0130\u015fyerlerinde kad\u0131nlara y\u00f6nelik her t\u00fcrl\u00fc negatif ayr\u0131mc\u0131l\u0131\u011fa son verilmesi<\/font><\/p>\n<p style=\"margin: 0cm 0cm 0pt\" class=\"MsoNormal\"><font face=\"Tahoma\" size=\"2\">T\u00fcm i\u015fyerlerine kre\u015f ve \u00e7ocuklar\u0131n ve e\u015flerin de yararlanabilece\u011fi sa\u011fl\u0131k \u00fcnitesi bulunmas\u0131 <\/font><\/p>\n<p style=\"margin: 0cm 0cm 0pt\" class=\"MsoNormal\"><font face=\"Tahoma\" size=\"2\">\u00dccretsiz kre\u015fler, \u00e7ama\u015f\u0131rhaneler, yemekhaneler ile \u00fcretim s\u00fcrecindeki kad\u0131nlar\u0131n s\u0131rtlar\u0131ndaki y\u00fck\u00fcn biraz olsun hafifletilmesi <\/font><\/p>\n<p style=\"margin: 0cm 0cm 0pt\" class=\"MsoNormal\"><font face=\"Tahoma\" size=\"2\">Emek\u00e7i kad\u0131nlar\u0131n talepleridir.<\/font><\/p>\n<p style=\"margin: 0cm 0cm 0pt\" class=\"MsoNormal\"><font face=\"Tahoma\" size=\"2\">Kad\u0131n bedeninin de bir meta olarak g\u00f6r\u00fcld\u00fc\u011f\u00fc kapitalist sistemde, cinsel istismar, t\u00f6re cinayetleri ve cinsel su\u00e7lar\u0131n \u00f6nlenmesi cezai tedbirlerle m\u00fcmk\u00fcn olamamaktad\u0131r. <\/font><\/p>\n<p style=\"margin: 0cm 0cm 0pt\" class=\"MsoNormal\"><font face=\"Tahoma\" size=\"2\">Kad\u0131n sorunun \u00e7\u00f6z\u00fcm\u00fc ancak insan\u0131n insan olarak g\u00f6r\u00fcld\u00fc\u011f\u00fc, \u00f6zg\u00fcr, s\u00f6m\u00fcr\u00fcs\u00fcz, e\u015fitlik\u00e7i ve payla\u015f\u0131mc\u0131 bir toplum ile m\u00fcmk\u00fcnd\u00fcr.<\/font><\/p>\n","protected":false},"excerpt":{"rendered":"<p>8 Mart 1857 tarihinde ABD&#8216;nin New York kentinde 40.000 dokuma i\u015f\u00e7isi daha iyi \u00e7al\u0131\u015fma ko\u015fullar\u0131 istemiyle bir tekstil fabrikas\u0131nda greve&#46;&#46;&#46;<\/p>\n","protected":false},"author":1,"featured_media":0,"comment_status":"closed","ping_status":"closed","sticky":false,"template":"","format":"standard","meta":{"_jetpack_memberships_contains_paid_content":false,"footnotes":""},"categories":[1],"tags":[],"class_list":["post-3549","post","type-post","status-publish","format-standard","hentry","category-ced"],"aioseo_notices":[],"jetpack_featured_media_url":"","jetpack_sharing_enabled":true,"jetpack-related-posts":[],"_links":{"self":[{"href":"http:\/\/www.ced.org.tr\/index.php?rest_route=\/wp\/v2\/posts\/3549","targetHints":{"allow":["GET"]}}],"collection":[{"href":"http:\/\/www.ced.org.tr\/index.php?rest_route=\/wp\/v2\/posts"}],"about":[{"href":"http:\/\/www.ced.org.tr\/index.php?rest_route=\/wp\/v2\/types\/post"}],"author":[{"embeddable":true,"href":"http:\/\/www.ced.org.tr\/index.php?rest_route=\/wp\/v2\/users\/1"}],"replies":[{"embeddable":true,"href":"http:\/\/www.ced.org.tr\/index.php?rest_route=%2Fwp%2Fv2%2Fcomments&post=3549"}],"version-history":[{"count":0,"href":"http:\/\/www.ced.org.tr\/index.php?rest_route=\/wp\/v2\/posts\/3549\/revisions"}],"wp:attachment":[{"href":"http:\/\/www.ced.org.tr\/index.php?rest_route=%2Fwp%2Fv2%2Fmedia&parent=3549"}],"wp:term":[{"taxonomy":"category","embeddable":true,"href":"http:\/\/www.ced.org.tr\/index.php?rest_route=%2Fwp%2Fv2%2Fcategories&post=3549"},{"taxonomy":"post_tag","embeddable":true,"href":"http:\/\/www.ced.org.tr\/index.php?rest_route=%2Fwp%2Fv2%2Ftags&post=3549"}],"curies":[{"name":"wp","href":"https:\/\/api.w.org\/{rel}","templated":true}]}}