{"id":3550,"date":"2009-03-09T10:18:08","date_gmt":"2009-03-09T08:18:08","guid":{"rendered":"http:\/\/www.ced.org.tr\/?p=3550"},"modified":"2009-03-09T10:18:08","modified_gmt":"2009-03-09T08:18:08","slug":"kadikoy-meydani-dun-kadinlari-agirladi","status":"publish","type":"post","link":"http:\/\/www.ced.org.tr\/?p=3550","title":{"rendered":"Kad\u0131k\u00f6y Meydan\u0131 d\u00fcn kad\u0131nlar\u0131 a\u011f\u0131rlad\u0131"},"content":{"rendered":"<p style=\"margin: 0cm 0cm 0pt\" class=\"MsoNormal\"><font face=\"Times New Roman\" size=\"3\"><img loading=\"lazy\" decoding=\"async\" src=\"images\/stories\/belgeler\/8mart20091.jpg\" border=\"0\" alt=\"emek\u00e7i kad\u0131nlar g\u00fcn\u00fc\" title=\"emek\u00e7i kad\u0131nlar g\u00fcn\u00fc\" hspace=\"4\" width=\"232\" height=\"174\" align=\"left\" \/>Kad\u0131k\u00f6y\u2019de bulu\u015fan binlerce kad\u0131n, \u2018S\u00f6yleyecek s\u00f6z\u00fcm\u00fcz, de\u011fi\u015ftirecek g\u00fcc\u00fcm\u00fcz var\u2019 diyerek, bar\u0131\u015f, adalet ve \u00f6zg\u00fcrl\u00fck taleplerinde bulundu. T\u00fcrk, K\u00fcrt, i\u015f\u00e7i, emek\u00e7i, ev kad\u0131n\u0131, grevci on bin kad\u0131n, giydi\u011fi k\u0131yafetlerle Kad\u0131k\u00f6y Meydan\u0131\u2019na renk c\u00fcmb\u00fc\u015f\u00fc ya\u015fatt\u0131. <br \/>Sabah saatlerinde Tepe Nautilus \u00f6n\u00fcnde bir araya gelen binlerce kad\u0131n, \u0130stanbul 8 Mart Kad\u0131n Platformu\u2019nun, \u201cBiz kad\u0131nlar, erkek egemen sisteme kar\u015f\u0131 direniyoruz, \u0131srarl\u0131y\u0131z\u201d pankart\u0131yla y\u00fcr\u00fcy\u00fc\u015fe ge\u00e7ti.<\/font><\/p>\n<p style=\"margin: 0cm 0cm 0pt\" class=\"MsoNormal\"><font face=\"Times New Roman\" size=\"3\">Tepe Nautilus \u00f6n\u00fcnden Kad\u0131k\u00f6y \u0130skele Meydan\u0131\u2019na kadar y\u00fcr\u00fcyen kad\u0131nlar, s\u0131k s\u0131k \u201cYa\u015fas\u0131n 8 Mart, ya\u015fas\u0131n kavga\u201d, \u201cKrizin bedelini \u00f6demeyece\u011fiz\u201d, \u201cKimsenin namusu olmayaca\u011f\u0131z\u201d sloganlar\u0131n\u0131 att\u0131lar. Yo\u011fun polis ablukas\u0131 alt\u0131nda alana giren kad\u0131nlar tek tek arand\u0131lar. <\/font><\/p>\n<p style=\"margin: 0cm 0cm 0pt\" class=\"MsoNormal\"><strong><font face=\"Times New Roman\" size=\"3\">\u015e\u0130DDET KI\u015eKIRTILIYOR<\/font><\/strong><\/p>\n<p style=\"margin: 0cm 0cm 0pt\" class=\"MsoNormal\"><font face=\"Times New Roman\" size=\"3\">T\u00fcrk\u00e7e ve K\u00fcrt\u00e7e yap\u0131lan konu\u015fmalarda, \u015fiddetin h\u00e2l\u00e2 devam etti\u011fi belirtilerek, evde, sokakta, i\u015fyerinde dur durak bilmedi\u011fi; cezas\u0131z b\u0131rak\u0131lan, me\u015fru say\u0131lan, \u00fcst\u00fc \u00f6rt\u00fclen her t\u00fcrl\u00fc \u015fiddet, bask\u0131, yasak ve s\u00f6m\u00fcr\u00fcn\u00fcn yeni \u015fiddetleri k\u0131\u015fk\u0131rtt\u0131\u011f\u0131 vurguland\u0131. Kad\u0131nlar\u0131n a\u011f\u0131rl\u0131kl\u0131 \u00e7al\u0131\u015ft\u0131\u011f\u0131 ev eksenli \u00e7al\u0131\u015fma alan\u0131yla ilgili d\u00fczenlemelerin b\u00fct\u00fcnl\u00fckl\u00fc d\u00fc\u015f\u00fcn\u00fcl\u00fcp, ihtiya\u00e7lar ve taleplerin g\u00f6z \u00f6n\u00fcne al\u0131narak kad\u0131nlar\u0131n asgari \u00fccret \u00fczerinden sosyal g\u00fcvence alt\u0131nda al\u0131nmas\u0131 ve SSGSS yasas\u0131n\u0131n iptal edilmesi istendi. Kad\u0131nlar sendika y\u00f6neticiliklerine de talip olduklar\u0131n\u0131 belirterek, \u201cKad\u0131nlar direniyor; DESA\u2019da, atv\u2019de, Sabah\u2019ta, Sinter Selga\u2019da. Kararl\u0131y\u0131z, \u0131srarl\u0131y\u0131z, direniyoruz. Krizin bedelini biz \u00f6demeyece\u011fiz\u201d dediler.<\/p>\n<p><\/font><\/p>\n<p><strong><font size=\"3\"><font face=\"Times New Roman\">SAVA\u015eLAR SONA ERS\u0130N<\/font><\/font><\/strong> <\/p>\n<p style=\"margin: 0cm 0cm 0pt\" class=\"MsoNormal\"><strong><br \/><\/strong><font face=\"Times New Roman\" size=\"3\">Irak\u2019ta, Afganistan\u2019da, Filistin\u2019de, Sri Lanka\u2019da, T\u00fcrkiye\u2019de ve i\u015fgal alt\u0131ndaki b\u00fct\u00fcn \u00fclkelerde i\u015fgallerin, sava\u015flar\u0131n, militarizmin son bulmas\u0131n\u0131 isteyen kad\u0131nlar, K\u00fcrtlerin kimliklerinin ve demokratik taleplerinin tan\u0131nmas\u0131n\u0131, demokratik haklar\u0131 i\u00e7in m\u00fccadele eden K\u00fcrt kad\u0131nlar\u0131n maruz kald\u0131\u011f\u0131 devlet \u015fiddetinin son bulmas\u0131n\u0131 talep ettiler. Faili me\u00e7hullerin ayd\u0131nlat\u0131l\u0131p BOTA\u015e kuyular\u0131n\u0131n a\u00e7\u0131lmas\u0131n\u0131 ve sorumlular\u0131n cezaland\u0131r\u0131lmas\u0131n\u0131 isteyen kad\u0131nlar, Cumartesi Anneleri ve Bar\u0131\u015f Annelerinin oturma eylemlerine selam yollad\u0131lar. Kad\u0131nlar, 8 Mart\u2019ta indirim ve hediye de\u011fil, \u00f6zg\u00fcrl\u00fck istediklerini yinelediler.<\/font><\/p>\n","protected":false},"excerpt":{"rendered":"<p>Kad\u0131k\u00f6y\u2019de bulu\u015fan binlerce kad\u0131n, \u2018S\u00f6yleyecek s\u00f6z\u00fcm\u00fcz, de\u011fi\u015ftirecek g\u00fcc\u00fcm\u00fcz var\u2019 diyerek, bar\u0131\u015f, adalet ve \u00f6zg\u00fcrl\u00fck taleplerinde bulundu. T\u00fcrk, K\u00fcrt, i\u015f\u00e7i, emek\u00e7i,&#46;&#46;&#46;<\/p>\n","protected":false},"author":1,"featured_media":0,"comment_status":"closed","ping_status":"closed","sticky":false,"template":"","format":"standard","meta":{"_jetpack_memberships_contains_paid_content":false,"footnotes":""},"categories":[1],"tags":[],"class_list":["post-3550","post","type-post","status-publish","format-standard","hentry","category-ced"],"aioseo_notices":[],"jetpack_featured_media_url":"","jetpack_sharing_enabled":true,"jetpack-related-posts":[],"_links":{"self":[{"href":"http:\/\/www.ced.org.tr\/index.php?rest_route=\/wp\/v2\/posts\/3550","targetHints":{"allow":["GET"]}}],"collection":[{"href":"http:\/\/www.ced.org.tr\/index.php?rest_route=\/wp\/v2\/posts"}],"about":[{"href":"http:\/\/www.ced.org.tr\/index.php?rest_route=\/wp\/v2\/types\/post"}],"author":[{"embeddable":true,"href":"http:\/\/www.ced.org.tr\/index.php?rest_route=\/wp\/v2\/users\/1"}],"replies":[{"embeddable":true,"href":"http:\/\/www.ced.org.tr\/index.php?rest_route=%2Fwp%2Fv2%2Fcomments&post=3550"}],"version-history":[{"count":0,"href":"http:\/\/www.ced.org.tr\/index.php?rest_route=\/wp\/v2\/posts\/3550\/revisions"}],"wp:attachment":[{"href":"http:\/\/www.ced.org.tr\/index.php?rest_route=%2Fwp%2Fv2%2Fmedia&parent=3550"}],"wp:term":[{"taxonomy":"category","embeddable":true,"href":"http:\/\/www.ced.org.tr\/index.php?rest_route=%2Fwp%2Fv2%2Fcategories&post=3550"},{"taxonomy":"post_tag","embeddable":true,"href":"http:\/\/www.ced.org.tr\/index.php?rest_route=%2Fwp%2Fv2%2Ftags&post=3550"}],"curies":[{"name":"wp","href":"https:\/\/api.w.org\/{rel}","templated":true}]}}