{"id":3551,"date":"2009-03-11T08:42:34","date_gmt":"2009-03-11T06:42:34","guid":{"rendered":"http:\/\/www.ced.org.tr\/?p=3551"},"modified":"2009-03-11T08:42:34","modified_gmt":"2009-03-11T06:42:34","slug":"saglik-hakki-icin-acil-eylem-cagrisi","status":"publish","type":"post","link":"http:\/\/www.ced.org.tr\/?p=3551","title":{"rendered":"Sa\u011fl\u0131k hakk\u0131 i\u00e7in acil eylem \u00e7a\u011fr\u0131s\u0131!"},"content":{"rendered":"<p style=\"margin: 0cm 0cm 0pt\" class=\"MsoNormal\"><font face=\"Times New Roman\" size=\"3\"><img loading=\"lazy\" decoding=\"async\" src=\"images\/stories\/belgeler\/14mart2009basinaciklamasi.jpg\" border=\"0\" alt=\"14 mart 2009 bas\u0131n a\u00e7\u0131klamas\u0131\" title=\"14 mart 2009 bas\u0131n a\u00e7\u0131klamas\u0131\" hspace=\"4\" width=\"450\" height=\"300\" align=\"left\" \/>14 Mart T\u0131p Haftas\u0131 etkinlikleri kapsam\u0131nda hekimler ve sa\u011fl\u0131k \u00e7al\u0131\u015fanlar\u0131 sorunlara dikkat \u00e7ekmek \u00fczere 12 Mart Per\u015fembe g\u00fcn\u00fc i\u015fe iki saat ge\u00e7 ba\u015flayacaklar. 12 Mart g\u00fcn\u00fc 08.00-10.00 saatleri aras\u0131nda acil servislerin \u00f6n\u00fcnde bir araya gelecek sa\u011fl\u0131k \u00e7al\u0131\u015fanlar\u0131 burada bas\u0131n a\u00e7\u0131klamalar\u0131 yapacaklar. \u0130stanbul&#8217;daki &#8220;Acil Eylem Bas\u0131n A\u00e7\u0131klamas\u0131&#8221; Okmeydan\u0131 Hastanesi \u00f6n\u00fcnde saat 09.00&#8217;da yap\u0131lacak. 14 Mart T\u0131p Bayram\u0131&#8217;nda ise Galatasaray&#8217;dan Taksim&#8217;e &#8220;Sa\u011fl\u0131k Hakk\u0131 Y\u00fcr\u00fcy\u00fc\u015f\u00fc&#8221; d\u00fczenlenecek.<\/font><\/p>\n<p style=\"margin: 0cm 0cm 0pt\" class=\"MsoNormal\">\u00a0<\/p>\n<p><font face=\"Times New Roman\" size=\"3\">Bug\u00fcn \u0130stanbul Tabip Odas\u0131&#8217;nda &#8220;Acil Eylem&#8221; konusunda d\u00fczenlenen bas\u0131n toplant\u0131s\u0131na TTB Ba\u015fkan\u0131 Prof. Dr. Gen\u00e7ay G\u00fcrsoy, \u0130stanbul Tabip Odas\u0131 Genel Sekreteri Dr. H\u00fcseyin Demirdizen, D\u0130SK, KESK, SES ve meslek odalar\u0131 temsilcileri kat\u0131ld\u0131. Krizle birlikte artan i\u015fsizli\u011fin milyonlarca vatanda\u015f\u0131n sa\u011fl\u0131k g\u00fcvencesini yitirmesi anlam\u0131na geldi\u011fi vurgulanan toplant\u0131da h\u00fck\u00fcmetin bu konuda \u00f6nlem almad\u0131\u011f\u0131na dikkat \u00e7ekildi.<\/font><font face=\"Times New Roman\" size=\"3\">\u00a0<\/font> <\/p>\n<p align=\"center\"><strong><font size=\"3\"><font face=\"Times New Roman\">Bas\u0131n A\u00e7\u0131klamas\u0131<\/font><\/font><\/strong><\/p>\n<p align=\"center\"><strong><font size=\"3\"><font face=\"Times New Roman\">Kamu \u00e7al\u0131\u015fanlar\u0131, i\u015f\u00e7iler, eczac\u0131lar, di\u015f hekimleri, veterinerler, avukatlar, mimarlar, m\u00fchendisler, serbest muhasebeci ve mali m\u00fc\u015favirler, sa\u011fl\u0131k \u00e7al\u0131\u015fanlar\u0131, hekimler&#8230;<\/font><\/font><\/strong><\/p>\n<p align=\"center\"><strong><font size=\"3\"><font face=\"Times New Roman\">12 MART 2009 G\u00dcN\u00dc SA\u011eLIK \u0130\u00c7\u0130N HEP B\u0130RL\u0130KTE AC\u0130L EYLEMDEY\u0130Z<\/font><\/font><\/strong> <\/p>\n<p style=\"margin: 0cm 0cm 0pt\" class=\"MsoNormal\">\u00a0<\/p>\n<p style=\"margin: 0cm 0cm 0pt\" class=\"MsoNormal\"><font face=\"Times New Roman\" size=\"3\">T\u00fcrkiye&#8217;de 2008 Kas\u0131m ile 2009 \u015eubat aylar\u0131 aras\u0131nda 883 bin ki\u015fi sosyal g\u00fcvencesini kaybetti.<\/font><\/p>\n<p style=\"margin: 0cm 0cm 0pt\" class=\"MsoNormal\"><font face=\"Times New Roman\" size=\"3\">Sa\u011fl\u0131k Bakanl\u0131\u011f\u0131&#8217;na ba\u011fl\u0131 hastanelerin acil servislerine 2008 y\u0131l\u0131 Kas\u0131m ay\u0131nda 4 milyon 561 bin hasta m\u00fcracaat etti. 2009 Ocak ay\u0131nda ise bu say\u0131 822 bin artt\u0131 ve 5 milyon 383 bine \u00e7\u0131kt\u0131.<\/font><\/p>\n<p style=\"margin: 0cm 0cm 0pt\" class=\"MsoNormal\"><font face=\"Times New Roman\" size=\"3\">Bu iki rakam aras\u0131ndaki b\u00fcy\u00fck benzerlik bir tesad\u00fcf de\u011fil.<\/font><\/p>\n<p><font face=\"Times New Roman\" size=\"3\">\u00a0<\/font> <\/p>\n<p style=\"margin: 0cm 0cm 0pt\" class=\"MsoNormal\"><font face=\"Times New Roman\" size=\"3\">Ekonomik kriz ve i\u015ften \u00e7\u0131karmalar nedeniyle sosyal g\u00fcvencesini kaybeden yurtta\u015flar\u0131m\u0131z sa\u011fl\u0131k hakk\u0131n\u0131 da kaybediyor. Bu durumda, 1 Ekim 2008&#8217;de y\u00fcr\u00fcrl\u00fc\u011fe giren Genel Sa\u011fl\u0131k(s\u0131zl\u0131k) Sigortas\u0131 (G$$) nedeniyle, \u015fimdilik \u00fccretsiz olarak muayene olabilece\u011fi tek yer olan acil servislere m\u00fcracaat ediyor. Dolay\u0131s\u0131yla acil servislere ba\u015fvurular her ge\u00e7en g\u00fcn h\u0131zla art\u0131yor.<\/font><\/p>\n<p><font face=\"Times New Roman\" size=\"3\">\u00a0<\/font> <\/p>\n<p style=\"margin: 0cm 0cm 0pt\" class=\"MsoNormal\"><font face=\"Times New Roman\" size=\"3\">Sadece bu iki istatistiki veri art\u0131\u015f\u0131 bile ya\u015fanan ekonomik krizin sa\u011fl\u0131k hakk\u0131m\u0131z\u0131 nas\u0131l k\u00f6t\u00fc etkiledi\u011fini a\u00e7\u0131k olarak g\u00f6steriyor.<\/font><\/p>\n<p><font face=\"Times New Roman\" size=\"3\">\u00a0<\/font> <\/p>\n<p style=\"margin: 0cm 0cm 0pt\" class=\"MsoNormal\"><font face=\"Times New Roman\" size=\"3\">G$$&#8217;yle birlikte muayene \u00fccretlerine y\u00fczde 400 zam yap\u0131lmas\u0131&#8230; Yeni getirilen kat\u0131l\u0131m paylar\u0131&#8230; Ayn\u0131 bran\u015fta 10 g\u00fcn s\u00fcreyle ikinci muayene k\u0131s\u0131tlamas\u0131&#8230; Sosyal G\u00fcvenlik Kurumu&#8217;na sa\u011fl\u0131k hizmetlerinin say\u0131s\u0131nda, s\u00fcresinde ve \u00e7e\u015fidinde s\u0131n\u0131rlama yapma yetkisinin verilmesi&#8230; AKP h\u00fck\u00fcmeti d\u00f6neminde \u00f6zel hastanelere giden sigortal\u0131lar\u0131n \u00f6demek zorunda kald\u0131klar\u0131, miktar\u0131 milyarlarca liray\u0131 bulan &#8220;ilave \u00fccret&#8221;ler&#8230; IMF&#8217;nin kamu sa\u011fl\u0131k harcamalar\u0131n\u0131n d\u00fc\u015f\u00fcr\u00fclmesi bask\u0131s\u0131&#8230; Daha stand-by anla\u015fmas\u0131 imzalanmadan Sa\u011fl\u0131k Bakanl\u0131\u011f\u0131 b\u00fct\u00e7esinde yap\u0131lan k\u0131s\u0131tlama&#8230; TBMM&#8217;den ge\u00e7ti\u011fi takdirde kamu hastanelerini k\u00e2rl\u0131l\u0131k esas\u0131na g\u00f6re \u00e7al\u0131\u015fan i\u015fletmelere d\u00f6n\u00fc\u015ft\u00fcrecek olan Kamu Hastane Birlikleri Kanun Tasar\u0131s\u0131&#8230;<\/font><\/p>\n<p><font face=\"Times New Roman\" size=\"3\">\u00a0<\/font> <\/p>\n<p style=\"margin: 0cm 0cm 0pt\" class=\"MsoNormal\"><font face=\"Times New Roman\" size=\"3\">Sadece bu d\u00fczenlemeler g\u00f6z \u00f6n\u00fcne al\u0131nd\u0131\u011f\u0131nda bile 29 Mart se\u00e7imlerinden sonra tablonun \u00e7ok daha k\u00f6t\u00fcle\u015fece\u011fi g\u00f6r\u00fcl\u00fcyor.<\/font><\/p>\n<p><font face=\"Times New Roman\" size=\"3\">\u00a0<\/font> <\/p>\n<p style=\"margin: 0cm 0cm 0pt\" class=\"MsoNormal\"><font face=\"Times New Roman\" size=\"3\">Sa\u011fl\u0131k \u00e7al\u0131\u015fanlar\u0131, sa\u011fl\u0131k alan\u0131nda ya\u015fanan bu erozyona, y\u0131k\u0131ma, olumsuz gidi\u015fe dur demek <strong>i\u00e7in &#8220;\u0130\u015f G\u00fcvencesi \/ Can G\u00fcvencesi \/ Gelir G\u00fcvencesi \/ Mesleki Ba\u011f\u0131ms\u0131zl\u0131k G\u00fcvencesi \/ Herkese E\u015fit, \u00dccretsiz Sa\u011fl\u0131k G\u00fcvencesi&#8221;<\/strong> talepleriyle eyleme ge\u00e7iyor. 12 Mart 2009 Per\u015fembe g\u00fcn\u00fc t\u00fcm \u00fclkede, b\u00fct\u00fcn sa\u011fl\u0131k kurumlar\u0131nda i\u015fe 2 saat ge\u00e7 ba\u015flayacak; 08.00-10.00 saatleri aras\u0131nda acil servislerin \u00f6n\u00fcnde toplanarak g\u00f6r\u00fc\u015flerini, tepkilerini, taleplerini hastalarla ve kamuoyuyla payla\u015facaklar.<\/font><\/p>\n<p><font face=\"Times New Roman\" size=\"3\">\u00a0<\/font> <\/p>\n<p style=\"margin: 0cm 0cm 0pt\" class=\"MsoNormal\"><font face=\"Times New Roman\" size=\"3\">Haklar\u0131m\u0131z ve gelece\u011fimiz i\u00e7in birle\u015fik m\u00fccadelenin \u00f6nemine ve gereklili\u011fine inanan \u00f6rg\u00fctler olarak, kriz bahanesiyle \u00fcm\u00fc\u011f\u00fcm\u00fcz\u00fcn s\u0131k\u0131lmas\u0131na, i\u015fimizin, umutlar\u0131m\u0131z\u0131n ve gelece\u011fimizin elimizden al\u0131nmas\u0131na, haklar\u0131m\u0131z\u0131n t\u0131rpanlanmas\u0131na ve faturan\u0131n \u00e7al\u0131\u015fanlara ve yoksul, i\u015fsiz toplum kesimlerine \u00e7\u0131kart\u0131lmas\u0131na sessiz kalmayaca\u011f\u0131z, izin vermeyece\u011fiz.<\/font><\/p>\n<p><font face=\"Times New Roman\" size=\"3\">\u00a0<\/font> <\/p>\n<p style=\"margin: 0cm 0cm 0pt\" class=\"MsoNormal\"><font face=\"Times New Roman\" size=\"3\">12 Mart 2009 Per\u015fembe g\u00fcn\u00fc saat 08.00-10.00 aras\u0131nda sa\u011fl\u0131k hakk\u0131 i\u00e7in hep birlikte eylemde olacak, 14 Mart 2009 g\u00fcn\u00fc Taksim&#8217;de yap\u0131lacak olan Sa\u011fl\u0131k Hakk\u0131 Y\u00fcr\u00fcy\u00fc\u015f\u00fc&#8217;ne kat\u0131laca\u011f\u0131z.<\/font><\/p>\n<p><font face=\"Times New Roman\" size=\"3\">\u00a0<\/font> <\/p>\n<p style=\"margin: 0cm 0cm 0pt\" class=\"MsoNormal\"><font face=\"Times New Roman\" size=\"3\">Kamuoyuna sayg\u0131lar\u0131m\u0131zla duyururuz.<\/font><\/p>\n<p style=\"margin: 0cm 0cm 0pt\" class=\"MsoNormal\">\u00a0<\/p>\n<p><strong><font size=\"3\"><font face=\"Times New Roman\">D\u0130SK \/ KESK \/ T\u00dcRK TAB\u0130PLER\u0130 B\u0130RL\u0130\u011e\u0130<\/font><\/font><\/strong><\/p>\n<p><strong><font size=\"3\"><font face=\"Times New Roman\">T\u00dcRK-\u0130\u015e \u0130STANBUL \u015eUBELER PLATFORMU<\/font><\/font><\/strong><\/p>\n<p><strong><font size=\"3\"><font face=\"Times New Roman\">SES \u0130STANBUL \u015eUBELER\u0130 \/ DEV SA\u011eLIK-\u0130\u015e \/ \u0130STANBUL TAB\u0130P ODASI<\/font><\/font><\/strong><\/p>\n<p><strong><font size=\"3\"><font face=\"Times New Roman\">\u0130STANBUL ECZACI ODASI \/ \u0130STANBUL D\u0130\u015eHEK\u0130MLER\u0130 ODASI<\/font><\/font><\/strong><\/p>\n<p><strong><font size=\"3\"><font face=\"Times New Roman\">\u0130STANBUL VETER\u0130NER HEK\u0130MLER ODASI \/ \u0130STANBUL BAROSU<\/font><\/font><\/strong><\/p>\n<p><strong><font size=\"3\"><font face=\"Times New Roman\">\u0130STANBUL TMMOB \u0130L KOORD\u0130NASYON KURULU<\/font><\/font><\/strong><\/p>\n<p><strong><font size=\"3\"><font face=\"Times New Roman\">\u0130STANBUL SERBEST MUHASEBEC\u0130 VE MAL\u0130 M\u00dc\u015eAV\u0130RLER ODASI<\/font><\/font><\/strong><strong><font face=\"Times New Roman\" size=\"3\">\u00a0<\/font><\/strong><font face=\"Times New Roman\" size=\"3\">\u00a0<\/font> <\/p>\n<p style=\"margin: 0cm 0cm 0pt\" class=\"MsoNormal\"><font face=\"Times New Roman\" size=\"3\">12 Mart 2009 &#8220;Acil&#8221; Eylemde \u00f6zen g\u00f6sterilecek kurallar:<\/font><\/p>\n<p><font face=\"Times New Roman\" size=\"3\">\u00a0<\/font> <\/p>\n<p style=\"margin: 0cm 0cm 0pt\" class=\"MsoNormal\"><font face=\"Times New Roman\" size=\"3\">T\u00fcm hekimler ve sa\u011fl\u0131k \u00e7al\u0131\u015fanlar\u0131 eylem s\u00fcresince her ya\u015ftaki acil hastalar ve \u00e7ocuklar\u0131n t\u0131bbi zarar g\u00f6rmemeleri i\u00e7in \u00f6zel \u00f6nem g\u00f6stermelidir. Bu ama\u00e7la;\u00a0<\/font><\/p>\n<p><font face=\"Times New Roman\" size=\"3\">\u00a0<\/font> <\/p>\n<p style=\"margin: 0cm 0cm 0pt 36pt; text-indent: -36pt; tab-stops: list 36.0pt\" class=\"MsoNormal\"><span><span style=\"font: 7pt 'Times New Roman'\">\u00a0\u00a0\u00a0\u00a0\u00a0\u00a0\u00a0\u00a0\u00a0\u00a0\u00a0\u00a0\u00a0 <\/span><font face=\"Times New Roman\"><font size=\"3\">I.<\/font><span style=\"font: 7pt 'Times New Roman'\">\u00a0\u00a0\u00a0\u00a0\u00a0 <\/span><\/font><\/span><font face=\"Times New Roman\" size=\"3\">Birinci basamak sa\u011fl\u0131k hizmeti sunan birimler dahil olmak \u00fczere, acil tan\u0131 ve tedavi endikasyonu olan hastalar\u0131n bak\u0131m\u0131 aksat\u0131lmayacakt\u0131r. Acil servisler eylem s\u00fcresince polikliniklerde g\u00f6revli hekimlerce takviye edilecektir.<\/font><\/p>\n<p><font face=\"Times New Roman\" size=\"3\">\u00a0<\/font> <\/p>\n<p style=\"margin: 0cm 0cm 0pt 36pt; text-indent: -36pt; tab-stops: list 36.0pt\" class=\"MsoNormal\"><span><span style=\"font: 7pt 'Times New Roman'\">\u00a0\u00a0\u00a0\u00a0\u00a0\u00a0\u00a0\u00a0\u00a0\u00a0 <\/span><font face=\"Times New Roman\"><font size=\"3\">II.<\/font><span style=\"font: 7pt 'Times New Roman'\">\u00a0\u00a0\u00a0\u00a0\u00a0 <\/span><\/font><\/span><font face=\"Times New Roman\" size=\"3\">\u00c7ocuklar\u0131n , hamilelerin, diyaliz hastalar\u0131n\u0131n, yo\u011fun bak\u0131m hastalar\u0131n\u0131n ve kanserli hastalar\u0131n acil olmasa bile her t\u00fcrl\u00fc t\u0131bbi tedavisi aksat\u0131lmadan s\u00fcrd\u00fcr\u00fclecektir. <\/font><\/p>\n<p><font face=\"Times New Roman\" size=\"3\">\u00a0<\/font> <\/p>\n<p style=\"margin: 0cm 0cm 0pt 36pt; text-indent: -36pt; tab-stops: list 36.0pt\" class=\"MsoNormal\"><span><span style=\"font: 7pt 'Times New Roman'\">\u00a0\u00a0\u00a0\u00a0\u00a0\u00a0\u00a0\u00a0 <\/span><font face=\"Times New Roman\"><font size=\"3\">III.<\/font><span style=\"font: 7pt 'Times New Roman'\">\u00a0\u00a0\u00a0\u00a0\u00a0 <\/span><\/font><\/span><font face=\"Times New Roman\" size=\"3\">Servislerde yatarak tedavi g\u00f6rmekte olan hastalar\u0131n her t\u00fcrl\u00fc t\u0131bbi i\u015fleminin aksat\u0131lmadan y\u00fcr\u00fct\u00fclmesini sa\u011flayabilecek say\u0131da sa\u011fl\u0131k personeli, mesai d\u0131\u015f\u0131 s\u00fcrelerde (gece ve hafta sonu n\u00f6betleri, vb.) oldu\u011fu gibi servislerde haz\u0131r bulunacakt\u0131r. <\/font><\/p>\n<p><font face=\"Times New Roman\" size=\"3\">\u00a0<\/font> <\/p>\n<p style=\"margin: 0cm 0cm 0pt 36pt; text-indent: -36pt; tab-stops: list 36.0pt\" class=\"MsoNormal\"><span><span style=\"font: 7pt 'Times New Roman'\">\u00a0\u00a0\u00a0\u00a0\u00a0\u00a0\u00a0 <\/span><font face=\"Times New Roman\"><font size=\"3\">IV.<\/font><span style=\"font: 7pt 'Times New Roman'\">\u00a0\u00a0\u00a0\u00a0\u00a0 <\/span><\/font><\/span><font face=\"Times New Roman\" size=\"3\">B\u00fct\u00fcn sa\u011fl\u0131k \u00e7al\u0131\u015fanlar\u0131 eylem boyunca hasta ve yak\u0131nlar\u0131na eylemin amac\u0131n\u0131 a\u00e7\u0131klamal\u0131d\u0131r. <\/font><\/p>\n<p><font face=\"Times New Roman\" size=\"3\">\u00a0<\/font> <\/p>\n<p style=\"margin: 0cm 0cm 0pt 36pt; text-indent: -36pt; tab-stops: list 36.0pt\" class=\"MsoNormal\"><span><span style=\"font: 7pt 'Times New Roman'\">\u00a0\u00a0\u00a0\u00a0\u00a0\u00a0\u00a0\u00a0\u00a0\u00a0 <\/span><font face=\"Times New Roman\"><font size=\"3\">V.<\/font><span style=\"font: 7pt 'Times New Roman'\">\u00a0\u00a0\u00a0\u00a0\u00a0 <\/span><\/font><\/span><font face=\"Times New Roman\" size=\"3\">Bu hususlar TTB, SES, Dev Sa\u011fl\u0131k-\u0130\u015f y\u00f6neticileri ve her birimdeki temsilcileri taraf\u0131ndan denetlenecek ve belirtilen \u00e7er\u00e7evede ger\u00e7ekle\u015fmesi sa\u011flanacakt\u0131r. <\/font><\/p>\n<p><font face=\"Times New Roman\" size=\"3\">\u00a0<\/font> <\/p>\n<p style=\"margin: 0cm 0cm 0pt\" class=\"MsoNormal\"><font size=\"3\"><font face=\"Times New Roman\"><strong>Not:<\/strong> \u0130stanbul&#8217;daki emek ve meslek \u00f6rg\u00fct\u00fc y\u00f6neticilerinin kat\u0131laca\u011f\u0131 Acil Eylem Bas\u0131n A\u00e7\u0131klamas\u0131 12 Mart 2009 g\u00fcn\u00fc saat 09.00&#8217;da Okmeydan\u0131 Hastanesi&#8217;nde yap\u0131lacakt\u0131r.<\/font><\/font><\/p>\n","protected":false},"excerpt":{"rendered":"<p>14 Mart T\u0131p Haftas\u0131 etkinlikleri kapsam\u0131nda hekimler ve sa\u011fl\u0131k \u00e7al\u0131\u015fanlar\u0131 sorunlara dikkat \u00e7ekmek \u00fczere 12 Mart Per\u015fembe g\u00fcn\u00fc i\u015fe iki&#46;&#46;&#46;<\/p>\n","protected":false},"author":1,"featured_media":0,"comment_status":"closed","ping_status":"closed","sticky":false,"template":"","format":"standard","meta":{"_jetpack_memberships_contains_paid_content":false,"footnotes":""},"categories":[1],"tags":[],"class_list":["post-3551","post","type-post","status-publish","format-standard","hentry","category-ced"],"aioseo_notices":[],"jetpack_featured_media_url":"","jetpack_sharing_enabled":true,"jetpack-related-posts":[],"_links":{"self":[{"href":"http:\/\/www.ced.org.tr\/index.php?rest_route=\/wp\/v2\/posts\/3551","targetHints":{"allow":["GET"]}}],"collection":[{"href":"http:\/\/www.ced.org.tr\/index.php?rest_route=\/wp\/v2\/posts"}],"about":[{"href":"http:\/\/www.ced.org.tr\/index.php?rest_route=\/wp\/v2\/types\/post"}],"author":[{"embeddable":true,"href":"http:\/\/www.ced.org.tr\/index.php?rest_route=\/wp\/v2\/users\/1"}],"replies":[{"embeddable":true,"href":"http:\/\/www.ced.org.tr\/index.php?rest_route=%2Fwp%2Fv2%2Fcomments&post=3551"}],"version-history":[{"count":0,"href":"http:\/\/www.ced.org.tr\/index.php?rest_route=\/wp\/v2\/posts\/3551\/revisions"}],"wp:attachment":[{"href":"http:\/\/www.ced.org.tr\/index.php?rest_route=%2Fwp%2Fv2%2Fmedia&parent=3551"}],"wp:term":[{"taxonomy":"category","embeddable":true,"href":"http:\/\/www.ced.org.tr\/index.php?rest_route=%2Fwp%2Fv2%2Fcategories&post=3551"},{"taxonomy":"post_tag","embeddable":true,"href":"http:\/\/www.ced.org.tr\/index.php?rest_route=%2Fwp%2Fv2%2Ftags&post=3551"}],"curies":[{"name":"wp","href":"https:\/\/api.w.org\/{rel}","templated":true}]}}