{"id":3552,"date":"2009-03-12T13:31:45","date_gmt":"2009-03-12T11:31:45","guid":{"rendered":"http:\/\/www.ced.org.tr\/?p=3552"},"modified":"2009-03-12T13:31:45","modified_gmt":"2009-03-12T11:31:45","slug":"12-mart-vicdan-mahkemesi-kuruluyor","status":"publish","type":"post","link":"http:\/\/www.ced.org.tr\/?p=3552","title":{"rendered":"12 Mart Vicdan Mahkemesi  Kuruluyor"},"content":{"rendered":"<p style=\"margin: 0cm 0cm 0pt\" class=\"MsoNormal\"><font face=\"Times New Roman\" size=\"3\">12 Mart 1971 muht\u0131ras\u0131n\u0131n 38. y\u0131l d\u00f6n\u00fcm\u00fcnde darbeyi yarg\u0131lamak i\u00e7in<img loading=\"lazy\" decoding=\"async\" src=\"images\/stories\/belgeler\/12mart1971.jpg\" border=\"0\" alt=\"12 mart\" title=\"12 mart\" hspace=\"4\" width=\"142\" height=\"195\" align=\"right\" \/><\/font><\/p>\n<p style=\"margin: 0cm 0cm 0pt\" class=\"MsoNormal\"><font face=\"Times New Roman\" size=\"3\">&#8220;12 Mart Vicdan Mahkemesi&#8221;, \u0130stanbul&#8217;da kuruluyor. <\/p>\n<p><\/font><\/p>\n<p style=\"margin: 0cm 0cm 0pt\" class=\"MsoNormal\"><font face=\"Times New Roman\" size=\"3\">&#8220;Darbeye Kar\u015f\u0131 70 Milyon Ad\u0131m&#8221; platformunun 12 Mart darbesinin y\u0131l d\u00f6n\u00fcm\u00fc nedeni ile d\u00fczenledi\u011fi etkinlik, Bilgi \u00dcniversitesi&#8217;nin Dolapdere yerle\u015fkesinde saat 17:00\u2019de ba\u015flayacak. <\/font><\/p>\n<p style=\"margin: 0cm 0cm 0pt\" class=\"MsoNormal\"><font face=\"Times New Roman\" size=\"3\">Mahkeme ba\u015fkan\u0131, 12 Eyl\u00fcl darbecilerini yarg\u0131latmak istedi\u011fi i\u00e7in mesle\u011finden men edilen, daha sonra bu karar nedeniyle T\u00fcrkiye&#8217;ye kar\u015f\u0131 a\u00e7t\u0131\u011f\u0131 davay\u0131 A\u0130HM&#8217;de kazanan, eski savc\u0131 Sacit Kayasu. <\/font><\/p>\n<p style=\"margin: 0cm 0cm 0pt\" class=\"MsoNormal\"><font face=\"Times New Roman\" size=\"3\">Vicdan mahkemesinin j\u00fcri \u00fcyeleriyse \u015fu isimlerden olu\u015fuyor: \u015eenol Karaka\u015f, G\u00fcls\u00fcm \u00d6nal, Zeynep Tanbay, Turgay O\u011fur, Cansu Vardan, Semiha Kaya.<\/font><\/p>\n<p><font face=\"Times New Roman\" size=\"3\">\u00a0<\/font> <\/p>\n<p style=\"margin: 0cm 0cm 0pt\" class=\"MsoNormal\"><font face=\"Times New Roman\" size=\"3\">\u00d6mer La\u00e7iner, Levent Y\u0131lmaz, Tuncer S\u00fcmer, G\u00fc\u00e7alp Eren, Nahip T\u00f6re, Atilla Keskin, Do\u011fan Tarkan, Hasan K\u0131yafet, Halil Erg\u00fcn ve Erol Kat\u0131rc\u0131o\u011flu, 12 Mart&#8217;la ilgili tan\u0131kl\u0131klar\u0131n\u0131 anlatacak. <\/font><\/p>\n<p style=\"margin: 0cm 0cm 0pt\" class=\"MsoNormal\"><strong><font size=\"3\"><font face=\"Times New Roman\">12 Mart 1971&#8217;de ne olmu\u015ftu?<\/font><\/font><\/strong><font face=\"Times New Roman\" size=\"3\">\u00a0<\/font> <\/p>\n<p style=\"margin: 0cm 0cm 0pt\" class=\"MsoNormal\"><font face=\"Times New Roman\" size=\"3\">12 Mart 1971\u2019de ordu muht\u0131ra ile y\u00f6netime el koydu, S\u00fcleyman DEM\u0130REL&#8217;in ba\u015fbakan\u0131 oldu\u011fu AP h\u00fck\u00fcmeti g\u00f6revden el \u00e7ektirildi. Siyasi parti faaliyetleri k\u0131s\u0131tland\u0131, temel hak ev \u00f6zg\u00fcrl\u00fckler ask\u0131ya al\u0131nd\u0131, binlerce solcu, yurtsever gen\u00e7 i\u015fkence tezgahlar\u0131ndan ge\u00e7irildi, yarg\u0131land\u0131 ve tutukland\u0131. Y\u00fczlerce gazeteci, yazar, sendikac\u0131 i\u015fkenceleri ile \u00fcnl\u00fc Ziverbey k\u00f6\u015fk\u00fcn\u00fcn tezgah\u0131ndan ge\u00e7irildi. \u00dc\u00e7 devrimci ve yurtsever gencimiz Deniz GEZM\u0130\u015e, Yusuf ASLAN ve H\u00fcseyin \u0130NAN \u201cDarbe Hukuki\u201d ile yarg\u0131lan\u0131p idam edildiler.<\/font><\/p>\n<p><font face=\"Times New Roman\" size=\"3\">\u00a0<\/font> <\/p>\n<p style=\"margin: 0cm 0cm 0pt\" class=\"MsoNormal\"><font face=\"Times New Roman\" size=\"3\">Bug\u00fcn 12 Mart 2009 darbenin \u00fczerinden tam 38 y\u0131l ge\u00e7ti, darbeciler toplum vicdan\u0131nda yarg\u0131land\u0131lar ama hukuken hen\u00fcz yarg\u0131lanmad\u0131lar\u2026<\/font><\/p>\n","protected":false},"excerpt":{"rendered":"<p>12 Mart 1971 muht\u0131ras\u0131n\u0131n 38. y\u0131l d\u00f6n\u00fcm\u00fcnde darbeyi yarg\u0131lamak i\u00e7in &#8220;12 Mart Vicdan Mahkemesi&#8221;, \u0130stanbul&#8217;da kuruluyor. &#8220;Darbeye Kar\u015f\u0131 70 Milyon&#46;&#46;&#46;<\/p>\n","protected":false},"author":1,"featured_media":0,"comment_status":"closed","ping_status":"closed","sticky":false,"template":"","format":"standard","meta":{"_jetpack_memberships_contains_paid_content":false,"footnotes":""},"categories":[1],"tags":[],"class_list":["post-3552","post","type-post","status-publish","format-standard","hentry","category-ced"],"aioseo_notices":[],"jetpack_featured_media_url":"","jetpack_sharing_enabled":true,"jetpack-related-posts":[],"_links":{"self":[{"href":"http:\/\/www.ced.org.tr\/index.php?rest_route=\/wp\/v2\/posts\/3552","targetHints":{"allow":["GET"]}}],"collection":[{"href":"http:\/\/www.ced.org.tr\/index.php?rest_route=\/wp\/v2\/posts"}],"about":[{"href":"http:\/\/www.ced.org.tr\/index.php?rest_route=\/wp\/v2\/types\/post"}],"author":[{"embeddable":true,"href":"http:\/\/www.ced.org.tr\/index.php?rest_route=\/wp\/v2\/users\/1"}],"replies":[{"embeddable":true,"href":"http:\/\/www.ced.org.tr\/index.php?rest_route=%2Fwp%2Fv2%2Fcomments&post=3552"}],"version-history":[{"count":0,"href":"http:\/\/www.ced.org.tr\/index.php?rest_route=\/wp\/v2\/posts\/3552\/revisions"}],"wp:attachment":[{"href":"http:\/\/www.ced.org.tr\/index.php?rest_route=%2Fwp%2Fv2%2Fmedia&parent=3552"}],"wp:term":[{"taxonomy":"category","embeddable":true,"href":"http:\/\/www.ced.org.tr\/index.php?rest_route=%2Fwp%2Fv2%2Fcategories&post=3552"},{"taxonomy":"post_tag","embeddable":true,"href":"http:\/\/www.ced.org.tr\/index.php?rest_route=%2Fwp%2Fv2%2Ftags&post=3552"}],"curies":[{"name":"wp","href":"https:\/\/api.w.org\/{rel}","templated":true}]}}