{"id":3555,"date":"2009-03-17T08:04:11","date_gmt":"2009-03-17T06:04:11","guid":{"rendered":"http:\/\/www.ced.org.tr\/?p=3555"},"modified":"2009-03-17T08:04:11","modified_gmt":"2009-03-17T06:04:11","slug":"16-mart-katliami-unutulmadi","status":"publish","type":"post","link":"http:\/\/www.ced.org.tr\/?p=3555","title":{"rendered":"16 Mart katliam\u0131 unutulmad\u0131"},"content":{"rendered":"<p style=\"margin: 0cm 0cm 0pt\" class=\"MsoNormal\"><font face=\"Times New Roman\" size=\"3\"><img loading=\"lazy\" decoding=\"async\" src=\"images\/stories\/belgeler\/16mart2009.jpg\" border=\"0\" alt=\"16 mart\" title=\"16 mart\" hspace=\"4\" width=\"207\" height=\"124\" align=\"left\" \/>Beyaz\u0131t\u2019ta d\u00fczenlenen g\u00f6sterilerde, 1978 y\u0131l\u0131nda 7 \u00f6\u011frencinin \u00f6l\u00fcm\u00fcyle sonu\u00e7lanan bombal\u0131 ve silahl\u0131 sald\u0131r\u0131 ile Halep\u00e7e Katliam\u0131 protesto edildi<\/font><\/p>\n<p><font face=\"Times New Roman\" size=\"3\">\u00a0<\/font> <\/p>\n<p style=\"margin: 0cm 0cm 0pt\" class=\"MsoNormal\"><font face=\"Times New Roman\" size=\"3\">\u0130stanbul \u00dcniversitesi Eczac\u0131l\u0131k Fak\u00fcltesi kap\u0131s\u0131nda 16 Mart 1978 g\u00fcn\u00fc \u00f6ld\u00fcr\u00fclen 7 \u00f6\u011frenciyi anmak i\u00e7in sol g\u00f6r\u00fc\u015fl\u00fc y\u00fczlerce \u00f6\u011frenci \u00fcniversitenin Beyaz\u0131t Kampusu giri\u015finde bir araya geldi. \u00d6\u011frenci Kolektifleri adl\u0131 grup, \u201cOnlar aklad\u0131 biz hesap soraca\u011f\u0131z. 16 Mart\u2019\u0131 unutmad\u0131k\u201d yaz\u0131l\u0131 dev pankart\u0131 a\u00e7arken kat\u0131l\u0131mc\u0131lar, \u201cKatliam\u0131 unutma unutturma, fa\u015fizme \u00f6l\u00fcm halka h\u00fcrriyet\u201d ve \u201cBeyaz\u0131t fa\u015fizme mezar olacak\u201d \u015feklinde slogan att\u0131. <\/font><\/p>\n<p style=\"margin: 0cm 0cm 0pt\" class=\"MsoNormal\"><font face=\"Times New Roman\" size=\"3\">\u00d6\u011frencilerin afi\u015flerini ta\u015f\u0131mak i\u00e7in k\u00f6m\u00fcr \u00e7uval\u0131 kullanmas\u0131 dikkat \u00e7ekti. Yap\u0131lan bas\u0131n a\u00e7\u0131klamalar\u0131nda 16 Mart 1978 y\u0131l\u0131nda 7 \u00f6\u011frencinin devlet taraf\u0131ndan bombalarla ve silahlarla \u00f6ld\u00fcr\u00fcld\u00fc\u011f\u00fc ve olay\u0131n daha sonra \u00f6rtbas edilmeye \u00e7al\u0131\u015f\u0131ld\u0131\u011f\u0131 belirtildi.\u00a0 Hep bir a\u011f\u0131zdan \u201cBeyaz\u0131t Mar\u015f\u0131\u201dn\u0131 da s\u00f6yleyen \u00f6\u011frenciler, fak\u00fclte binas\u0131n\u0131n \u00f6n\u00fcne karanfil b\u0131rakt\u0131. Kendilerine \u201cDarbelere Kar\u015f\u0131 \u00d6\u011frenciler\u201d ad\u0131n\u0131 veren bir grup da anma t\u00f6reninde darbecileri protesto etti. <\/font><\/p>\n<p style=\"margin: 0cm 0cm 0pt\" class=\"MsoNormal\"><font size=\"3\"><font face=\"Times New Roman\">Aralar\u0131nda ba\u015f\u00f6rt\u00fcl\u00fc k\u0131zlar\u0131n da bulundu\u011fu grup \u00fcyelerinden baz\u0131lar\u0131 i\u00e7i boncuk dolu bardak sallayarak baz\u0131lar\u0131 da d\u00fcd\u00fck \u00e7alarak \u00e7\u0131kan sesle darbecileri protesto etti.\u00a0<\/p>\n<p><strong>\u2018Darbeciler yarg\u0131lans\u0131n\u2019<\/strong><\/font><\/font><\/p>\n<p style=\"margin: 0cm 0cm 0pt\" class=\"MsoNormal\"><font face=\"Times New Roman\" size=\"3\">Eczac\u0131l\u0131k Fak\u00fcltesi \u00f6n\u00fcndeki \u00f6\u011frencilerin 12 Eyl\u00fcl Darbesi\u2019ne zemin haz\u0131rlamak i\u00e7in \u00f6ld\u00fcr\u00fcld\u00fc\u011f\u00fcn\u00fc belirten \u00f6\u011frenciler, Ergenekon davas\u0131n\u0131n t\u00fcm darbeleri kapsayacak \u015fekilde geni\u015fletilmesini istedi.\u00a0 <\/font><\/p>\n<p><font face=\"Times New Roman\" size=\"3\">\u00a0<\/font> <\/p>\n<p style=\"margin: 0cm 0cm 0pt\" class=\"MsoNormal\"><font face=\"Times New Roman\" size=\"3\">\u201cDarbelere kar\u015f\u0131, derin devlete kar\u015f\u0131, kontrgerillaya kar\u015f\u0131, Ergenekon\u2019a kar\u015f\u0131 ses \u00e7\u0131kar\u201d diye ba\u011f\u0131ran \u00f6\u011frenciler, ellerindeki boncuk dolu bardaklar\u0131 sallayarak ses \u00e7\u0131kartt\u0131. <br \/>16 Mart 1978 Halep\u00e7e Katliam\u0131\u2019nda \u00f6lenler de \u00e7e\u015fitli sivil toplum kurulu\u015flar\u0131 taraf\u0131ndan an\u0131ld\u0131. Polisin geni\u015f g\u00fcvenlik \u00f6nlemi ald\u0131\u011f\u0131 anma t\u00f6renlerinde g\u00f6sterici gruplar olays\u0131z da\u011f\u0131ld\u0131.<\/font><\/p>\n","protected":false},"excerpt":{"rendered":"<p>Beyaz\u0131t\u2019ta d\u00fczenlenen g\u00f6sterilerde, 1978 y\u0131l\u0131nda 7 \u00f6\u011frencinin \u00f6l\u00fcm\u00fcyle sonu\u00e7lanan bombal\u0131 ve silahl\u0131 sald\u0131r\u0131 ile Halep\u00e7e Katliam\u0131 protesto edildi \u00a0 \u0130stanbul&#46;&#46;&#46;<\/p>\n","protected":false},"author":1,"featured_media":0,"comment_status":"closed","ping_status":"closed","sticky":false,"template":"","format":"standard","meta":{"_jetpack_memberships_contains_paid_content":false,"footnotes":""},"categories":[1],"tags":[],"class_list":["post-3555","post","type-post","status-publish","format-standard","hentry","category-ced"],"aioseo_notices":[],"jetpack_featured_media_url":"","jetpack_sharing_enabled":true,"jetpack-related-posts":[],"_links":{"self":[{"href":"http:\/\/www.ced.org.tr\/index.php?rest_route=\/wp\/v2\/posts\/3555","targetHints":{"allow":["GET"]}}],"collection":[{"href":"http:\/\/www.ced.org.tr\/index.php?rest_route=\/wp\/v2\/posts"}],"about":[{"href":"http:\/\/www.ced.org.tr\/index.php?rest_route=\/wp\/v2\/types\/post"}],"author":[{"embeddable":true,"href":"http:\/\/www.ced.org.tr\/index.php?rest_route=\/wp\/v2\/users\/1"}],"replies":[{"embeddable":true,"href":"http:\/\/www.ced.org.tr\/index.php?rest_route=%2Fwp%2Fv2%2Fcomments&post=3555"}],"version-history":[{"count":0,"href":"http:\/\/www.ced.org.tr\/index.php?rest_route=\/wp\/v2\/posts\/3555\/revisions"}],"wp:attachment":[{"href":"http:\/\/www.ced.org.tr\/index.php?rest_route=%2Fwp%2Fv2%2Fmedia&parent=3555"}],"wp:term":[{"taxonomy":"category","embeddable":true,"href":"http:\/\/www.ced.org.tr\/index.php?rest_route=%2Fwp%2Fv2%2Fcategories&post=3555"},{"taxonomy":"post_tag","embeddable":true,"href":"http:\/\/www.ced.org.tr\/index.php?rest_route=%2Fwp%2Fv2%2Ftags&post=3555"}],"curies":[{"name":"wp","href":"https:\/\/api.w.org\/{rel}","templated":true}]}}