{"id":3558,"date":"2009-03-19T14:50:30","date_gmt":"2009-03-19T12:50:30","guid":{"rendered":"http:\/\/www.ced.org.tr\/?p=3558"},"modified":"2009-03-19T14:50:30","modified_gmt":"2009-03-19T12:50:30","slug":"amerikanin-sesi-farkli-cikiyor-duyan-yok","status":"publish","type":"post","link":"http:\/\/www.ced.org.tr\/?p=3558","title":{"rendered":"Amerika\u2019n\u0131n Sesi Farkl\u0131 \u00c7\u0131k\u0131yor, Duyan Yok!"},"content":{"rendered":"<p><font size=\"3\"><font face=\"Times New Roman\">Obama: \u201c46 milyon Amerikal\u0131n\u0131n sa\u011fl\u0131k sigortas\u0131 yok, sigortal\u0131 ki\u015filer de masraf korkusundan doktora gidemiyor.\u201d Bu s\u00f6zlerdeki ger\u00e7e\u011fi ger\u00e7ekten g\u00f6rmek gerekiyor. \u00c7\u00fcnk\u00fc pek \u00e7ok \u015fey anlat\u0131yor ve bize i\u015faret ediyor.<\/font><\/font><\/p>\n<p><font size=\"3\"><font face=\"Times New Roman\">Barack Hussein Obama\u2019n\u0131n ABD\u2019nin ilk \u201csiyah derili\u201d ba\u015fkan\u0131 olmas\u0131n\u0131 baz\u0131lar\u0131 \u201cdevrim\u201d diye adland\u0131rd\u0131. \u00d6yle midir, de\u011fil midir bilmiyorum. Ama gelecekte de \u00e7ok tart\u0131\u015fmalara neden olacak bu de\u011fi\u015fimi bence \u201c\u00e7ok iyi\u201d izlemek gerekiyor.<\/font><\/font> <\/p>\n<p><font size=\"3\"><font face=\"Times New Roman\">Ho\u015f biz izlemek istemesek de \u201co\u201d kendini bize izletecek, ya da \u201cizlemek zorunda\u201d kalaca\u011f\u0131z; bu \u00e7ok a\u00e7\u0131k.<\/p>\n<p>\u0130\u015fte bu nedenle medya kurulu\u015flar\u0131 \u201cd\u0131\u015f haberler\u201d servisine bir de \u201cObama b\u00f6l\u00fcm\u00fc\u201d a\u00e7malar\u0131 gerekti\u011fini d\u00fc\u015f\u00fcn\u00fcyorum; \u00e7\u00fcnk\u00fc ilgin\u00e7 \u015feyler oluyor ve daha da olacak.<\/p>\n<p>Ba\u015fkan da Michael Moore\u2019un \u201cSicko\u201d adl\u0131 filminde anlatt\u0131klar\u0131ndan \u00e7ok etkilenmi\u015f olmal\u0131 ki \u201cVoice of America\u201dn\u0131n T\u00fcrk\u00e7e haberlerinden birisinde onun s\u00f6ylediklerine benzer \u015feyler s\u00f6yledi\u011fini okudum.<\/p>\n<p>* * *<\/p>\n<p>Ba\u015fkan Obama \u201csa\u011fl\u0131k alan\u0131nda\u201d d\u00fc\u015f\u00fcnd\u00fcklerini ve yapacaklar\u0131n\u0131 anlatt\u0131\u011f\u0131 bir bas\u0131n toplant\u0131s\u0131 yapm\u0131\u015f. Toplant\u0131ya sa\u011fl\u0131k sekt\u00f6r\u00fcnden 150\u2019den fazla doktor, hasta ve sigortac\u0131 konuk da kat\u0131lm\u0131\u015f.<\/p>\n<p>Ba\u015fkan orada yukar\u0131da yazd\u0131\u011f\u0131m s\u00f6zleri s\u00f6ylemi\u015f. Bu s\u00f6zlerdeki ger\u00e7e\u011fi ger\u00e7ekten g\u00f6rmek gerekiyor. \u00c7\u00fcnk\u00fc pek \u00e7ok \u015fey anlat\u0131yor ve bize i\u015faret ediyor.<\/p>\n<p>Ayn\u0131s\u0131n\u0131 Moore da s\u00f6ylemi\u015fti: \u201cABD\u2019de ya\u015fayan insanlar\u0131n yar\u0131s\u0131 sa\u011fl\u0131k hizmetine ula\u015fam\u0131yor ve yararlanam\u0131yor.\u201d<\/p>\n<p>\u00c7o\u011fumuzun muhtemelen g\u00f6rmedi\u011fi bu haberin devam\u0131nda \u015funlar yaz\u0131yordu:<\/p>\n<p>\u201cBas\u0131n toplant\u0131s\u0131nda konu\u015fan Ba\u015fkan,\u00a0 sa\u011fl\u0131k hizmetlerinin giderek daha pahal\u0131 hale geldi\u011fini ve bunun aileler kadar i\u015fveren ve h\u00fck\u00fcmet harcamalar\u0131n\u0131 da etkiledi\u011fini vurgulad\u0131.<\/p>\n<p>Ba\u015fkan, Amerika\u2019da doktor ve a\u011f\u0131r hastane masraflar\u0131 nedeniyle her 30 saniyede bir ki\u015finin iflas etti\u011fini ve bunun ekonomiye b\u00fcy\u00fck darbe vurdu\u011funu bildirdi.\u201d<\/p>\n<p>* * *<\/p>\n<p>Bu gidi\u015fe benzer bir s\u00fcreci biz de \u00f6zellikle AKP iktidar\u0131 taraf\u0131ndan uygulamaya konulan \u201cSa\u011fl\u0131kta D\u00f6n\u00fc\u015f\u00fcm Program\u0131\u201d nedeniyle ya\u015f\u0131yoruz ve ya\u015fayaca\u011f\u0131z. Hen\u00fcz bu \u00fclkede yap\u0131lanlar o noktaya \u201cgelemese\u201d de \u201cper\u015fembenin geli\u015finin \u00e7ar\u015fambadan belli oldu\u011funu\u201d rahatl\u0131kla s\u00f6yleyebiliriz.<\/p>\n<p>Sa\u011fl\u0131k meslek \u00f6rg\u00fctleri, sa\u011fl\u0131k hakk\u0131, hasta haklar\u0131 ile u\u011fra\u015fan sivil yap\u0131lar, sa\u011fl\u0131\u011f\u0131n ekonomi politi\u011fini bilenler, sa\u011fl\u0131k organizasyonu konusunda uzmanla\u015fm\u0131\u015f \u201chalk ve toplum sa\u011fl\u0131\u011f\u0131\u201d ile u\u011fra\u015fan akademisyenler bunlar\u0131 y\u0131llard\u0131r s\u00f6yl\u00fcyor.<\/p>\n<p>Asl\u0131nda onlar\u0131n d\u0131\u015f\u0131nda birileri, \u00f6rne\u011fin ekonomiden sorumlu bakan da s\u00f6yl\u00fcyor asl\u0131nda! Ama onlar \u201csat\u0131r aralar\u0131nda\u201d kal\u0131yor, \u201c\u00fczerinde durulmuyor\u201d ya da se\u00e7im ortam\u0131 diye \u201cge\u00e7i\u015ftiriliyor\u201d.<\/p>\n<p>\u015eu s\u00f6z hem do\u011fru hem de ger\u00e7ek: \u201cSosyal G\u00fcvenlik Kurumu \u00fczerinden sa\u011fl\u0131k sorunlar\u0131n\u0131 \u00e7\u00f6zemezsiniz.\u201d<\/p>\n<p>* * *<\/p>\n<p>Bu kurum \u00fczerinden sorunu \u00e7\u00f6zmeye \u00e7al\u0131\u015fmak dibi delik kova ile su ta\u015f\u0131maya benzer. Ne ta\u015f\u0131yana yarar\u0131 olur, ne ta\u015f\u0131tana. O kovayla insanlara su i\u00e7irece\u011finizi d\u00fc\u015f\u00fcn\u00fcrseniz yan\u0131l\u0131rs\u0131n\u0131z. Su i\u00e7ilmezse \u201c\u00f6l\u00fcn\u00fcr\u201d.<\/p>\n<p>Hem bir metafor, hem bir ger\u00e7eklik olarak bu s\u00f6z do\u011fru.<\/p>\n<p>\u015eu s\u0131ralarda \u0130stanbul\u2019da ger\u00e7ekle\u015fen \u201cD\u00fcnya Su Forumu\u201dnu ve \u201cAlternatif Su Forumu\u201dnu yak\u0131ndan izleyin. Bu s\u00f6yledi\u011fimin anlam\u0131n\u0131 siz de fark edeceksiniz. Tabii medya izler ve anlat\u0131rsa. Size g\u00f6sterirse.<\/p>\n<p>Bu arada T\u00fcrkiye\u2019yi ziyaret edece\u011fi s\u00f6ylenen Ba\u015fkan Obama, e\u011fer gelirse onunla ba\u015fka konular\u0131n yan\u0131nda\u00a0 \u201csa\u011fl\u0131k alan\u0131nda yap\u0131lanlar\u0131\u201d da konu\u015fulmal\u0131. O anlatmazsa \u201c\u00f6zg\u00fcr medyam\u0131z\u201d sormal\u0131.<\/p>\n<p>Belki o zaman Obama\u2019n\u0131n \u201csa\u011fl\u0131k i\u00e7in s\u00f6yledikleri\u201d medyada yerini bulur, bu halk da gidi\u015fin sonunu g\u00f6r\u00fcr ve ona g\u00f6re davran\u0131r. Ne diyelim \u201cbir umut\u201d&#8230;<\/font><\/font><font face=\"Times New Roman\" size=\"3\">\u00a0<\/font><span style=\"font-size: 7.5pt; font-family: Verdana\"> <\/span><\/p>\n<p style=\"margin: 0cm 0cm 0pt\" class=\"MsoNormal\"><font size=\"3\"><font face=\"Times New Roman\">Kaynak: Mustafa S\u00dcTLA\u015e \u00a0&#8211; Bianet<\/font><\/font><\/p>\n","protected":false},"excerpt":{"rendered":"<p>Obama: \u201c46 milyon Amerikal\u0131n\u0131n sa\u011fl\u0131k sigortas\u0131 yok, sigortal\u0131 ki\u015filer de masraf korkusundan doktora gidemiyor.\u201d Bu s\u00f6zlerdeki ger\u00e7e\u011fi ger\u00e7ekten g\u00f6rmek gerekiyor.&#46;&#46;&#46;<\/p>\n","protected":false},"author":1,"featured_media":0,"comment_status":"closed","ping_status":"closed","sticky":false,"template":"","format":"standard","meta":{"_jetpack_memberships_contains_paid_content":false,"footnotes":""},"categories":[1],"tags":[],"class_list":["post-3558","post","type-post","status-publish","format-standard","hentry","category-ced"],"aioseo_notices":[],"jetpack_featured_media_url":"","jetpack_sharing_enabled":true,"jetpack-related-posts":[],"_links":{"self":[{"href":"http:\/\/www.ced.org.tr\/index.php?rest_route=\/wp\/v2\/posts\/3558","targetHints":{"allow":["GET"]}}],"collection":[{"href":"http:\/\/www.ced.org.tr\/index.php?rest_route=\/wp\/v2\/posts"}],"about":[{"href":"http:\/\/www.ced.org.tr\/index.php?rest_route=\/wp\/v2\/types\/post"}],"author":[{"embeddable":true,"href":"http:\/\/www.ced.org.tr\/index.php?rest_route=\/wp\/v2\/users\/1"}],"replies":[{"embeddable":true,"href":"http:\/\/www.ced.org.tr\/index.php?rest_route=%2Fwp%2Fv2%2Fcomments&post=3558"}],"version-history":[{"count":0,"href":"http:\/\/www.ced.org.tr\/index.php?rest_route=\/wp\/v2\/posts\/3558\/revisions"}],"wp:attachment":[{"href":"http:\/\/www.ced.org.tr\/index.php?rest_route=%2Fwp%2Fv2%2Fmedia&parent=3558"}],"wp:term":[{"taxonomy":"category","embeddable":true,"href":"http:\/\/www.ced.org.tr\/index.php?rest_route=%2Fwp%2Fv2%2Fcategories&post=3558"},{"taxonomy":"post_tag","embeddable":true,"href":"http:\/\/www.ced.org.tr\/index.php?rest_route=%2Fwp%2Fv2%2Ftags&post=3558"}],"curies":[{"name":"wp","href":"https:\/\/api.w.org\/{rel}","templated":true}]}}