{"id":3560,"date":"2009-03-23T11:41:42","date_gmt":"2009-03-23T09:41:42","guid":{"rendered":"http:\/\/www.ced.org.tr\/?p=3560"},"modified":"2009-03-23T11:41:42","modified_gmt":"2009-03-23T09:41:42","slug":"turkiye-halkini-uyariyoruz-suyu-ozellestirmeye-kararlilar","status":"publish","type":"post","link":"http:\/\/www.ced.org.tr\/?p=3560","title":{"rendered":"&#8220;T\u00fcrkiye Halk\u0131n\u0131 Uyar\u0131yoruz, Suyu \u00d6zelle\u015ftirmeye Kararl\u0131lar&#8221;"},"content":{"rendered":"<p><font face=\"Times New Roman\" size=\"3\">BM Genel Meclisi Ba\u015fkan\u0131&#8217;n\u0131n su konusundaki dan\u0131\u015fman\u0131 Maude Barlow, &#8220;T\u00fcrkiye halk\u0131n\u0131 uyarmam\u0131z gerekiyor. Bu h\u00fck\u00fcmet sular\u0131 \u00f6zelle\u015ftirmekte kararl\u0131. D\u00fcnya Su Forumu &#8216;yaral\u0131 bir hayvan&#8217; gibi. Yeni fikirleri yok. \u015eimdi b\u00fcy\u00fck barajlar\u0131 konu\u015fuyorlar&#8221; diyor.<\/font><font face=\"Times New Roman\" size=\"3\">\u00a0<\/font> <\/p>\n<p style=\"margin: 0cm 0cm 0pt\" class=\"MsoNormal\"><font face=\"Times New Roman\" size=\"3\">K\u00fcresel Su Adaleti Hareketi&#8217;nin, suyun insan hakk\u0131 oldu\u011funu vurgulad\u0131\u011f\u0131 bir g\u00fcnl\u00fck Halk\u0131n Su Forumu, 5. D\u00fcnya Su Forumu&#8217;na kar\u015f\u0131 \u0130stanbul&#8217;da d\u00fczenleniyor. <\/font><\/p>\n<p style=\"margin: 0cm 0cm 0pt\" class=\"MsoNormal\"><font face=\"Times New Roman\" size=\"3\">Forumun bug\u00fcnk\u00fc bas\u0131n toplant\u0131s\u0131n\u0131n ard\u0131ndan bianet&#8217;in sorular\u0131n\u0131 yan\u0131tlayan Birle\u015fmi\u015f Milletler Genel Kurulu Ba\u015fkan\u0131&#8217;n\u0131n suyla ilgili dan\u0131\u015fman\u0131 Maude Barlow, &#8220;Asl\u0131nda forumun \u0130stanbul&#8217;da d\u00fczenlenmesine sevindik. \u00c7\u00fcnk\u00fc bu bizim i\u00e7in d\u00fcnyada su \u00f6zelle\u015ftirmelerine kar\u015f\u0131 verilen m\u00fccadeleleri T\u00fcrkiye halk\u0131na anlatmak i\u00e7in bir f\u0131rsat oldu&#8221; dedi.\u00a0<\/font><font face=\"Times New Roman\" size=\"3\">\u00a0<\/font><\/p>\n<p>\u00a0<strong><font size=\"3\"><font face=\"Times New Roman\">&#8220;\u015eirketler bize &#8216;d\u00fc\u015fmanlar\u0131m\u0131z&#8217; diyor&#8221; <\/font><\/font><\/strong><font face=\"Times New Roman\" size=\"3\">\u00a0<\/font> <\/p>\n<p style=\"margin: 0cm 0cm 0pt\" class=\"MsoNormal\"><font face=\"Times New Roman\" size=\"3\">Barlow&#8217;a g\u00f6re, \u00f6zelle\u015ftirmeden yana \u015firketlerin egemenli\u011findeki D\u00fcnya Su Forumu, art\u0131k her yerde diren\u00e7le kar\u015f\u0131la\u015f\u0131yor, bu y\u00fczden kendine g\u00fcven sorunu ya\u015f\u0131yor. Foruma g\u00f6zlemci olarak kat\u0131lan Barlow, &#8220;Me\u015fruiyetlerini kaybetitiler. Toplant\u0131larda fikirlerini t\u00fckettiklerini g\u00f6r\u00fcyorsunuz. Bu y\u00fczden forum yaral\u0131 bir hayvan gibi; iyice savunmac\u0131 bir ruh halindeler. Bir etkinlikte \u015firket temsilcileri bizi g\u00f6sterip &#8216;d\u00fc\u015fmanlar\u0131m\u0131z&#8217; dediler. Bu y\u00fczden bu kadar \u00e7ok g\u00fcvenlik var, bu y\u00fczden protestoculara bask\u0131 var&#8221; diye anlat\u0131yor.\u00a0<\/font><font face=\"Times New Roman\" size=\"3\">\u00a0<\/font><\/p>\n<p>\u00a0<strong><font size=\"3\"><font face=\"Times New Roman\">&#8220;Bu forumda barajlar konu\u015fuluyor&#8221;<\/font><\/font><\/strong><font face=\"Times New Roman\" size=\"3\">\u00a0<\/font> <\/p>\n<p style=\"margin: 0cm 0cm 0pt\" class=\"MsoNormal\"><font face=\"Times New Roman\" size=\"3\">D\u00fcnya Su Forumu&#8217;nun bu haliyle art\u0131k en \u00f6nemli derdinin konumunu korumak, hayatta kalmak oldu\u011funu s\u00f6yleyen Barlow, \u0130stanbul&#8217;daki forumda barajlar\u0131n \u00e7ok\u00e7a konu\u015fuldu\u011funa dikkat \u00e7ekiyor. &#8220;Daha \u00f6nceki forumlarda barajlar hi\u00e7 bu kadar konu\u015fulmam\u0131\u015ft\u0131. Bu forumdan yeni bir taktikle \u00e7\u0131kacaklar\u0131n\u0131 sanm\u0131yorum, ama barajlarla ilgili dikkatli olmak gerek.&#8221;\u00a0<\/font><font face=\"Times New Roman\" size=\"3\">\u00a0<\/font><\/p>\n<p>\u00a0<strong><font size=\"3\"><font face=\"Times New Roman\">&#8220;Bu h\u00fck\u00fcmeti desteklemeyin&#8221; <\/font><\/font><\/strong><font face=\"Times New Roman\" size=\"3\">\u00a0<\/font> <\/p>\n<p style=\"margin: 0cm 0cm 0pt\" class=\"MsoNormal\"><font face=\"Times New Roman\" size=\"3\">Forumdaki g\u00f6zlemlerinden yola \u00e7\u0131karak AKP h\u00fck\u00fcmetinin suyu \u00f6zelle\u015ftirmek konusunda son derece kararl\u0131 oldu\u011funu s\u00f6yleyen Barlow&#8217;a g\u00f6re &#8220;T\u00fcrkiye halk\u0131n\u0131 uyarmam\u0131z gerekiyor. Bu h\u00fck\u00fcmeti desteklememeliler&#8221; diye konu\u015ftu. <\/p>\n<p><\/font><\/p>\n<p style=\"margin: 0cm 0cm 0pt\" class=\"MsoNormal\"><font face=\"Times New Roman\" size=\"3\">The Marmara otelindeki Halk\u0131n Su Forumu&#8217;na 70&#8217;ten fazla \u00fclkeden bir\u00e7ok su hakk\u0131 savunucusu kat\u0131l\u0131yor. Aktivistler su y\u00f6netiminin ve hizmetlerinin \u015firketlerce de\u011fil, kamu ve topluluklar eliyle y\u00fcr\u00fct\u00fclmesini savunuyor. <\/p>\n<p><\/font><\/p>\n<p style=\"margin: 0cm 0cm 0pt\" class=\"MsoNormal\"><font face=\"Times New Roman\" size=\"3\">Barlow, Kanada&#8217;daki en b\u00fcy\u00fck yurtta\u015f haklar\u0131 \u00f6rg\u00fct\u00fc Kanadal\u0131lar Konseyi&#8217;nin de ba\u015fkan\u0131. Ayn\u0131 zamanda kad\u0131n haklar\u0131 savunucusu. Barlow&#8217;a \u00e7al\u0131\u015fmalar\u0131 nedeniyle 2005&#8217;te &#8220;alternatif Nobel&#8221; olarak biinen &#8220;Do\u011fru Ya\u015fam \u00d6d\u00fcl\u00fc&#8221; (Right Livelihood Award) verilmi\u015fti.<\/font><\/p>\n<p><font face=\"Times New Roman\" size=\"3\">\u00a0<\/font> <\/p>\n<p style=\"margin: 0cm 0cm 0pt\" class=\"MsoNormal\"><font face=\"Times New Roman\" size=\"3\">Kaynak: Tolga KORKUT &#8211; Bianet<\/font><\/p>\n","protected":false},"excerpt":{"rendered":"<p>BM Genel Meclisi Ba\u015fkan\u0131&#8217;n\u0131n su konusundaki dan\u0131\u015fman\u0131 Maude Barlow, &#8220;T\u00fcrkiye halk\u0131n\u0131 uyarmam\u0131z gerekiyor. Bu h\u00fck\u00fcmet sular\u0131 \u00f6zelle\u015ftirmekte kararl\u0131. D\u00fcnya Su&#46;&#46;&#46;<\/p>\n","protected":false},"author":1,"featured_media":0,"comment_status":"closed","ping_status":"closed","sticky":false,"template":"","format":"standard","meta":{"_jetpack_memberships_contains_paid_content":false,"footnotes":""},"categories":[1],"tags":[],"class_list":["post-3560","post","type-post","status-publish","format-standard","hentry","category-ced"],"aioseo_notices":[],"jetpack_featured_media_url":"","jetpack_sharing_enabled":true,"jetpack-related-posts":[],"_links":{"self":[{"href":"http:\/\/www.ced.org.tr\/index.php?rest_route=\/wp\/v2\/posts\/3560","targetHints":{"allow":["GET"]}}],"collection":[{"href":"http:\/\/www.ced.org.tr\/index.php?rest_route=\/wp\/v2\/posts"}],"about":[{"href":"http:\/\/www.ced.org.tr\/index.php?rest_route=\/wp\/v2\/types\/post"}],"author":[{"embeddable":true,"href":"http:\/\/www.ced.org.tr\/index.php?rest_route=\/wp\/v2\/users\/1"}],"replies":[{"embeddable":true,"href":"http:\/\/www.ced.org.tr\/index.php?rest_route=%2Fwp%2Fv2%2Fcomments&post=3560"}],"version-history":[{"count":0,"href":"http:\/\/www.ced.org.tr\/index.php?rest_route=\/wp\/v2\/posts\/3560\/revisions"}],"wp:attachment":[{"href":"http:\/\/www.ced.org.tr\/index.php?rest_route=%2Fwp%2Fv2%2Fmedia&parent=3560"}],"wp:term":[{"taxonomy":"category","embeddable":true,"href":"http:\/\/www.ced.org.tr\/index.php?rest_route=%2Fwp%2Fv2%2Fcategories&post=3560"},{"taxonomy":"post_tag","embeddable":true,"href":"http:\/\/www.ced.org.tr\/index.php?rest_route=%2Fwp%2Fv2%2Ftags&post=3560"}],"curies":[{"name":"wp","href":"https:\/\/api.w.org\/{rel}","templated":true}]}}