{"id":3561,"date":"2009-03-27T08:31:46","date_gmt":"2009-03-27T06:31:46","guid":{"rendered":"http:\/\/www.ced.org.tr\/?p=3561"},"modified":"2009-03-27T08:31:46","modified_gmt":"2009-03-27T06:31:46","slug":"su-hepimizin-hakki-ozellestirilemez","status":"publish","type":"post","link":"http:\/\/www.ced.org.tr\/?p=3561","title":{"rendered":"Su Hepimizin Hakk\u0131, \u00d6zelle\u015ftirilemez"},"content":{"rendered":"<p style=\"margin: 0cm 0cm 0pt\" class=\"MsoNormal\"><font face=\"Times New Roman\" size=\"3\">20-22 Mart tarihleri aras\u0131nda 34 sivil toplum kurulu\u015funun birlikte, istanbul&#8217;da d\u00fczenledi\u011fi Alternatif Su Forumu&#8217;nda D\u00fcnyadan ve T\u00fcrkiye&#8217;den kat\u0131lan hak savunucular\u0131 suyun ticarile\u015fmesinin engellenmesi i\u00e7in m\u00fccadele edilmesi gerekti\u011fini belirttiler.<\/font><\/p>\n<p><strong><font size=\"3\"><font face=\"Times New Roman\">SU B\u0130R META DE\u011e\u0130LD\u0130R<\/font><\/font><\/strong><\/p>\n<p><font face=\"Times New Roman\" size=\"3\">Alternatif Su Forumu (ASF) nda s\u00f6z alan\u00a0COMDA (Mexican Committee for the Defense of Water Rights) \u00f6rg\u00fct\u00fcnden Claudia Campero, 2006 y\u0131l\u0131nda Mexico\u2019da d\u00fczenlenen 4. D\u00fcnya Su Forumu\u2019na (WWF) kar\u015f\u0131 b\u00fcy\u00fck bir koalisyon kurduklar\u0131n\u0131, sadece kar\u015f\u0131 \u00e7\u0131kmakla kalmay\u0131p suyun y\u00f6netimine dair \u00f6nerilerini de sunduklar\u0131n\u0131 belirtti.<br \/><\/font><\/p>\n<p style=\"margin: 0cm 0cm 0pt\" class=\"MsoNormal\"><font face=\"Times New Roman\" size=\"3\">Campero, Meksika ile T\u00fcrkiye\u2019nin y\u0131k\u0131c\u0131 su politikalar\u0131 ve \u00f6zelle\u015ftirme konusunda benze\u015fti\u011fine dikkat \u00e7ekerek <strong>\u201cE\u011fer D\u00fcnya Su Forumu T\u00fcrkiye\u2019ye geldiyse bu bo\u015funa de\u011fildir, sizi politikalar\u0131n\u0131z nedeniyle \u00f6d\u00fcllendireceklerdir\u201d<\/strong> dedi. World Water Contract\u2019tan Emilio Molinari, suyun ekonomik bir meta haline geldi\u011fini; buna, \u00e7okuluslu \u015firketlerin su politikalar\u0131na ve WWF\u2019ye kar\u015f\u0131 \u00e7\u0131kman\u0131n yolunun ASF oldu\u011funu s\u00f6yledi.\u00a0\u00a0<\/font><font face=\"Times New Roman\" size=\"3\">\u00a0<\/font><\/p>\n<p>\u00a0<strong><font size=\"3\"><font face=\"Times New Roman\">TAR\u0130H\u0130M\u0130Z\u0130 SUYA BO\u011eDURMAYACA\u011eIZ<br \/><\/font><\/font><\/strong><\/p>\n<p style=\"margin: 0cm 0cm 0pt\" class=\"MsoNormal\"><font face=\"Times New Roman\" size=\"3\">Hasankeyf\u2019i Ya\u015fatma \u0130nsiyatifi ad\u0131na s\u00f6z alan Diren \u00d6zkan, \u201cTarihimizi bo\u011fdurmayaca\u011f\u0131z. Il\u0131su Baraj\u0131, insan eliyle haz\u0131rlanm\u0131\u015f bir Nuh tufan\u0131d\u0131r.\u201d dedi.<\/p>\n<p><\/font><\/p>\n<p style=\"margin: 0cm 0cm 0pt\" class=\"MsoNormal\"><font face=\"Times New Roman\" size=\"3\">Munzur\u2019u Koruma Kurulu\u2019ndan Y\u0131lmaz Yurdakul ise \u201cSuya, ekme\u011fe ve tarihe sahip \u00e7\u0131kaca\u011f\u0131z su bir meta de\u011fildir ve \u015firketlere devredilemez\u201d diyerek s\u00f6zlerini bitirdi. <br \/>\u0130ngiltere K\u00fcresel \u0130klim De\u011fi\u015fikli\u011fine Kar\u015f\u0131 Kampanya\u2019ndan, Jonathan Neale, bilimsel tahminlere g\u00f6re 10-20 y\u0131l i\u00e7inde iklim de\u011fi\u015fikli\u011finin tepe noktas\u0131na ula\u015faca\u011f\u0131n\u0131 s\u00f6ylerek iklim de\u011fi\u015fikli\u011finin ba\u015fl\u0131ca sonu\u00e7lar\u0131n\u0131n a\u00e7l\u0131k, m\u00fclteciler ve sava\u015flar olaca\u011f\u0131n\u0131 iddia etti. Darfur ile bu sonu\u00e7lar aras\u0131nda \u00f6zde\u015flik kuran Neale, \u201cDarfur 40 y\u0131ld\u0131r iklim de\u011fi\u015fikli\u011fini ya\u015f\u0131yor, e\u011fer h\u0131zl\u0131 davran\u0131lmazsa T\u00fcrkiye ve d\u00fcnyan\u0131n bir\u00e7ok yeri Darfur gibi olacak\u201d dedi. <\/p>\n<p><\/font><\/p>\n<p style=\"margin: 0cm 0cm 0pt\" class=\"MsoNormal\"><font face=\"Times New Roman\" size=\"3\">\u00d6zelle\u015ftirmenin ilk sonucu artan fiyatlar, kaybolan sa\u011fl\u0131k <br \/>D\u00fcnyadaki su hizmetleri \u00f6zelle\u015ftirmelerin ilk sonucun fiyatlar\u0131n artmas\u0131d\u0131r. <\/p>\n<p><\/font><\/p>\n<p style=\"margin: 0cm 0cm 0pt\" class=\"MsoNormal\"><font size=\"3\"><font face=\"Times New Roman\"><strong>* Gana&#8217;da insanlar,<\/strong> IMF politikalar\u0131 sonucunda gelirlerinin yar\u0131s\u0131n\u0131 su alabilmek i\u00e7in harcad\u0131. <br \/><strong>* Paris ve Manila&#8217;da oldu\u011fu gibi, Cakarta&#8217;da<\/strong> 1997 y\u0131l\u0131nda ba\u015flanan \u00f6zelle\u015ftirmelerle su hizmetleri \u00e7ok uluslu \u015firketlerinin ortakl\u0131\u011f\u0131na b\u0131rak\u0131ld\u0131. \u015eirketler be\u015f y\u0131lda yakla\u015f\u0131k y\u00fczde 35&#8217;lik bir \u00fccret art\u0131r\u0131m\u0131 yapt\u0131lar. <br \/><strong>* Kazablanka&#8217;da,<\/strong> t\u00fcketiciler su fiyatlar\u0131n\u0131n \u00fc\u00e7 misli artt\u0131\u011f\u0131n\u0131 g\u00f6rd\u00fcler. <br \/><strong>* Britanya&#8217;da<\/strong> su ve kanalizasyon faturalar\u0131, 1989-90 ve 1994-95 y\u0131llar\u0131 aras\u0131nda y\u00fczde 67 artt\u0131. Ba\u011flant\u0131 kesintileri y\u00fczde 177 artt\u0131. Su \u00fccretleri y\u00fczde 450, \u015firket k\u00e2rlar\u0131 y\u00fczde 692 artt\u0131. <br \/><strong>* G\u00fcney Afrika&#8217;da<\/strong> Johannesburg&#8217;un su temini Suez Lyonnaise des Eaux \u015firketi taraf\u0131ndan devral\u0131nd\u0131. K\u0131sa s\u00fcre i\u00e7erisinde su g\u00fcvensiz, eri\u015filmez ve a\u015f\u0131r\u0131 pahal\u0131 hale geldi. Binlerce insan\u0131n su ba\u011flant\u0131s\u0131 kesildi ve kolera enfeksiyonu yay\u0131lmaya ba\u015flad\u0131. <br \/><strong>* Filipinler&#8217;de<\/strong> Sibic K\u00f6rfezi&#8217;nde, Biwater \u015firketi, su fiyatlar\u0131n\u0131 y\u00fczde 400 art\u0131rd\u0131. <br \/><strong>* Fransa&#8217;da<\/strong> halk\u0131n suya \u00f6dedi\u011fi bedel y\u00fczde 150 artt\u0131, kalite bozuldu. Bir Frans\u0131z raporu, 5.2 milyondan fazla insan\u0131n bakteriyel y\u00f6nden kabul edilemez kalitede su ald\u0131\u011f\u0131n\u0131 ortaya koydu. <\/font><\/font><\/p>\n","protected":false},"excerpt":{"rendered":"<p>20-22 Mart tarihleri aras\u0131nda 34 sivil toplum kurulu\u015funun birlikte, istanbul&#8217;da d\u00fczenledi\u011fi Alternatif Su Forumu&#8217;nda D\u00fcnyadan ve T\u00fcrkiye&#8217;den kat\u0131lan hak savunucular\u0131&#46;&#46;&#46;<\/p>\n","protected":false},"author":1,"featured_media":0,"comment_status":"closed","ping_status":"closed","sticky":false,"template":"","format":"standard","meta":{"_jetpack_memberships_contains_paid_content":false,"footnotes":""},"categories":[1],"tags":[],"class_list":["post-3561","post","type-post","status-publish","format-standard","hentry","category-ced"],"aioseo_notices":[],"jetpack_featured_media_url":"","jetpack_sharing_enabled":true,"jetpack-related-posts":[],"_links":{"self":[{"href":"http:\/\/www.ced.org.tr\/index.php?rest_route=\/wp\/v2\/posts\/3561","targetHints":{"allow":["GET"]}}],"collection":[{"href":"http:\/\/www.ced.org.tr\/index.php?rest_route=\/wp\/v2\/posts"}],"about":[{"href":"http:\/\/www.ced.org.tr\/index.php?rest_route=\/wp\/v2\/types\/post"}],"author":[{"embeddable":true,"href":"http:\/\/www.ced.org.tr\/index.php?rest_route=\/wp\/v2\/users\/1"}],"replies":[{"embeddable":true,"href":"http:\/\/www.ced.org.tr\/index.php?rest_route=%2Fwp%2Fv2%2Fcomments&post=3561"}],"version-history":[{"count":0,"href":"http:\/\/www.ced.org.tr\/index.php?rest_route=\/wp\/v2\/posts\/3561\/revisions"}],"wp:attachment":[{"href":"http:\/\/www.ced.org.tr\/index.php?rest_route=%2Fwp%2Fv2%2Fmedia&parent=3561"}],"wp:term":[{"taxonomy":"category","embeddable":true,"href":"http:\/\/www.ced.org.tr\/index.php?rest_route=%2Fwp%2Fv2%2Fcategories&post=3561"},{"taxonomy":"post_tag","embeddable":true,"href":"http:\/\/www.ced.org.tr\/index.php?rest_route=%2Fwp%2Fv2%2Ftags&post=3561"}],"curies":[{"name":"wp","href":"https:\/\/api.w.org\/{rel}","templated":true}]}}