{"id":3565,"date":"2009-03-31T07:13:57","date_gmt":"2009-03-31T04:13:57","guid":{"rendered":"http:\/\/www.ced.org.tr\/?p=3565"},"modified":"2009-03-31T07:13:57","modified_gmt":"2009-03-31T04:13:57","slug":"kuresellesme-karsitlari-avrupada-sahne-aldi","status":"publish","type":"post","link":"http:\/\/www.ced.org.tr\/?p=3565","title":{"rendered":"K\u00fcreselle\u015fme kar\u015f\u0131tlar\u0131 Avrupa&#8217;da sahne ald\u0131"},"content":{"rendered":"<p style=\"margin: 0cm 0cm 0pt\" class=\"MsoNormal\"><font face=\"Times New Roman\" size=\"3\">Londra, Berlin, Frankfurt, Paris ve Viyana ve Avrupa&#8217;n\u0131n bir\u00e7ok \u015fehrinde binlerce ki\u015fi, G20 zirvesi \u00f6ncesi k\u00fcreselle\u015fme kar\u015f\u0131t\u0131 eylemler yapt\u0131lar.<\/font><\/p>\n<p><font face=\"Times New Roman\" size=\"3\">\u00a0<\/font> <\/p>\n<p style=\"margin: 0cm 0cm 0pt\" class=\"MsoNormal\"><font face=\"Times New Roman\" size=\"3\">Geli\u015fmekte olan G20 \u00fclkelerinin 2 Nisan Per\u015fembe g\u00fcn\u00fc yap\u0131lacak zirvesi \u00f6ncesinde ba\u015fta \u0130ngiltere&#8217;nin ba\u015fkenti Londra ve Almanya&#8217;n\u0131n ba\u015fkenti Berlin olmak \u00fczere k\u00fcreselle\u015fme kar\u015f\u0131t\u0131 d\u00fczenlenen g\u00f6sterilere onbinlerce ki\u015fi kat\u0131ld\u0131. <\/font><\/p>\n<p><font face=\"Times New Roman\" size=\"3\" \/><\/font><\/p>\n<p style=\"margin: 0cm 0cm 0pt\" class=\"MsoNormal\"><font face=\"Times New Roman\" size=\"3\">\u0130\u015f ve ekonomik adalet isteyen \u00e7evreyle ilgili y\u00fck\u00fcml\u00fcl\u00fcklerin yerine getirilmesini isteyen k\u00fcreselle\u015fme kar\u015f\u0131tlar\u0131ndan 150 grubu i\u00e7eren yakla\u015f\u0131k 35 bin ki\u015fi, Londra&#8217;da Hyde Park&#8217;a y\u00fcr\u00fcd\u00fc. Burada organizat\u00f6rler G-20&#8217;lerden daha \u015feffah ve demokratik ekonomik iyile\u015ftirme plan\u0131n\u0131 kabul etmelerini istediler. <\/font><\/p>\n<p><font face=\"Times New Roman\" size=\"3\">\u00a0<\/font> <\/p>\n<p style=\"margin: 0cm 0cm 0pt\" class=\"MsoNormal\"><font face=\"Times New Roman\" size=\"3\">D\u00fcnyan\u0131n farkl\u0131 noktalar\u0131ndan gelerek Londra&#8217;da toplanan yakla\u015f\u0131k 35 bin ki\u015fi, yoksulluk, iklim de\u011fi\u015fiklikleri ve i\u015fsizlik sorunlar\u0131na \u00e7\u00f6z\u00fcm bulunmas\u0131 i\u00e7in Hyde Park&#8217;ta bulu\u015ftular. <\/font><\/p>\n<p style=\"margin: 0cm 0cm 0pt\" class=\"MsoNormal\"><font face=\"Times New Roman\" size=\"3\">&#8221;\u00d6nce \u0130nsan&#8221; isimli eyleme kat\u0131lanlar \u00f6zellikle gelecek hafta Londra&#8217;da yap\u0131lacak olan G20 zirvesine kat\u0131lacak \u00fclkelerin devlet ba\u015fkanlar\u0131n\u0131, yoksulluk ve k\u00fcresel \u0131s\u0131nma konular\u0131nda yeterince \u00e7aba sarfetmedikleri i\u00e7in protesto ettiler ve uyard\u0131lar. Polis, g\u00f6steri boyunca yo\u011fun g\u00fcvenlik \u00f6nlemleri ald\u0131. <\/font><\/p>\n<p style=\"margin: 0cm 0cm 0pt\" class=\"MsoNormal\"><font face=\"Times New Roman\" size=\"3\">Eyleme, T\u00fcrkiye&#8217;den Hak-\u0130\u015f Genel Ba\u015fkan Yard\u0131mc\u0131s\u0131 Yusuf Engin de kat\u0131ld\u0131. <\/font><\/p>\n<p style=\"margin: 0cm 0cm 0pt\" class=\"MsoNormal\"><font face=\"Times New Roman\" size=\"3\">Bu ak\u015fam d\u00fcnya genelinde yap\u0131lacak olan &#8221;d\u00fcnya saati&#8221; eylemi nedeniyle de \u0130ngiliz polisi yo\u011fun g\u00fcvenlik \u00f6nlemi ald\u0131. <\/font><\/p>\n<p><font face=\"Times New Roman\" size=\"3\">\u00a0<\/font> <\/p>\n<p style=\"margin: 0cm 0cm 0pt\" class=\"MsoNormal\"><font face=\"Times New Roman\" size=\"3\">Londra&#8217;da gelecek hafta boyunca her g\u00fcn t\u00fcrl\u00fc eylemler d\u00fczenlenecek olmas\u0131 nedeniyle, polislerin izinleri iptal edildi. <\/font><\/p>\n<p><font face=\"Times New Roman\" size=\"3\">\u00a0<\/font> <\/p>\n<p style=\"margin: 0cm 0cm 0pt\" class=\"MsoNormal\"><font face=\"Times New Roman\" size=\"3\">\u0130ngiltere ekonomisinin can damar\u0131 olan Canary Wharf b\u00f6lgesindeki g\u00f6kdelenlerin ve i\u015f merkezlerinin bug\u00fcn yerel saatle 20.30&#8217;da \u0131\u015f\u0131klar\u0131n\u0131 kapatmalar\u0131 y\u00f6n\u00fcnde gelen sert ve tehditkar istekler nedeniyle, b\u00f6lgedeki \u0131\u015f\u0131klar\u0131n kapanaca\u011f\u0131 a\u00e7\u0131kland\u0131. <\/font><\/p>\n<p><strong><font size=\"3\"><font face=\"Times New Roman\">BERL\u0130N, FRANKFURT, PAR\u0130S, V\u0130YANA<\/font><\/font><\/strong><strong><font face=\"Times New Roman\" size=\"3\">\u00a0<\/font><\/strong> <\/p>\n<p style=\"margin: 0cm 0cm 0pt\" class=\"MsoNormal\"><font face=\"Times New Roman\" size=\"3\">\u0130ngiltere&#8217;nin yan\u0131s\u0131ra Almanya&#8217;n\u0131n ba\u015fkenti Berlin&#8217;de de 15 bin ki\u015fi b\u00fcy\u00fck protestolarda bulundu. <\/font><\/p>\n<p style=\"margin: 0cm 0cm 0pt\" class=\"MsoNormal\"><font face=\"Times New Roman\" size=\"3\">\u00dclkenin finans merkezi Frankfurt&#8217;un caddeleri de &#8221;krizinizin faturas\u0131n\u0131 \u00f6demeyece\u011fiz&#8221; sloganlar\u0131yla inledi. Frankfurt&#8217;taki g\u00f6sterilere, yakla\u015f\u0131k 12 bin ki\u015fi kat\u0131ld\u0131. <\/font><\/p>\n<p style=\"margin: 0cm 0cm 0pt\" class=\"MsoNormal\"><font face=\"Times New Roman\" size=\"3\">Frankfurt&#8217;taki g\u00f6steride konu\u015fan Sol Parti Ba\u015fkan\u0131 Oskar Lafontaine&#8217;e yumurta at\u0131ld\u0131. Lafontaine, konu\u015fmas\u0131n\u0131 \u015femsiyeler ve polis korumas\u0131 alt\u0131nda tamamlad\u0131. <\/font><\/p>\n<p style=\"margin: 0cm 0cm 0pt\" class=\"MsoNormal\"><font face=\"Times New Roman\" size=\"3\">Berlin&#8217;deki protesto mitingi sonras\u0131nda a\u015f\u0131r\u0131 solcular\u0131n polislere \u015fi\u015fe att\u0131klar\u0131, polisin olay \u00e7\u0131karan kimi ki\u015fileri g\u00f6zalt\u0131na ald\u0131\u011f\u0131 ifade edildi. Arbedede, kimi polis arabalar\u0131n\u0131n camlar\u0131 k\u0131r\u0131ld\u0131. <\/font><\/p>\n<p style=\"margin: 0cm 0cm 0pt\" class=\"MsoNormal\"><font face=\"Times New Roman\" size=\"3\">Avusturya&#8217;da ise 6 bin 500 g\u00f6sterici ba\u015fkent Viyana&#8217;n\u0131n merkezinde topland\u0131. G\u00f6stericiler, t\u0131pk\u0131 di\u011fer kentlerde oldu\u011fu gibi &#8221;krizinizin faturas\u0131n\u0131 \u00f6demeyece\u011fiz&#8221; ve &#8221;kapitalizm yeniden bi\u00e7imlenenez&#8221; sloganlar\u0131n\u0131 att\u0131lar. <\/font><\/p>\n<p><font face=\"Times New Roman\" size=\"3\">\u00a0<\/font> <\/p>\n<p style=\"margin: 0cm 0cm 0pt\" class=\"MsoNormal\"><font face=\"Times New Roman\" size=\"3\">Fransa&#8217;n\u0131n ba\u015fkenti Paris&#8217;te ise 200 ki\u015filik k\u00fc\u00e7\u00fck bir grup borsan\u0131n \u00f6n\u00fcnde &#8221;kumdan yapay bir cennet&#8221; yapt\u0131. Organizat\u00f6rler daha sonra &#8221;yapay mali cennetin&#8221; ne denli kolay y\u0131k\u0131laca\u011f\u0131n\u0131 g\u00f6stermek i\u00e7in buray\u0131 y\u0131kt\u0131lar. G\u00f6stericiler, &#8221;cenneti&#8221; y\u0131kmadan \u00f6nce kendi yapt\u0131klar\u0131 5 bin Avro&#8217;lar\u0131 ortal\u0131\u011fa sa\u00e7t\u0131lar.<\/font><\/p>\n","protected":false},"excerpt":{"rendered":"<p>Londra, Berlin, Frankfurt, Paris ve Viyana ve Avrupa&#8217;n\u0131n bir\u00e7ok \u015fehrinde binlerce ki\u015fi, G20 zirvesi \u00f6ncesi k\u00fcreselle\u015fme kar\u015f\u0131t\u0131 eylemler yapt\u0131lar. \u00a0&#46;&#46;&#46;<\/p>\n","protected":false},"author":1,"featured_media":0,"comment_status":"closed","ping_status":"closed","sticky":false,"template":"","format":"standard","meta":{"_jetpack_memberships_contains_paid_content":false,"footnotes":""},"categories":[1],"tags":[],"class_list":["post-3565","post","type-post","status-publish","format-standard","hentry","category-ced"],"aioseo_notices":[],"jetpack_featured_media_url":"","jetpack_sharing_enabled":true,"jetpack-related-posts":[],"_links":{"self":[{"href":"http:\/\/www.ced.org.tr\/index.php?rest_route=\/wp\/v2\/posts\/3565","targetHints":{"allow":["GET"]}}],"collection":[{"href":"http:\/\/www.ced.org.tr\/index.php?rest_route=\/wp\/v2\/posts"}],"about":[{"href":"http:\/\/www.ced.org.tr\/index.php?rest_route=\/wp\/v2\/types\/post"}],"author":[{"embeddable":true,"href":"http:\/\/www.ced.org.tr\/index.php?rest_route=\/wp\/v2\/users\/1"}],"replies":[{"embeddable":true,"href":"http:\/\/www.ced.org.tr\/index.php?rest_route=%2Fwp%2Fv2%2Fcomments&post=3565"}],"version-history":[{"count":0,"href":"http:\/\/www.ced.org.tr\/index.php?rest_route=\/wp\/v2\/posts\/3565\/revisions"}],"wp:attachment":[{"href":"http:\/\/www.ced.org.tr\/index.php?rest_route=%2Fwp%2Fv2%2Fmedia&parent=3565"}],"wp:term":[{"taxonomy":"category","embeddable":true,"href":"http:\/\/www.ced.org.tr\/index.php?rest_route=%2Fwp%2Fv2%2Fcategories&post=3565"},{"taxonomy":"post_tag","embeddable":true,"href":"http:\/\/www.ced.org.tr\/index.php?rest_route=%2Fwp%2Fv2%2Ftags&post=3565"}],"curies":[{"name":"wp","href":"https:\/\/api.w.org\/{rel}","templated":true}]}}