{"id":3566,"date":"2009-04-03T07:18:40","date_gmt":"2009-04-03T04:18:40","guid":{"rendered":"http:\/\/www.ced.org.tr\/?p=3566"},"modified":"2009-04-03T07:18:40","modified_gmt":"2009-04-03T04:18:40","slug":"g20-protestolari-basladi","status":"publish","type":"post","link":"http:\/\/www.ced.org.tr\/?p=3566","title":{"rendered":"G20 protestolar\u0131 ba\u015flad\u0131"},"content":{"rendered":"<p style=\"margin: 0cm 0cm 0pt\" class=\"MsoNormal\"><font face=\"Times New Roman\" size=\"3\"><img loading=\"lazy\" decoding=\"async\" src=\"images\/stories\/belgeler\/g202009.jpg\" border=\"0\" alt=\"g20\" title=\"g20\" hspace=\"4\" vspace=\"4\" width=\"250\" height=\"311\" align=\"left\" \/><\/font><\/p>\n<p style=\"margin: 0cm 0cm 0pt\" class=\"MsoNormal\"><font face=\"Times New Roman\" size=\"3\"><strong>D\u00fcnya liderleri Londra&#8217;da<\/strong><\/font><\/p>\n<p style=\"margin: 0cm 0cm 0pt\" class=\"MsoNormal\">\u00a0<\/p>\n<p style=\"margin: 0cm 0cm 0pt\" class=\"MsoNormal\">\u00a0<\/p>\n<p style=\"margin: 0cm 0cm 0pt\" class=\"MsoNormal\"><font face=\"Times New Roman\" size=\"3\"><strong>\u0130ngiltere&#8217;nin ba\u015fkenti Londra&#8217;da binlerce ki\u015fi, G-20 zirvesini protesto etmek amac\u0131yla soka\u011fa d\u00f6k\u00fcld\u00fc.<\/strong><\/font><\/p>\n<p style=\"margin: 0cm 0cm 0pt\" class=\"MsoNormal\">\u00a0<\/p>\n<p style=\"margin: 0cm 0cm 0pt\" class=\"MsoNormal\"><font face=\"Times New Roman\" size=\"3\">Aralar\u0131nda \u00e7evreci \u00f6rg\u00fctlerin, anar\u015fistlerin ve sava\u015f kar\u015f\u0131tlar\u0131n\u0131n yer ald\u0131\u011f\u0131 gruplar, yoksulluk, i\u015fsizlik ve iklim de\u011fi\u015fikli\u011fine kar\u015f\u0131 acil \u00f6nlem al\u0131nmas\u0131n\u0131 istiyor ve daha adil bir toplum \u00f6zlemlerini dile getiriyor. <\/font><\/p>\n<p><font face=\"Times New Roman\" size=\"3\">\u00a0<\/font> <\/p>\n<p style=\"margin: 0cm 0cm 0pt\" class=\"MsoNormal\"><font face=\"Times New Roman\" size=\"3\">Bug\u00fcnk\u00fc g\u00f6sterilerin hedefinde \u00f6zellikle banka ve finans kurulu\u015flar\u0131 var. G\u00f6stericiler h\u00fck\u00fcmetlerin banka kurtarma planlar\u0131n\u0131 protesto ediyor, bu ama\u00e7la kullan\u0131lan paralar\u0131n istihdam yaratmak ya da sosyal g\u00fcvenlik a\u011f\u0131n\u0131 geni\u015fletmek i\u00e7in kullan\u0131lmamas\u0131n\u0131 ele\u015ftiriyor.<\/font><\/p>\n<p><font face=\"Times New Roman\" size=\"3\">\u00a0<\/font> <\/p>\n<p style=\"margin: 0cm 0cm 0pt\" class=\"MsoNormal\"><font face=\"Times New Roman\" size=\"3\">D\u00fcnyan\u0131n farkl\u0131 \u00fclkelerinden gelen protestocular\u0131n ellerinde ta\u015f\u0131d\u0131klar\u0131 pankartlarda, \u2018Bankalardan nefret ediyoruz&#8217;, \u2018\u0130nsanlar kardan \u00f6nce gelir&#8217;, \u2018Irak ve Afganistan&#8217;dan \u00e7\u0131k\u0131n&#8217; gibi ifadeler yer ald\u0131. <\/font><\/p>\n<p><font face=\"Times New Roman\" size=\"3\">\u00a0<\/font> <\/p>\n<p style=\"margin: 0cm 0cm 0pt\" class=\"MsoNormal\"><font face=\"Times New Roman\" size=\"3\">150&#8217;yi a\u015fk\u0131n sendika, bar\u0131\u015f aktivistleri ve \u00e7evre \u00f6rg\u00fctlerinin \u2018\u0130nsanlara \u00f6ncelik verin&#8217; slogan\u0131 alt\u0131nda d\u00fczenledi\u011fi g\u00f6sterilerin Londra&#8217;daki zirve boyunca s\u00fcrmesi bekleniyor.<\/font><\/p>\n","protected":false},"excerpt":{"rendered":"<p>D\u00fcnya liderleri Londra&#8217;da \u00a0 \u00a0 \u0130ngiltere&#8217;nin ba\u015fkenti Londra&#8217;da binlerce ki\u015fi, G-20 zirvesini protesto etmek amac\u0131yla soka\u011fa d\u00f6k\u00fcld\u00fc. \u00a0 Aralar\u0131nda \u00e7evreci&#46;&#46;&#46;<\/p>\n","protected":false},"author":1,"featured_media":0,"comment_status":"closed","ping_status":"closed","sticky":false,"template":"","format":"standard","meta":{"_jetpack_memberships_contains_paid_content":false,"footnotes":""},"categories":[1],"tags":[],"class_list":["post-3566","post","type-post","status-publish","format-standard","hentry","category-ced"],"aioseo_notices":[],"jetpack_featured_media_url":"","jetpack_sharing_enabled":true,"jetpack-related-posts":[],"_links":{"self":[{"href":"http:\/\/www.ced.org.tr\/index.php?rest_route=\/wp\/v2\/posts\/3566","targetHints":{"allow":["GET"]}}],"collection":[{"href":"http:\/\/www.ced.org.tr\/index.php?rest_route=\/wp\/v2\/posts"}],"about":[{"href":"http:\/\/www.ced.org.tr\/index.php?rest_route=\/wp\/v2\/types\/post"}],"author":[{"embeddable":true,"href":"http:\/\/www.ced.org.tr\/index.php?rest_route=\/wp\/v2\/users\/1"}],"replies":[{"embeddable":true,"href":"http:\/\/www.ced.org.tr\/index.php?rest_route=%2Fwp%2Fv2%2Fcomments&post=3566"}],"version-history":[{"count":0,"href":"http:\/\/www.ced.org.tr\/index.php?rest_route=\/wp\/v2\/posts\/3566\/revisions"}],"wp:attachment":[{"href":"http:\/\/www.ced.org.tr\/index.php?rest_route=%2Fwp%2Fv2%2Fmedia&parent=3566"}],"wp:term":[{"taxonomy":"category","embeddable":true,"href":"http:\/\/www.ced.org.tr\/index.php?rest_route=%2Fwp%2Fv2%2Fcategories&post=3566"},{"taxonomy":"post_tag","embeddable":true,"href":"http:\/\/www.ced.org.tr\/index.php?rest_route=%2Fwp%2Fv2%2Ftags&post=3566"}],"curies":[{"name":"wp","href":"https:\/\/api.w.org\/{rel}","templated":true}]}}