{"id":3573,"date":"2009-04-14T13:46:23","date_gmt":"2009-04-14T10:46:23","guid":{"rendered":"http:\/\/www.ced.org.tr\/?p=3573"},"modified":"2009-04-14T13:46:23","modified_gmt":"2009-04-14T10:46:23","slug":"istanbul-ecza-kooptan-eczaci-kamuoyuna-onemli-duyuru","status":"publish","type":"post","link":"http:\/\/www.ced.org.tr\/?p=3573","title":{"rendered":"\u0130STANBUL ECZA KOOP\u2019TAN ECZACI KAMUOYUNA \u00d6NEML\u0130 DUYURU!.."},"content":{"rendered":"<p style=\"margin: 0cm 0cm 0pt\" class=\"MsoNormal\"><font face=\"Times New Roman\" size=\"3\">Bilindi\u011fi gibi Yeni \u0130la\u00e7 Fiyat Uygulamas\u0131 2 Nisan 2009 tarihinde y\u00fcr\u00fcrl\u00fc\u011fe girmi\u015f ve uygulama ile birlikte Be\u015feri \u0130la\u00e7lar\u0131n Fiyatland\u0131r\u0131lmas\u0131na Dair Kararda De\u011fi\u015fiklik yap\u0131lmas\u0131 Hakk\u0131nda Karar uyar\u0131nca, ila\u00e7 fiyatlar\u0131na uygulanan kademeli eczac\u0131 karl\u0131l\u0131\u011f\u0131 da yeniden d\u00fczenlenmi\u015f, 2. ve 3. kademe ila\u00e7larda eczac\u0131 karl\u0131l\u0131\u011f\u0131 % 25\u2019e \u00e7\u0131kar\u0131lm\u0131\u015ft\u0131r.<\/font><\/p>\n<p style=\"margin: 0cm 0cm 0pt\" class=\"MsoNormal\">\u00a0<\/p>\n<p style=\"margin: 0cm 0cm 0pt\" class=\"MsoNormal\"><font face=\"Times New Roman\" size=\"3\">Uygulaman\u0131n y\u00fcr\u00fcrl\u00fc\u011fe girmesini takiben kooperatifimiz, bilgi i\u015flem altyap\u0131s\u0131nda gerekli de\u011fi\u015fiklikleri yaparak 3 Nisan 2009 ak\u015fam\u0131ndan itibaren<span>\u00a0 <\/span>yeni d\u00fczenleme ile belirlenen; al\u0131\u015ftan %25 sat\u0131\u015ftan %20 karl\u0131l\u0131k oranlar\u0131n\u0131 ortaklar\u0131n\u0131n faturalar\u0131na yans\u0131tm\u0131\u015f ve yans\u0131tmaya devam etmektedir.<\/font><\/p>\n<p><font face=\"Times New Roman\" size=\"3\">\u00a0<\/font> <\/p>\n<p style=\"margin: 0cm 0cm 0pt\" class=\"MsoNormal\"><font face=\"Times New Roman\" size=\"3\">Hal b\u00f6yleyken; \u00e7e\u015fitli internet sitelerinde, \u0130stanbul Ecza Koop\u2019un yeni karl\u0131l\u0131k oranlar\u0131n\u0131 ortaklar\u0131na tam olarak yans\u0131tmad\u0131\u011f\u0131 yorumlar\u0131n\u0131n yer ald\u0131\u011f\u0131 g\u00f6r\u00fclm\u00fc\u015ft\u00fcr. <\/font><\/p>\n<p><font face=\"Times New Roman\" size=\"3\">\u00a0<\/font> <\/p>\n<p style=\"margin: 0cm 0cm 0pt\" class=\"MsoNormal\"><font face=\"Times New Roman\" size=\"3\">\u0130stanbul Ecza Koop olarak, yap\u0131lan yorumlar\u0131n meslekta\u015flar\u0131m\u0131z\u0131n bilgi eksikli\u011finden kaynakland\u0131\u011f\u0131n\u0131 d\u00fc\u015f\u00fcnmekle birlikte; kimi \u00e7evrelerin bu t\u00fcr s\u00f6ylemlerinin kasti, maksad\u0131n\u0131 a\u015fan, kooperatifimizi ve kooperatif\u00e7ilik hareketini hedef alan bilin\u00e7li bir tutum oldu\u011fu inanc\u0131nday\u0131z.<\/font><\/p>\n<p><font face=\"Times New Roman\" size=\"3\">\u00a0<\/font> <\/p>\n<p style=\"margin: 0cm 0cm 0pt\" class=\"MsoNormal\"><font face=\"Times New Roman\" size=\"3\">Eczac\u0131 kamuoyuna sayg\u0131yla duyurulur.<\/font><\/p>\n<p><span style=\"font-family: 'Times New Roman'; font-size: 12pt\"><\/span><\/p>\n<p><span style=\"font-family: 'Times New Roman'; font-size: 12pt\"><strong>\u0130STANBUL ECZA KOOP Y\u00d6NET\u0130M KURULU<\/strong><\/span><\/p>\n","protected":false},"excerpt":{"rendered":"<p>Bilindi\u011fi gibi Yeni \u0130la\u00e7 Fiyat Uygulamas\u0131 2 Nisan 2009 tarihinde y\u00fcr\u00fcrl\u00fc\u011fe girmi\u015f ve uygulama ile birlikte Be\u015feri \u0130la\u00e7lar\u0131n Fiyatland\u0131r\u0131lmas\u0131na Dair&#46;&#46;&#46;<\/p>\n","protected":false},"author":1,"featured_media":0,"comment_status":"closed","ping_status":"closed","sticky":false,"template":"","format":"standard","meta":{"_jetpack_memberships_contains_paid_content":false,"footnotes":""},"categories":[1],"tags":[],"class_list":["post-3573","post","type-post","status-publish","format-standard","hentry","category-ced"],"aioseo_notices":[],"jetpack_featured_media_url":"","jetpack_sharing_enabled":true,"jetpack-related-posts":[],"_links":{"self":[{"href":"http:\/\/www.ced.org.tr\/index.php?rest_route=\/wp\/v2\/posts\/3573","targetHints":{"allow":["GET"]}}],"collection":[{"href":"http:\/\/www.ced.org.tr\/index.php?rest_route=\/wp\/v2\/posts"}],"about":[{"href":"http:\/\/www.ced.org.tr\/index.php?rest_route=\/wp\/v2\/types\/post"}],"author":[{"embeddable":true,"href":"http:\/\/www.ced.org.tr\/index.php?rest_route=\/wp\/v2\/users\/1"}],"replies":[{"embeddable":true,"href":"http:\/\/www.ced.org.tr\/index.php?rest_route=%2Fwp%2Fv2%2Fcomments&post=3573"}],"version-history":[{"count":0,"href":"http:\/\/www.ced.org.tr\/index.php?rest_route=\/wp\/v2\/posts\/3573\/revisions"}],"wp:attachment":[{"href":"http:\/\/www.ced.org.tr\/index.php?rest_route=%2Fwp%2Fv2%2Fmedia&parent=3573"}],"wp:term":[{"taxonomy":"category","embeddable":true,"href":"http:\/\/www.ced.org.tr\/index.php?rest_route=%2Fwp%2Fv2%2Fcategories&post=3573"},{"taxonomy":"post_tag","embeddable":true,"href":"http:\/\/www.ced.org.tr\/index.php?rest_route=%2Fwp%2Fv2%2Ftags&post=3573"}],"curies":[{"name":"wp","href":"https:\/\/api.w.org\/{rel}","templated":true}]}}