{"id":3574,"date":"2009-04-16T08:14:20","date_gmt":"2009-04-16T05:14:20","guid":{"rendered":"http:\/\/www.ced.org.tr\/?p=3574"},"modified":"2009-04-16T08:14:20","modified_gmt":"2009-04-16T05:14:20","slug":"cydd-baskani-turkan-saylana-yonelik-mudahaleyi-kiniyoruz","status":"publish","type":"post","link":"http:\/\/www.ced.org.tr\/?p=3574","title":{"rendered":"\u00c7YDD BA\u015eKANI T\u00dcRKAN SAYLAN\u2019A Y\u00d6NEL\u0130K M\u00dcDAHALEY\u0130 KINIYORUZ"},"content":{"rendered":"<p style=\"margin: 0cm 0cm 0pt\" class=\"MsoNormal\"><font face=\"Times New Roman\" size=\"3\">\u00c7YDD Genel Ba\u015fkan\u0131 Prof. Dr. T\u00fcrkan Saylan\u2019\u0131n ki\u015filik haklar\u0131na y\u00f6nelik m\u00fcdahaleyi hukuk devleti ilkeleriyle ba\u011fda\u015ft\u0131rm\u0131yor ve k\u0131n\u0131yoruz. Ayr\u0131ca \u00c7YDD y\u00f6neticilerinden eczac\u0131 meslekta\u015flar\u0131m\u0131z Ecz. Filiz Meri\u00e7li ve Ecz. Perran Yorganc\u0131gil\u2019in Ergenekon soru\u015fturmas\u0131 kapsam\u0131nda g\u00f6zalt\u0131na al\u0131nmas\u0131n\u0131n gerek\u00e7elerinin bir an \u00f6nce kamuoyu ile payla\u015f\u0131lmas\u0131n\u0131 bekliyoruz.<\/font><\/p>\n<p><strong><\/strong><\/p>\n<address><strong><font size=\"3\"><font face=\"Times New Roman\">\u00c7a\u011fda\u015f Eczac\u0131lar Derne\u011fi<\/font><\/font><\/strong><\/address>\n<address><strong><font size=\"3\"><font face=\"Times New Roman\">Y\u00f6netim Kurulu<\/font><\/font><\/strong><\/address>\n","protected":false},"excerpt":{"rendered":"<p>\u00c7YDD Genel Ba\u015fkan\u0131 Prof. Dr. T\u00fcrkan Saylan\u2019\u0131n ki\u015filik haklar\u0131na y\u00f6nelik m\u00fcdahaleyi hukuk devleti ilkeleriyle ba\u011fda\u015ft\u0131rm\u0131yor ve k\u0131n\u0131yoruz. Ayr\u0131ca \u00c7YDD y\u00f6neticilerinden&#46;&#46;&#46;<\/p>\n","protected":false},"author":1,"featured_media":0,"comment_status":"closed","ping_status":"closed","sticky":false,"template":"","format":"standard","meta":{"_jetpack_memberships_contains_paid_content":false,"footnotes":""},"categories":[1],"tags":[],"class_list":["post-3574","post","type-post","status-publish","format-standard","hentry","category-ced"],"aioseo_notices":[],"jetpack_featured_media_url":"","jetpack_sharing_enabled":true,"jetpack-related-posts":[],"_links":{"self":[{"href":"http:\/\/www.ced.org.tr\/index.php?rest_route=\/wp\/v2\/posts\/3574","targetHints":{"allow":["GET"]}}],"collection":[{"href":"http:\/\/www.ced.org.tr\/index.php?rest_route=\/wp\/v2\/posts"}],"about":[{"href":"http:\/\/www.ced.org.tr\/index.php?rest_route=\/wp\/v2\/types\/post"}],"author":[{"embeddable":true,"href":"http:\/\/www.ced.org.tr\/index.php?rest_route=\/wp\/v2\/users\/1"}],"replies":[{"embeddable":true,"href":"http:\/\/www.ced.org.tr\/index.php?rest_route=%2Fwp%2Fv2%2Fcomments&post=3574"}],"version-history":[{"count":0,"href":"http:\/\/www.ced.org.tr\/index.php?rest_route=\/wp\/v2\/posts\/3574\/revisions"}],"wp:attachment":[{"href":"http:\/\/www.ced.org.tr\/index.php?rest_route=%2Fwp%2Fv2%2Fmedia&parent=3574"}],"wp:term":[{"taxonomy":"category","embeddable":true,"href":"http:\/\/www.ced.org.tr\/index.php?rest_route=%2Fwp%2Fv2%2Fcategories&post=3574"},{"taxonomy":"post_tag","embeddable":true,"href":"http:\/\/www.ced.org.tr\/index.php?rest_route=%2Fwp%2Fv2%2Ftags&post=3574"}],"curies":[{"name":"wp","href":"https:\/\/api.w.org\/{rel}","templated":true}]}}