{"id":3576,"date":"2009-04-22T09:16:11","date_gmt":"2009-04-22T06:16:11","guid":{"rendered":"http:\/\/www.ced.org.tr\/?p=3576"},"modified":"2009-04-22T09:16:11","modified_gmt":"2009-04-22T06:16:11","slug":"disk-taksim-icin-izin-istemiyoruz","status":"publish","type":"post","link":"http:\/\/www.ced.org.tr\/?p=3576","title":{"rendered":"D\u0130SK: Taksim \u0130\u00e7in \u0130zin \u0130stemiyoruz!"},"content":{"rendered":"<p><font face=\"Times New Roman\" size=\"3\"><\/p>\n<div style=\"text-align: center\"><img loading=\"lazy\" decoding=\"async\" src=\"images\/stories\/belgeler\/1mayis2009.jpg\" border=\"0\" alt=\"1 may\u0131s\" title=\"1 may\u0131s\" hspace=\"4\" width=\"490\" height=\"304\" \/><\/div>\n<p><\/font><\/p>\n<p><font face=\"Times New Roman\" size=\"3\">D\u0130SK&#8217;ten Okcan, Taksim&#8217;de 1 May\u0131s i\u00e7in valili\u011fe ba\u015fvurmad\u0131klar\u0131n\u0131, ba\u015fvurmayacaklar\u0131n\u0131 s\u00f6yledi. 1 May\u0131s&#8217;\u0131n resmen tatil olmas\u0131 bu hafta Meclis&#8217;te g\u00f6r\u00fc\u015f\u00fcl\u00fcyor.<\/p>\n<p>Devrimci \u0130\u015f\u00e7i Sendikalar\u0131 Konfederasyonu (D\u0130SK) 1 May\u0131s&#8217;\u0131 Taksim&#8217;de kutlamak i\u00e7in \u0130stanbul Valili\u011fi&#8217;ne resmen ba\u015fvurmu\u015f de\u011fil. D\u0130SK&#8217;ten hukuk\u00e7u Necdet Okcan &#8220;B\u00f6yle bir ba\u015fvuruya gerek olmad\u0131\u011f\u0131n\u0131 d\u00fc\u015f\u00fcn\u00fcyoruz, ba\u015fvurmayaca\u011f\u0131z&#8221; dedi.<\/font> <\/p>\n<p><font face=\"Times New Roman\" size=\"3\">Bianet&#8217;in g\u00f6r\u00fc\u015ft\u00fc\u011f\u00fc Okcan, &#8220;1 May\u0131s, uluslararas\u0131 me\u015frulu\u011fu olan, gelenekselle\u015fmi\u015f bir bayramd\u0131r. Nas\u0131l gelenekselle\u015fmi\u015f bayramlar Taksim&#8217;de kutlan\u0131yorsa, nas\u0131l polis bayram\u0131nda Taksim&#8217;de kutlama yap\u0131ld\u0131ysa, i\u015f\u00e7ilerin emek\u00e7ilerin bayram\u0131 1 May\u0131s da Taksim&#8217;de kutlanabilir&#8221; diye konu\u015ftu. Okcan, D\u0130SK&#8217;in her y\u0131l yaln\u0131zca Kazanc\u0131 yoku\u015funun ba\u015f\u0131na t\u00f6renle karanfil b\u0131rakaca\u011f\u0131n\u0131 Beyo\u011flu Kaymakaml\u0131\u011f\u0131&#8217;na bildirdi\u011fini de an\u0131msatt\u0131.<\/font><font face=\"Times New Roman\" size=\"3\">\u00a0<\/font> <\/p>\n<p style=\"margin: 0cm 0cm 0pt\" class=\"MsoNormal\"><font face=\"Times New Roman\" size=\"3\">T\u00fcrkiye \u0130\u015f\u00e7i Sendikalar\u0131 Konfederasyonu (T\u00dcRK-\u0130\u015e), \u0130stanbul Valili\u011fi&#8217;ne Taksim&#8217;de 1 May\u0131s kutlamas\u0131 i\u00e7in ba\u015fvurdu\u011funu, 1 May\u0131s&#8217;\u0131n Taksim&#8217;de kutlanmas\u0131 gerekti\u011fini, ancak izin \u00e7\u0131kmazsa Kad\u0131k\u00f6y&#8217;de kutlama d\u00fczenleyeceklerini a\u00e7\u0131klam\u0131\u015ft\u0131.<\/font><\/p>\n<p><font face=\"Times New Roman\" size=\"3\">\u00a0<\/font> <\/p>\n<p style=\"margin: 0cm 0cm 0pt\" class=\"MsoNormal\"><font face=\"Times New Roman\" size=\"3\">1 May\u0131s bu hafta resmen tatil oluyor<\/font><\/p>\n<p><font face=\"Times New Roman\" size=\"3\">\u00a0<\/font> <\/p>\n<p style=\"margin: 0cm 0cm 0pt\" class=\"MsoNormal\"><font face=\"Times New Roman\" size=\"3\">1 May\u0131s&#8217;\u0131n resmi tatil ve ulusal bayramlar aras\u0131nda say\u0131lmas\u0131 i\u00e7in gereken yasa de\u011fi\u015fikli\u011fi, yar\u0131n (22 Nisan) veya sonraki g\u00fcn Meclis&#8217;te g\u00f6r\u00fc\u015f\u00fclecek. Yasa de\u011fi\u015fikli\u011fi Meclis \u0130\u00e7i\u015fleri Komisyonu&#8217;nda ge\u00e7en hafta kabul edilmi\u015fti.<\/font><\/p>\n<p><font face=\"Times New Roman\" size=\"3\">\u00a0<\/font> <\/p>\n<p style=\"margin: 0cm 0cm 0pt\" class=\"MsoNormal\"><font face=\"Times New Roman\" size=\"3\">Okcan, bu yasa de\u011fi\u015fikli\u011finin, y\u0131llard\u0131r akla &#8220;yasak&#8221; kavram\u0131n\u0131 getiren 1 May\u0131s&#8217;a toplumsal me\u015fruiyet kazand\u0131raca\u011f\u0131n\u0131 d\u00fc\u015f\u00fcn\u00fcyor. Ayr\u0131ca emek\u00e7ilerin 1 May\u0131s&#8217;\u0131 kutlamas\u0131 da kolayla\u015facak Okcan&#8217;a g\u00f6re. &#8220;\u0130nsanlar 1 May\u0131s&#8217;\u0131 kutlamak i\u00e7in i\u015fyerlerinden izin almak zorunda kal\u0131yor. Toplu i\u015f s\u00f6zle\u015fmesi olan yerlerde 1 May\u0131s&#8217;\u0131n kutlanmas\u0131na dair madde var ama bir\u00e7ok i\u015fyerinde emek\u00e7ilerin \u00e7al\u0131\u015fma g\u00fcn\u00fcnde izin almalar\u0131 gerekiyor. \u0130\u015fverenler de genellikle izin vermiyor. \u0130zin alanlar\u0131n da \u00fccretlerinden ya da haklar\u0131ndan kesinti yap\u0131labiliyor.&#8221;<\/font><\/p>\n<p><font face=\"Times New Roman\" size=\"3\">\u00a0<\/font> <\/p>\n<p style=\"margin: 0cm 0cm 0pt\" class=\"MsoNormal\"><font face=\"Times New Roman\" size=\"3\">Okcan, bu yasa de\u011fi\u015fikli\u011finin Taksim&#8217;de kutlama i\u00e7in kolayla\u015ft\u0131r\u0131c\u0131 bir yasal dayanak olaca\u011f\u0131 kan\u0131s\u0131nda.<\/font><\/p>\n","protected":false},"excerpt":{"rendered":"<p>D\u0130SK&#8217;ten Okcan, Taksim&#8217;de 1 May\u0131s i\u00e7in valili\u011fe ba\u015fvurmad\u0131klar\u0131n\u0131, ba\u015fvurmayacaklar\u0131n\u0131 s\u00f6yledi. 1 May\u0131s&#8217;\u0131n resmen tatil olmas\u0131 bu hafta Meclis&#8217;te g\u00f6r\u00fc\u015f\u00fcl\u00fcyor. Devrimci&#46;&#46;&#46;<\/p>\n","protected":false},"author":1,"featured_media":0,"comment_status":"closed","ping_status":"closed","sticky":false,"template":"","format":"standard","meta":{"_jetpack_memberships_contains_paid_content":false,"footnotes":""},"categories":[1],"tags":[],"class_list":["post-3576","post","type-post","status-publish","format-standard","hentry","category-ced"],"aioseo_notices":[],"jetpack_featured_media_url":"","jetpack_sharing_enabled":true,"jetpack-related-posts":[],"_links":{"self":[{"href":"http:\/\/www.ced.org.tr\/index.php?rest_route=\/wp\/v2\/posts\/3576","targetHints":{"allow":["GET"]}}],"collection":[{"href":"http:\/\/www.ced.org.tr\/index.php?rest_route=\/wp\/v2\/posts"}],"about":[{"href":"http:\/\/www.ced.org.tr\/index.php?rest_route=\/wp\/v2\/types\/post"}],"author":[{"embeddable":true,"href":"http:\/\/www.ced.org.tr\/index.php?rest_route=\/wp\/v2\/users\/1"}],"replies":[{"embeddable":true,"href":"http:\/\/www.ced.org.tr\/index.php?rest_route=%2Fwp%2Fv2%2Fcomments&post=3576"}],"version-history":[{"count":0,"href":"http:\/\/www.ced.org.tr\/index.php?rest_route=\/wp\/v2\/posts\/3576\/revisions"}],"wp:attachment":[{"href":"http:\/\/www.ced.org.tr\/index.php?rest_route=%2Fwp%2Fv2%2Fmedia&parent=3576"}],"wp:term":[{"taxonomy":"category","embeddable":true,"href":"http:\/\/www.ced.org.tr\/index.php?rest_route=%2Fwp%2Fv2%2Fcategories&post=3576"},{"taxonomy":"post_tag","embeddable":true,"href":"http:\/\/www.ced.org.tr\/index.php?rest_route=%2Fwp%2Fv2%2Ftags&post=3576"}],"curies":[{"name":"wp","href":"https:\/\/api.w.org\/{rel}","templated":true}]}}