{"id":3577,"date":"2009-04-22T09:47:43","date_gmt":"2009-04-22T06:47:43","guid":{"rendered":"http:\/\/www.ced.org.tr\/?p=3577"},"modified":"2009-04-22T09:47:43","modified_gmt":"2009-04-22T06:47:43","slug":"1-mayisa-kadar-15-gun-boyunca-eylem","status":"publish","type":"post","link":"http:\/\/www.ced.org.tr\/?p=3577","title":{"rendered":"1 May\u0131s&#8217;a Kadar 15 G\u00fcn Boyunca Eylem!"},"content":{"rendered":"<p><img loading=\"lazy\" decoding=\"async\" src=\"images\/stories\/belgeler\/1mayis200915.jpg\" border=\"0\" alt=\"1 may\u0131s\" title=\"1 may\u0131s\" hspace=\"4\" vspace=\"4\" width=\"200\" height=\"150\" align=\"left\" \/> <\/p>\n<p style=\"margin: 0cm 0cm 0pt\" class=\"MsoNormal\"><font face=\"Times New Roman\" size=\"3\">D\u0130SK, KESK, TMMOB ve TTB Taksim&#8217;de kutlayacaklar\u0131 1 May\u0131s&#8217;a kadar yapacaklar\u0131 etkinlikleri a\u00e7\u0131klad\u0131lar.<\/font><\/p>\n<p><font face=\"Times New Roman\" size=\"3\">\u00a0<\/font> <\/p>\n<p style=\"margin: 0cm 0cm 0pt\" class=\"MsoNormal\"><font face=\"Times New Roman\" size=\"3\">Taksim Gezi Park&#8217;\u0131nda ortak a\u00e7\u0131klama yapan Devrimci \u0130\u015f\u00e7i Sendikalar\u0131 Konfederasyonu (D\u0130SK), Kamu Emek\u00e7ileri Sendikalar\u0131 Konfederasyonu (KESK), T\u00fcrk Mimar M\u00fchendis Odalar\u0131 Birli\u011fi (TMMOB) ve T\u00fcrk Tabipler Birli\u011fi (TTB) 1 May\u0131s&#8217;\u0131 Taksim meydan\u0131nda kutlayacaklar\u0131n\u0131 yinelediler. <\/font><\/p>\n<p><font face=\"Times New Roman\" size=\"3\">2009 1 May\u0131s\u2019\u0131na haz\u0131rl\u0131k \u00e7al\u0131\u015fmalar\u0131n\u0131n devam etti\u011fini kaydeden D\u0130SK Genel Ba\u015fkan\u0131 S\u00fcleyman \u00c7elebi, 1 May\u0131s\u2019a kadar yap\u0131lacak etkinlikler hakk\u0131nda da bilgi verdi.<\/font> <\/p>\n<p><font face=\"Times New Roman\" size=\"3\">TMMOB, TTB, KESK ve D\u0130SK&#8217;in 15 g\u00fcnl\u00fck etkinlik program\u0131 \u015f\u00f6yle:\u00a0<\/font><font face=\"Times New Roman\" size=\"3\">\u00a0<\/font> <\/p>\n<p style=\"margin: 0cm 0cm 0pt\" class=\"MsoNormal\"><font face=\"Times New Roman\" size=\"3\">15-30 Nisan g\u00fcnleri aras\u0131nda i\u015fyerlerinde, i\u015f havzalar\u0131nda ve semtlerde 1 May\u0131s \u00f6rg\u00fctlenmesi ve etkinlikleri s\u00fcrd\u00fcr\u00fclecek.<\/font><\/p>\n<p><font face=\"Times New Roman\" size=\"3\">\u00a0<\/font> <\/p>\n<p style=\"margin: 0cm 0cm 0pt\" class=\"MsoNormal\"><font face=\"Times New Roman\" size=\"3\">24 Nisan\u2019da \u0130stanbul\u2019da Genel Ba\u015fkanlar\u0131n &#8220;Krize Kar\u015f\u0131 Emek Paketi&#8221;ni kamuoyuyla payla\u015facaklar\u0131 bir bas\u0131n toplant\u0131s\u0131 yap\u0131lacak.<\/font><\/p>\n<p><font face=\"Times New Roman\" size=\"3\">\u00a0<\/font> <\/p>\n<p style=\"margin: 0cm 0cm 0pt\" class=\"MsoNormal\"><font face=\"Times New Roman\" size=\"3\">25 Nisan\u2019da Emek Haftas\u0131 ba\u015flat\u0131lacak. Bu \u00e7er\u00e7evede, 1 May\u0131s\u2019\u0131n \u00f6zg\u00fcrce kutlanmas\u0131 ve Taksim\u2019in emek\u00e7ilere a\u00e7\u0131lmas\u0131 talepleriyle t\u00fcm illerde kitlesel y\u00fcr\u00fcy\u00fc\u015fler ve bas\u0131n a\u00e7\u0131klamalar\u0131 yap\u0131lacak. <\/font><\/p>\n<p><font face=\"Times New Roman\" size=\"3\">\u00a0<\/font> <\/p>\n<p style=\"margin: 0cm 0cm 0pt\" class=\"MsoNormal\"><font face=\"Times New Roman\" size=\"3\">\u0130stanbul\u2019da bu etkinliklere sanat\u00e7\u0131lar da destek verecek.<\/font><\/p>\n<p><font face=\"Times New Roman\" size=\"3\">\u00a0<\/font> <\/p>\n<p style=\"margin: 0cm 0cm 0pt\" class=\"MsoNormal\"><font face=\"Times New Roman\" size=\"3\">27 Nisan\u2019da haz\u0131rl\u0131klar\u0131 tamamlanan ve yeri sonradan bildirilecek olan bir foto\u011fraf sergisi d\u00fczenlenecek.<\/font><\/p>\n<p><font face=\"Times New Roman\" size=\"3\">\u00a0<\/font> <\/p>\n<p style=\"margin: 0cm 0cm 0pt\" class=\"MsoNormal\"><font face=\"Times New Roman\" size=\"3\">29 Nisan\u2019da ise anmalar yap\u0131lacak.<\/font><\/p>\n<p><font face=\"Times New Roman\" size=\"3\">\u00a0<\/font> <\/p>\n<p style=\"margin: 0cm 0cm 0pt\" class=\"MsoNormal\"><font face=\"Times New Roman\" size=\"3\">Yakla\u015f\u0131k 300 ki\u015finin kat\u0131ld\u0131\u011f\u0131 eylemde konu\u015fan \u00c7elebi &#8220;Taksim meydan\u0131n\u0131n 1 May\u0131s alan\u0131 oldu\u011funu&#8221; vurgulad\u0131.<\/font><\/p>\n<p style=\"margin: 0cm 0cm 0pt\" class=\"MsoNormal\">\u00a0<\/p>\n<p><span style=\"font-family: 'Times New Roman'; font-size: 12pt\">&#8220;\u00dclkemizde 1 May\u0131s \u00f6n\u00fcndeki engellerin kald\u0131r\u0131lmas\u0131, 1 May\u0131s 1977 katliam\u0131n\u0131n ortaya \u00e7\u0131kar\u0131lmas\u0131 i\u00e7in de yeni imk\u00e2nlar\u0131n yarat\u0131lmas\u0131na katk\u0131 sa\u011flayacakt\u0131r. Bu konuda cesaretle ad\u0131m at\u0131larak, 1 May\u0131s 1977\u2019de ya\u015fanan katliam\u0131n ayd\u0131nlat\u0131lmas\u0131 ve sorumlular\u0131n\u0131n yarg\u0131lanmas\u0131 i\u00e7in TBMM Ara\u015ft\u0131rma Komisyonu bir an \u00f6nce kurulmal\u0131d\u0131r.&#8221;<\/span><\/p>\n","protected":false},"excerpt":{"rendered":"<p>D\u0130SK, KESK, TMMOB ve TTB Taksim&#8217;de kutlayacaklar\u0131 1 May\u0131s&#8217;a kadar yapacaklar\u0131 etkinlikleri a\u00e7\u0131klad\u0131lar. \u00a0 Taksim Gezi Park&#8217;\u0131nda ortak a\u00e7\u0131klama yapan&#46;&#46;&#46;<\/p>\n","protected":false},"author":1,"featured_media":0,"comment_status":"closed","ping_status":"closed","sticky":false,"template":"","format":"standard","meta":{"_jetpack_memberships_contains_paid_content":false,"footnotes":""},"categories":[1],"tags":[],"class_list":["post-3577","post","type-post","status-publish","format-standard","hentry","category-ced"],"aioseo_notices":[],"jetpack_featured_media_url":"","jetpack_sharing_enabled":true,"jetpack-related-posts":[],"_links":{"self":[{"href":"http:\/\/www.ced.org.tr\/index.php?rest_route=\/wp\/v2\/posts\/3577","targetHints":{"allow":["GET"]}}],"collection":[{"href":"http:\/\/www.ced.org.tr\/index.php?rest_route=\/wp\/v2\/posts"}],"about":[{"href":"http:\/\/www.ced.org.tr\/index.php?rest_route=\/wp\/v2\/types\/post"}],"author":[{"embeddable":true,"href":"http:\/\/www.ced.org.tr\/index.php?rest_route=\/wp\/v2\/users\/1"}],"replies":[{"embeddable":true,"href":"http:\/\/www.ced.org.tr\/index.php?rest_route=%2Fwp%2Fv2%2Fcomments&post=3577"}],"version-history":[{"count":0,"href":"http:\/\/www.ced.org.tr\/index.php?rest_route=\/wp\/v2\/posts\/3577\/revisions"}],"wp:attachment":[{"href":"http:\/\/www.ced.org.tr\/index.php?rest_route=%2Fwp%2Fv2%2Fmedia&parent=3577"}],"wp:term":[{"taxonomy":"category","embeddable":true,"href":"http:\/\/www.ced.org.tr\/index.php?rest_route=%2Fwp%2Fv2%2Fcategories&post=3577"},{"taxonomy":"post_tag","embeddable":true,"href":"http:\/\/www.ced.org.tr\/index.php?rest_route=%2Fwp%2Fv2%2Ftags&post=3577"}],"curies":[{"name":"wp","href":"https:\/\/api.w.org\/{rel}","templated":true}]}}