{"id":3578,"date":"2009-04-24T06:15:02","date_gmt":"2009-04-24T03:15:02","guid":{"rendered":"http:\/\/www.ced.org.tr\/?p=3578"},"modified":"2009-04-24T06:15:02","modified_gmt":"2009-04-24T03:15:02","slug":"yaslari-cocuk-dertleri-buyuk","status":"publish","type":"post","link":"http:\/\/www.ced.org.tr\/?p=3578","title":{"rendered":"YA\u015eLARI \u00c7OCUK DERTLER\u0130 B\u00dcY\u00dcK"},"content":{"rendered":"<p><img loading=\"lazy\" decoding=\"async\" src=\"images\/stories\/belgeler\/cocuk.jpg\" border=\"0\" alt=\"cocuk\" title=\"cocuk\" hspace=\"4\" width=\"232\" height=\"174\" align=\"left\" \/> <\/p>\n<p style=\"margin: 0cm 0cm 0pt\" class=\"MsoNormal\"><font face=\"Times New Roman\" size=\"3\">Bug\u00fcn 23 Nisan \u00c7ocuk Bayram\u0131. T\u00fcrkiye\u2019de milyonlarca \u00e7ocuk, \u2018bayramlar\u0131na\u2019 uyand\u0131. Ancak Diyarbak\u0131r\u2019da 4 \u00e7ocuk daha zindan karanl\u0131\u011f\u0131na mahkum edildi. Adana\u2019da ise 28 \u00e7ocuk, hapishane parmakl\u0131klar\u0131n\u0131n ard\u0131nda uyand\u0131 g\u00fcne. <\/font><\/p>\n<p style=\"margin: 0cm 0cm 0pt\" class=\"MsoNormal\" \/><font face=\"Times New Roman\" size=\"3\" \/>Bug\u00fcn 23 Nisan \u00c7ocuk Bayram\u0131. T\u00fcrkiye\u2019de milyonlarca \u00e7ocuk, \u2018bayramlar\u0131na\u2019 uyand\u0131. Ancak Diyarbak\u0131r\u2019da 4 \u00e7ocuk daha zindan karanl\u0131\u011f\u0131na mahkum edildi. Adana\u2019da ise 28 \u00e7ocuk, hapishane parmakl\u0131klar\u0131n\u0131n ard\u0131nda uyand\u0131 g\u00fcne. Bug\u00fcn onlar\u0131n bayram\u0131, ama onlar\u0131n g\u00f6rd\u00fc\u011f\u00fc ilk y\u00fcz annelerin, karde\u015flerin y\u00fcz\u00fc de\u011fildi; demir parmakl\u0131klar\u0131n ard\u0131ndaki gardiyanlar\u0131n y\u00fcz\u00fcyd\u00fc. <br \/><\/font><\/p>\n<p><font face=\"Times New Roman\" size=\"3\">23 N\u0130SAN HED\u0130YES\u0130!<\/p>\n<p><\/font><\/p>\n<p style=\"margin: 0cm 0cm 0pt\" class=\"MsoNormal\"><font face=\"Times New Roman\" size=\"3\">Diyarbak\u0131r\u2019da ge\u00e7ti\u011fimiz y\u0131l \u2018polise ta\u015f att\u0131\u011f\u0131\u2019 iddias\u0131yla tutuklanan 4 \u00e7ocuk, hakim kar\u015f\u0131s\u0131na \u00e7\u0131kt\u0131. Yakla\u015f\u0131k bir y\u0131ld\u0131r tutuklu olan 15-17 ya\u015flar\u0131 aras\u0131ndaki \u00e7ocuklar, Diyarbak\u0131r 6. A\u011f\u0131r Ceza Mahkemesi\u2019nde g\u00f6r\u00fclen duru\u015fmada 6\u2019\u015far y\u0131l 11\u2019er ay, toplam 28 y\u0131l hapis cezas\u0131na \u00e7arpt\u0131r\u0131ld\u0131. \u00c7ocuklar\u0131n avukat\u0131, tutuklu bulunduklar\u0131 s\u00fcre g\u00f6z \u00f6n\u00fcnde bulundurularak \u00e7ocuklar\u0131n tahliyesini istedi. \u201c\u00d6rg\u00fct \u00fcyesi olmamakla birlikte \u00f6rg\u00fct ad\u0131na faaliyet y\u00fcr\u00fctmek\u201d, \u201cpolise mukavemet\u201d ve \u201cToplant\u0131 ve G\u00f6steri Y\u00fcr\u00fcy\u00fc\u015fleri Kanununa muhalefet\u201d maddelerince cezaland\u0131r\u0131lan \u00e7ocuklar\u0131n tahliyesine karar verildi. <\/p>\n<p><\/font><\/p>\n<p style=\"margin: 0cm 0cm 0pt\" class=\"MsoNormal\"><font face=\"Times New Roman\" size=\"3\">A\u0130LELER DURUMU HAZMEDEM\u0130YOR<\/p>\n<p><\/font><\/p>\n<p style=\"margin: 0cm 0cm 0pt\" class=\"MsoNormal\"><font face=\"Times New Roman\" size=\"3\">Bug\u00fcn de yine bildik g\u00f6r\u00fcnt\u00fcler ya\u015fanacak, \u00e7ocuklar birka\u00e7 dakikal\u0131\u011f\u0131na Bakan, Ba\u015fbakan ve Cumhurba\u015fkan\u0131n\u0131n koltuklar\u0131na oturacak. Kameralar \u00e7al\u0131\u015facak, fla\u015flar patlayacak. T\u00fcrkiye\u2019deki \u00e7ocuklar bu bildik manzaralar\u0131 merakla beklerken, Adana\u2019da 28 \u00e7ocuk 23 Nisan\u2019\u0131 cezaevinde kar\u015f\u0131layacak.<br \/>Adana\u2019da \u2018polise ta\u015f att\u0131klar\u0131\u2019 su\u00e7lamas\u0131yla tutuklanan \u00e7ocuklar\u0131n aileleri ise, \u201cBizim \u00e7ocuklar\u0131m\u0131z da 23 Nisan\u2019da cezaevi m\u00fcd\u00fcr\u00fcn\u00fcn koltu\u011funa m\u0131 oturacak?\u201d diye soruyor. Pozant\u0131 Cezaevi\u2019nde bulunan \u00e7ocuklar\u0131n anneleri bu durumu hazmedemiyor.<\/p>\n<p><\/font><\/p>\n<p style=\"margin: 0cm 0cm 0pt\" class=\"MsoNormal\"><font face=\"Times New Roman\" size=\"3\">\u2018\u0130\u00c7LER\u0130 RAHAT MI?\u2019<\/p>\n<p><\/font><\/p>\n<p style=\"margin: 0cm 0cm 0pt\" class=\"MsoNormal\"><font face=\"Times New Roman\" size=\"3\">\u00c7ocuklar\u0131n\u0131n maruz kald\u0131\u011f\u0131 k\u00f6t\u00fc muameleye dikkat \u00e7eken anneler Fadile \u00d6zbay, \u015eefike Alaga\u015f, Hediye Tufan, Safiye Beyna ve Ko\u00e7ero Uygur, \u201c\u00c7ocuklar\u0131m\u0131z cezaevinde bask\u0131 alt\u0131nda. Her gitti\u011fimizde a\u011fl\u0131yorlar. \u00c7ok zay\u0131flam\u0131\u015flar. Kendilerine bakam\u0131yor, ihtiya\u00e7lar\u0131n\u0131 kar\u015f\u0131layam\u0131yorlar. Psikolojileri bozulmu\u015f\u201d diye duygular\u0131n\u0131 dile getiriyor.<br \/>3 ay \u00f6nce g\u00f6zalt\u0131na al\u0131n\u0131rken kafas\u0131 k\u0131r\u0131lan S.U\u2019nun a\u011fabeyi Mikail Uygur, \u015f\u00f6yle konu\u015fuyor: \u201cDevlet b\u00fcy\u00fckleri \u00e7ocuklar\u0131 kendi koltuklar\u0131na oturtacak. Peki bizim \u00e7ocuklar\u0131m\u0131z nerde duracak acaba? Bizimkiler ranzalarda m\u0131 yoksa cezaevi m\u00fcd\u00fcr\u00fcn\u00fcn koltu\u011funa m\u0131 lay\u0131k g\u00f6r\u00fcl\u00fcyorlar? Nas\u0131l kutlayacaklar bu bayram\u0131, i\u00e7lerine sinecek mi? Tek dile\u011fimiz bizim \u00e7ocuklar\u0131m\u0131za da di\u011fer \u00e7ocuklar gibi yakla\u015fs\u0131nlar. Ayr\u0131m yap\u0131lmas\u0131n.\u201d<\/p>\n<p><\/font><\/p>\n<p style=\"margin: 0cm 0cm 0pt\" class=\"MsoNormal\"><font face=\"Times New Roman\" size=\"3\">\u2018G\u00d6ZALTINDA HEP D\u00d6VD\u00dcLER\u2019<\/p>\n<p><\/font><\/p>\n<p style=\"margin: 0cm 0cm 0pt\" class=\"MsoNormal\"><font face=\"Times New Roman\" size=\"3\">Tutuksuz yarg\u0131lanmak \u00fczere serbest b\u0131rak\u0131lan 15 ya\u015f\u0131ndaki V.\u00c7. hakk\u0131nda, Adana 6. ve 7. A\u011f\u0131r Ceza Mahkemelerinde 17 y\u0131ldan 37 y\u0131la kadar hapis cezas\u0131 istemiyle dava a\u00e7\u0131ld\u0131. D\u00f6v\u00fclerek g\u00f6zalt\u0131na al\u0131nan V.\u00c7, emniyette ve \u00e7ocuk \u015fubesinde de dayak yedi\u011fini anlatt\u0131. Mahkemede serbest b\u0131rak\u0131ld\u0131\u011f\u0131n\u0131 belirten V.\u00c7, \u201c\u0130kinci kez de beni eve gelip ald\u0131lar. Evde anneme \u2018kar\u0131\u015fmayaca\u011f\u0131z\u2019 dediler ama emniyete g\u00f6t\u00fcr\u00fcp d\u00f6vd\u00fcler. Sabahtan gece 3\u2019e kadar orda kald\u0131m. Orda hep d\u00f6v\u00fcyorlard\u0131. 23 Nisan bir anlam ifade etmiyor. Bayram bizim bayram de\u011fil\u201d dedi. <\/p>\n<p><\/font><\/p>\n<p style=\"margin: 0cm 0cm 0pt\" class=\"MsoNormal\"><font face=\"Times New Roman\" size=\"3\">\u2018\u00c7OCUK G\u0130B\u0130 YA\u015eAMIYORUZ K\u0130!\u2019<\/p>\n<p><\/font><\/p>\n<p style=\"margin: 0cm 0cm 0pt\" class=\"MsoNormal\"><font face=\"Times New Roman\" size=\"3\">\u0130ki kez g\u00f6zalt\u0131na al\u0131nan 11 ya\u015f\u0131ndaki Azad Bayav ise \u00e7ocuk bayram\u0131 diyince akl\u0131na, \u00e7ocuklar\u0131n gezmesi, e\u011flenmesi, sevinmesi geldi\u011fini s\u00f6yledi. \u201cAma bizim gibi \u00e7ocuklar bunu ya\u015fayam\u0131yor\u201d diyen Bayav, g\u00f6zalt\u0131nda ya\u015fad\u0131klar\u0131n\u0131 \u015f\u00f6yle anlatt\u0131: \u201cBizim elimizi k\u0131rmaya \u00e7al\u0131\u015ft\u0131lar. Bize k\u00fcf\u00fcr ettiler, dayak att\u0131lar, foto\u011fraf\u0131m\u0131z\u0131 \u00e7ektiler.\u201d 11 ya\u015f\u0131ndaki Abdurahman Tufan ise, \u00e7ocuk bayram\u0131 deyince akl\u0131na hi\u00e7bir \u015fey gelmedi\u011fini s\u00f6yledi. Tufan, \u201c\u00c7\u00fcnk\u00fc \u00e7ocuk gibi ya\u015fad\u0131\u011f\u0131m\u0131z hi\u00e7bir \u015fey yok. Burada bir park\u0131m\u0131z var. Mahallede g\u00f6steriler oldu\u011fu zaman polisler gelip buradaki oyun aletlerini k\u0131r\u0131yor. \u00c7ocuk bayram\u0131nda yine i\u015fe gidip \u00e7al\u0131\u015faca\u011f\u0131z\u201d diye konu\u015ftu.<\/font><\/p>\n","protected":false},"excerpt":{"rendered":"<p>Bug\u00fcn 23 Nisan \u00c7ocuk Bayram\u0131. T\u00fcrkiye\u2019de milyonlarca \u00e7ocuk, \u2018bayramlar\u0131na\u2019 uyand\u0131. Ancak Diyarbak\u0131r\u2019da 4 \u00e7ocuk daha zindan karanl\u0131\u011f\u0131na mahkum edildi. Adana\u2019da&#46;&#46;&#46;<\/p>\n","protected":false},"author":1,"featured_media":0,"comment_status":"closed","ping_status":"closed","sticky":false,"template":"","format":"standard","meta":{"_jetpack_memberships_contains_paid_content":false,"footnotes":""},"categories":[1],"tags":[],"class_list":["post-3578","post","type-post","status-publish","format-standard","hentry","category-ced"],"aioseo_notices":[],"jetpack_featured_media_url":"","jetpack_sharing_enabled":true,"jetpack-related-posts":[],"_links":{"self":[{"href":"http:\/\/www.ced.org.tr\/index.php?rest_route=\/wp\/v2\/posts\/3578","targetHints":{"allow":["GET"]}}],"collection":[{"href":"http:\/\/www.ced.org.tr\/index.php?rest_route=\/wp\/v2\/posts"}],"about":[{"href":"http:\/\/www.ced.org.tr\/index.php?rest_route=\/wp\/v2\/types\/post"}],"author":[{"embeddable":true,"href":"http:\/\/www.ced.org.tr\/index.php?rest_route=\/wp\/v2\/users\/1"}],"replies":[{"embeddable":true,"href":"http:\/\/www.ced.org.tr\/index.php?rest_route=%2Fwp%2Fv2%2Fcomments&post=3578"}],"version-history":[{"count":0,"href":"http:\/\/www.ced.org.tr\/index.php?rest_route=\/wp\/v2\/posts\/3578\/revisions"}],"wp:attachment":[{"href":"http:\/\/www.ced.org.tr\/index.php?rest_route=%2Fwp%2Fv2%2Fmedia&parent=3578"}],"wp:term":[{"taxonomy":"category","embeddable":true,"href":"http:\/\/www.ced.org.tr\/index.php?rest_route=%2Fwp%2Fv2%2Fcategories&post=3578"},{"taxonomy":"post_tag","embeddable":true,"href":"http:\/\/www.ced.org.tr\/index.php?rest_route=%2Fwp%2Fv2%2Ftags&post=3578"}],"curies":[{"name":"wp","href":"https:\/\/api.w.org\/{rel}","templated":true}]}}