{"id":3579,"date":"2009-04-24T06:28:13","date_gmt":"2009-04-24T03:28:13","guid":{"rendered":"http:\/\/www.ced.org.tr\/?p=3579"},"modified":"2009-04-24T06:28:13","modified_gmt":"2009-04-24T03:28:13","slug":"cocuga-dipcikli-23-nisan-dayagi","status":"publish","type":"post","link":"http:\/\/www.ced.org.tr\/?p=3579","title":{"rendered":"\u00c7OCU\u011eA D\u0130PC\u0130KL\u0130 23 N\u0130SAN DAYA\u011eI"},"content":{"rendered":"<div style=\"text-align: center\"><img loading=\"lazy\" decoding=\"async\" src=\"images\/stories\/belgeler\/dipciklidayak.jpg\" border=\"0\" alt=\"dipcikli dayak\" title=\"dipcikli dayak\" hspace=\"4\" width=\"510\" height=\"340\" \/><\/div>\n<p style=\"margin: 0cm 0cm 0pt\" class=\"MsoNormal\"><font face=\"Times New Roman\" size=\"3\">Ba\u015f\u0131ndan yaralanan \u00e7ocu\u011fun durumu a\u011f\u0131r <\/font><\/p>\n<p><font face=\"Times New Roman\" size=\"3\">DTP\u2019ye y\u00f6nelik yap\u0131lan operasyonlar\u0131 ve tutuklamalar\u0131n protesto edildi\u011fi Hakk\u00e2ri\u2019de olaylar \u00e7\u0131kt\u0131.\u00a0 Olaylar s\u0131ras\u0131nda 14\u00a0 ya\u015f\u0131ndaki Seyfi Turan ba\u015f\u0131ndan yaraland\u0131. Uzaktan \u00e7ekilen g\u00f6r\u00fcnt\u00fclerde bir polisin yakalad\u0131\u011f\u0131 \u00e7ocu\u011fa elindeki silahla s\u00fcrekli vurdu\u011fu g\u00f6r\u00fcld\u00fc. Yaralanan \u00e7ocuk, vatanda\u015flar taraf\u0131ndan hastaneye g\u00f6t\u00fcr\u00fcld\u00fc. \u00c7ocu\u011fun durumu a\u011f\u0131r. <\/font><br \/><font face=\"Times New Roman\" size=\"3\" \/><\/p>\n<p style=\"margin: 0cm 0cm 0pt\" class=\"MsoNormal\">Saat 14.00 s\u0131ralar\u0131nda Ba\u011flar Mahallesi\u2019nde yola barikat kurarak lastik yak\u0131p, trafi\u011fe kapatan yakla\u015f\u0131k 50 ki\u015fiden olu\u015fan 2 gruba, polis m\u00fcdahale etti. \u00c7evik Kuvvet ekipleri g\u00f6z ya\u015fart\u0131c\u0131 bomba ve bas\u0131n\u00e7l\u0131 su kullanarak grubu da\u011f\u0131tmaya \u00e7al\u0131\u015ft\u0131. G\u00f6stericiler de z\u0131rhl\u0131 ara\u00e7lara ve polise ta\u015f atarak kar\u015f\u0131l\u0131k verdi. <\/p>\n<p style=\"margin: 0cm 0cm 0pt\" class=\"MsoNormal\">Olay yerine \u00e7ok say\u0131da \u00e7evik kuvvet polisinin sevk edilmesi \u00fczerine, g\u00f6stericiler ara sokaklara da\u011f\u0131larak eylemlerini s\u00fcrd\u00fcrd\u00fc. Polis gruplar\u0131n da\u011f\u0131lmas\u0131 i\u00e7in zaman zaman havaya uyar\u0131 ate\u015f a\u00e7arken, g\u00f6stericilere de m\u00fcdahalede bulundu.<\/p>\n<p><\/font><\/p>\n<p style=\"margin: 0cm 0cm 0pt\" class=\"MsoNormal\"><font face=\"Times New Roman\" size=\"3\">Bu s\u0131rada 14 ya\u015flar\u0131ndaki bir g\u00f6sterici, ba\u015f\u0131ndan yaraland\u0131. G\u00f6stericiler yaral\u0131 olan arkada\u015flar\u0131n\u0131 bir s\u00fcre ta\u015f\u0131d\u0131ktan sonra olay yerine gelen ambulansa bindirerek, Hakk\u00e2ri Devlet Hastanesi\u2019ne kald\u0131rd\u0131. Olaylar\u0131n mahalle aras\u0131nda \u00e7\u0131kmas\u0131 y\u00fcz\u00fcnden vatanda\u015flar da zor anlar ya\u015fad\u0131. Baz\u0131 evler biber gaz\u0131 bombalar\u0131n\u0131n \u00e7\u0131kard\u0131\u011f\u0131 duman i\u00e7inde kald\u0131. Ara sokaklara da\u011f\u0131lan g\u00f6stericiler, uzun s\u00fcre z\u0131rhl\u0131 ara\u00e7larla takip edildi. <br \/><\/font><\/p>\n<p style=\"margin: 0cm 0cm 0pt\" class=\"MsoNormal\"><font face=\"Times New Roman\" size=\"3\">Bu arada, g\u00f6stericilerin yol ortas\u0131na kurduklar\u0131 barikatlar z\u0131rhl\u0131 ara\u00e7lar taraf\u0131ndan temizlendi. Olaylar\u0131n yer yer devam etti\u011fi Hakkari\u2019de polis geni\u015f g\u00fcvenlik \u00f6nlemleri ald\u0131. Ba\u011flar Mahallesi\u2019ne \u00e7ok sayada z\u0131rhl\u0131 ara\u00e7 ve \u00e7evik kuvvet ekibi sevk edildi.\u00a0<\/font><\/p>\n<p style=\"margin: 0cm 0cm 0pt\" class=\"MsoNormal\">\u00a0<\/p>\n<p style=\"margin: 0cm 0cm 0pt\" class=\"MsoNormal\"><font face=\"Times New Roman\" size=\"3\">YARALI GENC\u0130N SA\u011eLIK DURUMU C\u0130DD\u0130\u00a0<\/font><\/p>\n<p style=\"margin: 0cm 0cm 0pt\" class=\"MsoNormal\">\u00a0<\/p>\n<p style=\"margin: 0cm 0cm 0pt\" class=\"MsoNormal\"><font face=\"Times New Roman\" size=\"3\">Olaylar s\u0131ras\u0131nda yaralanan 3 ki\u015fiden, ba\u015f\u0131ndan ald\u0131\u011f\u0131 darbeyle kanlar i\u00e7inde kalan 14 ya\u015f\u0131ndaki Seyfi Turan&#8217;\u0131n durumu ciddiyetini koruyor. D\u00fcnden bu yana devam eden g\u00f6sterilere bug\u00fcn \u00f6\u011flen saatlerinde \u00d6zel Harek\u00e2t polislerinin m\u00fcdahalesi s\u0131ras\u0131nda ba\u015f\u0131ndan darbe alarak yere y\u0131k\u0131lan Seyfi Turan, arkada\u015flar\u0131 taraf\u0131ndan g\u00f6t\u00fcr\u00fcld\u00fc\u011f\u00fc Hakk\u00e2ri Devlet Hastanesi&#8217;nde ilk m\u00fcdahalenin ard\u0131ndan Van&#8217;a sevk edildi.\u00a0 Van Y\u00fcz\u00fcnc\u00fc Y\u0131l \u00dcniversitesi T\u0131p Fak\u00fcltesi Ara\u015ft\u0131rma Hastanesi&#8217;nde tedavisi s\u00fcren Seyfi Turan&#8217;\u0131n durumunun a\u011f\u0131r oldu\u011fu belirtildi.\u00a0<\/font><\/p>\n<p style=\"margin: 0cm 0cm 0pt\" class=\"MsoNormal\"><font face=\"Times New Roman\" size=\"3\">VAL\u0130: OLAYLAR B\u0130Z\u0130 \u00dcZD\u00dc\u00a0<\/font><\/p>\n<p style=\"margin: 0cm 0cm 0pt\" class=\"MsoNormal\">\u00a0<\/p>\n<p style=\"margin: 0cm 0cm 0pt\" class=\"MsoNormal\"><font face=\"Times New Roman\" size=\"3\">Hakk\u00e2ri Valisi Muammer T\u00fcrker, 23 Nisan Ulusal Egemenlik ve \u00c7ocuk Bayram\u0131 co\u015fkusunun ya\u015fand\u0131\u011f\u0131 bir g\u00fcnde kentin Ba\u011flar Mahallesi\u2019nde \u00e7\u0131kan olaylar\u0131n kendilerini \u00fczd\u00fc\u011f\u00fcn\u00fc s\u00f6yledi.\u00a0 Vali T\u00fcrker, olaylarda 1 ki\u015finin kafas\u0131ndan yaraland\u0131\u011f\u0131n\u0131, 1 ki\u015finin gazdan etkilendi\u011fini, 1 ki\u015finin de polisten ka\u00e7arken suya d\u00fc\u015ferek yaraland\u0131\u011f\u0131n\u0131 belirterek, \u201cBu olaylar t\u00fcm Hakk\u00e2ri halk\u0131n\u0131 da rahats\u0131z ediyor. \u00dcmit ediyoruz ki bir daha bu t\u00fcr olaylar ya\u015fanmas\u0131n. Hakk\u00e2ri\u2019de ilk defa bu y\u0131l 23 Nisan\u2019da bu kadar g\u00fczel bir etkinlik d\u00fczenlendi. Bu t\u00fcr g\u00fczelliklerin yans\u0131t\u0131lmas\u0131n\u0131 istiyoruz\u201d dedi.\u00a0 Vali Muammer T\u00fcrker, olaylar s\u0131ras\u0131nda \u015fu ana kadar 4 ki\u015finin de g\u00f6zalt\u0131na al\u0131nd\u0131\u011f\u0131n\u0131 belirtti.\u00a0<\/font><\/p>\n<p style=\"margin: 0cm 0cm 0pt\" class=\"MsoNormal\">\u00a0<\/p>\n<p style=\"margin: 0cm 0cm 0pt\" class=\"MsoNormal\"><font face=\"Times New Roman\" size=\"3\">POL\u0130S A\u00c7I\u011eA ALINDI <\/font><\/p>\n<p style=\"margin: 0cm 0cm 0pt\" class=\"MsoNormal\">\u00a0<\/p>\n<p style=\"margin: 0cm 0cm 0pt\" class=\"MsoNormal\"><font face=\"Times New Roman\" size=\"3\">Hakk\u00e2ri Valili\u011fi taraf\u0131ndan yap\u0131lan yaz\u0131l\u0131 a\u00e7\u0131klamada 14 ya\u015f\u0131ndaki Seyfi Turan&#8217;\u0131n yaralanmas\u0131na neden olan \u00d6zel Harekat&#8217;ta g\u00f6revli polis memurunun a\u00e7\u0131\u011fa al\u0131nd\u0131\u011f\u0131 bildirildi. Hakk\u00e2ri Valili\u011fi&#8217;nin a\u00e7\u0131klamas\u0131nda \u015fu ifadelere yer verildi:<\/font><\/p>\n<p style=\"margin: 0cm 0cm 0pt\" class=\"MsoNormal\"><font face=\"Times New Roman\" size=\"3\">\u201c23.04.2009 g\u00fcn\u00fc ilimiz merkezinde \u00f6\u011flen saatlerinden itibaren \u00e7e\u015fitli mahallelerde yap\u0131lan korsan g\u00f6steri ve g\u00fcvenlik kuvvetlerimizi ta\u015flama eylemlerimize g\u00fcvenlik kuvvetlerimiz taraf\u0131ndan Merzan Mahallesi civar\u0131nda yap\u0131lan m\u00fcdahaleler esnas\u0131nda bir g\u00fcvenlik g\u00f6revlimizin fevri hareketi neticesinde bir vatanda\u015f\u0131m\u0131z\u0131n yaralanmas\u0131 \u00fcz\u00fcnt\u00fc ile kar\u015f\u0131lanm\u0131\u015ft\u0131r. Bahse konu personel a\u00e7\u0131\u011fa al\u0131nm\u0131\u015f olup, sorumlular hakk\u0131nda gerekli soru\u015fturma ba\u015flat\u0131lm\u0131\u015ft\u0131r. Kamuoyuna sayg\u0131yla duyurulur.\u201d<\/font><\/p>\n","protected":false},"excerpt":{"rendered":"<p>Ba\u015f\u0131ndan yaralanan \u00e7ocu\u011fun durumu a\u011f\u0131r DTP\u2019ye y\u00f6nelik yap\u0131lan operasyonlar\u0131 ve tutuklamalar\u0131n protesto edildi\u011fi Hakk\u00e2ri\u2019de olaylar \u00e7\u0131kt\u0131.\u00a0 Olaylar s\u0131ras\u0131nda 14\u00a0 ya\u015f\u0131ndaki&#46;&#46;&#46;<\/p>\n","protected":false},"author":1,"featured_media":0,"comment_status":"closed","ping_status":"closed","sticky":false,"template":"","format":"standard","meta":{"_jetpack_memberships_contains_paid_content":false,"footnotes":""},"categories":[1],"tags":[],"class_list":["post-3579","post","type-post","status-publish","format-standard","hentry","category-ced"],"aioseo_notices":[],"jetpack_featured_media_url":"","jetpack_sharing_enabled":true,"jetpack-related-posts":[],"_links":{"self":[{"href":"http:\/\/www.ced.org.tr\/index.php?rest_route=\/wp\/v2\/posts\/3579","targetHints":{"allow":["GET"]}}],"collection":[{"href":"http:\/\/www.ced.org.tr\/index.php?rest_route=\/wp\/v2\/posts"}],"about":[{"href":"http:\/\/www.ced.org.tr\/index.php?rest_route=\/wp\/v2\/types\/post"}],"author":[{"embeddable":true,"href":"http:\/\/www.ced.org.tr\/index.php?rest_route=\/wp\/v2\/users\/1"}],"replies":[{"embeddable":true,"href":"http:\/\/www.ced.org.tr\/index.php?rest_route=%2Fwp%2Fv2%2Fcomments&post=3579"}],"version-history":[{"count":0,"href":"http:\/\/www.ced.org.tr\/index.php?rest_route=\/wp\/v2\/posts\/3579\/revisions"}],"wp:attachment":[{"href":"http:\/\/www.ced.org.tr\/index.php?rest_route=%2Fwp%2Fv2%2Fmedia&parent=3579"}],"wp:term":[{"taxonomy":"category","embeddable":true,"href":"http:\/\/www.ced.org.tr\/index.php?rest_route=%2Fwp%2Fv2%2Fcategories&post=3579"},{"taxonomy":"post_tag","embeddable":true,"href":"http:\/\/www.ced.org.tr\/index.php?rest_route=%2Fwp%2Fv2%2Ftags&post=3579"}],"curies":[{"name":"wp","href":"https:\/\/api.w.org\/{rel}","templated":true}]}}