{"id":3580,"date":"2009-04-27T11:10:00","date_gmt":"2009-04-27T08:10:00","guid":{"rendered":"http:\/\/www.ced.org.tr\/?p=3580"},"modified":"2009-04-27T11:10:00","modified_gmt":"2009-04-27T08:10:00","slug":"1-mayis-isci-bayrami-nihayet-tatil","status":"publish","type":"post","link":"http:\/\/www.ced.org.tr\/?p=3580","title":{"rendered":"1 MAYIS \u0130\u015e\u00c7\u0130 BAYRAMI N\u0130HAYET TAT\u0130L"},"content":{"rendered":"<p style=\"margin: 0cm 0cm 0pt\" class=\"MsoNormal\"><font face=\"Times New Roman\" size=\"3\">T\u00fcm d\u00fcnyada i\u015f\u00e7ilerin, emek\u00e7ilerin ve ezilen halklar\u0131n birlik, m\u00fccadele ve dayan\u0131\u015fma g\u00fcn\u00fc olarak kutlanan 1 May\u0131s pek \u00e7ok \u00fclkede de resmi tatil olarak ilan edilmi\u015fti. 1 May\u0131s\u2019\u0131n T\u00fcrkiye\u2019de resmi tatil olmas\u0131 emek\u00e7ilerin uzun soluklu ve \u00f6zverili m\u00fccadeleleri sonucunda ger\u00e7ekle\u015fti. TBMM\u2019de g\u00f6r\u00fc\u015f\u00fclen ve t\u00fcm siyasi partilerin olumlu oy kulland\u0131\u011f\u0131 yasa tasar\u0131s\u0131 27 Nisan 2009 tarih ve 27212 say\u0131l\u0131 resmi gazetede yay\u0131nlanarak yasa haline geldi. 1 May\u0131s \u201cEmek ve Dayan\u0131\u015fma g\u00fcn\u00fc\u201d olarak resmi tatil ilan edildi.<\/font><\/p>\n<p><font face=\"Times New Roman\" size=\"3\">\u00a0<\/font> <\/p>\n<p style=\"margin: 0cm 0cm 0pt\" class=\"MsoNormal\"><font face=\"Times New Roman\" size=\"3\">1 May\u0131s tatili nedeni ile t\u00fcm eczaneler kapal\u0131 olacak. 1 May\u0131s 2009 ak\u015fam\u0131 n\u00f6bet\u00e7i olan eczaneler g\u00fcnd\u00fczde d\u00e2hil olmak \u00fczere t\u00fcm g\u00fcn (24 saat) n\u00f6bet tutacaklar.<\/font><\/p>\n<p><font face=\"Times New Roman\" size=\"3\">\u00a0<\/font> <\/p>\n<p style=\"margin: 0cm 0cm 0pt\" class=\"MsoNormal\"><font face=\"Times New Roman\" size=\"3\">Meslekta\u015flar\u0131m\u0131za \u00f6nemle duyurulur.<\/font><\/p>\n","protected":false},"excerpt":{"rendered":"<p>T\u00fcm d\u00fcnyada i\u015f\u00e7ilerin, emek\u00e7ilerin ve ezilen halklar\u0131n birlik, m\u00fccadele ve dayan\u0131\u015fma g\u00fcn\u00fc olarak kutlanan 1 May\u0131s pek \u00e7ok \u00fclkede de&#46;&#46;&#46;<\/p>\n","protected":false},"author":1,"featured_media":0,"comment_status":"closed","ping_status":"closed","sticky":false,"template":"","format":"standard","meta":{"_jetpack_memberships_contains_paid_content":false,"footnotes":""},"categories":[1],"tags":[],"class_list":["post-3580","post","type-post","status-publish","format-standard","hentry","category-ced"],"aioseo_notices":[],"jetpack_featured_media_url":"","jetpack_sharing_enabled":true,"jetpack-related-posts":[],"_links":{"self":[{"href":"http:\/\/www.ced.org.tr\/index.php?rest_route=\/wp\/v2\/posts\/3580","targetHints":{"allow":["GET"]}}],"collection":[{"href":"http:\/\/www.ced.org.tr\/index.php?rest_route=\/wp\/v2\/posts"}],"about":[{"href":"http:\/\/www.ced.org.tr\/index.php?rest_route=\/wp\/v2\/types\/post"}],"author":[{"embeddable":true,"href":"http:\/\/www.ced.org.tr\/index.php?rest_route=\/wp\/v2\/users\/1"}],"replies":[{"embeddable":true,"href":"http:\/\/www.ced.org.tr\/index.php?rest_route=%2Fwp%2Fv2%2Fcomments&post=3580"}],"version-history":[{"count":0,"href":"http:\/\/www.ced.org.tr\/index.php?rest_route=\/wp\/v2\/posts\/3580\/revisions"}],"wp:attachment":[{"href":"http:\/\/www.ced.org.tr\/index.php?rest_route=%2Fwp%2Fv2%2Fmedia&parent=3580"}],"wp:term":[{"taxonomy":"category","embeddable":true,"href":"http:\/\/www.ced.org.tr\/index.php?rest_route=%2Fwp%2Fv2%2Fcategories&post=3580"},{"taxonomy":"post_tag","embeddable":true,"href":"http:\/\/www.ced.org.tr\/index.php?rest_route=%2Fwp%2Fv2%2Ftags&post=3580"}],"curies":[{"name":"wp","href":"https:\/\/api.w.org\/{rel}","templated":true}]}}