{"id":3583,"date":"2009-05-04T15:03:47","date_gmt":"2009-05-04T12:03:47","guid":{"rendered":"http:\/\/www.ced.org.tr\/?p=3583"},"modified":"2009-05-04T15:03:47","modified_gmt":"2009-05-04T12:03:47","slug":"1-mayista-1-mayis-alanindaydik","status":"publish","type":"post","link":"http:\/\/www.ced.org.tr\/?p=3583","title":{"rendered":"1 May\u0131s&#8217;ta 1 May\u0131s Alan\u0131ndayd\u0131k\u2026"},"content":{"rendered":"<p><font face=\"Times New Roman\" size=\"3\"><img loading=\"lazy\" decoding=\"async\" src=\"images\/stories\/belgeler\/1mayis09.jpg\" border=\"0\" alt=\"1 may\u0131s\" title=\"1 may\u0131s\" hspace=\"4\" vspace=\"4\" width=\"320\" height=\"198\" align=\"left\" \/>Bundan tam 32 \u00f6nce 1977 1 May\u0131s\u2019\u0131nda sendikalar\u0131n, demokratik kitle \u00f6rg\u00fctlerinin, siyasi partilerin \u00fcyelerinden olu\u015fan mah\u015feri bir kalabal\u0131k i\u015f\u00e7i s\u0131n\u0131f\u0131n\u0131n birlik, m\u00fccadele ve dayan\u0131\u015fma g\u00fcn\u00fcn\u00fc kutlamak \u00fczere Taksim meydan\u0131n\u0131 doldurmu\u015ftu. Egemen g\u00fc\u00e7lerin y\u00fcre\u011fine korku salan bu eylem kanl\u0131 bir provokasyonla k\u0131r\u0131ld\u0131. 32 y\u0131l sonra hala failleri bulunamayan bu katliam ile 37 emek\u00e7i katledildi, y\u00fczlercesi ise yaraland\u0131. 1978 1 May\u0131s\u0131\u2019nda i\u015f\u00e7iler, emek\u00e7iler bir kez daha Taksim alan\u0131n\u0131 doldurdu. Sonraki y\u0131llarda ise Taksim alan\u0131 emek\u00e7iler i\u00e7in yasak b\u00f6lge ilan edildi. Bu yasak 31 y\u0131ld\u0131r s\u00fcr\u00fcyor. G\u00fcvenlik gerek\u00e7esiyle i\u015f\u00e7ilere kapat\u0131lan Taksim alan\u0131 sportif faaliyetlere, siyasi parti mitinglerine, polis g\u00fcn\u00fc kutlamalar\u0131na, k\u00fclt\u00fcr ve sanat etkinliklerine ise ard\u0131na kadar a\u00e7\u0131ld\u0131. O g\u00fcn bug\u00fcnd\u00fcr emek\u00e7ilerin 1 May\u0131s i\u015f\u00e7i bayram\u0131n\u0131 Taksim\u2019de kutlama talepleri b\u00fcrokrasinin, siyasi iktidarlar\u0131n \u2018makul olmayan\u2019 engeline tak\u0131ld\u0131. Bu m\u00fccadele 31 y\u0131l boyunca s\u00fcrd\u00fc. 2009 1 May\u0131s\u0131 ile birlikte bu yasak s\u0131n\u0131rl\u0131da olsa kald\u0131r\u0131ld\u0131. \u2019Makul\u2019 say\u0131da kat\u0131l\u0131ma izin verildi.<\/font><font face=\"Times New Roman\" size=\"3\">\u00a0<\/font> <\/p>\n<p style=\"margin: 0cm 0cm 0pt\" class=\"MsoNormal\"><font face=\"Times New Roman\" size=\"3\">D\u0130SK\u2019in merkez binas\u0131n\u0131n yer ald\u0131\u011f\u0131 pangalt\u0131 bulu\u015fma merkeziydi. Ancak valilik ald\u0131\u011f\u0131 g\u00fcvenlik \u00f6nlemleriyle daha sabah\u0131n 5. 00\u2019inde \u2018Makul\u2019 say\u0131n\u0131n s\u0131n\u0131rlar\u0131n\u0131 tayin etmeye ba\u015flam\u0131\u015ft\u0131 bile\u2026 Saat 9. 00\u2019dan sonra ne sendika temsilcilerinden nede meslek \u00f6rg\u00fct\u00fc y\u00f6neticilerinden kimse alana sokulmad\u0131. \u2018Makul\u2019 say\u0131n\u0131n d\u0131\u015f\u0131nda kalanlar barikatlar\u0131n d\u0131\u015f\u0131nda tutulmu\u015ftu. T\u00fcm engellemelere ra\u011fmen barikatlar\u0131 a\u015f\u0131p y\u00fcr\u00fcy\u00fc\u015f kortejine kat\u0131lanlar\u0131n say\u0131s\u0131 artarak devam etti. Saat 10. 30\u2019da Taksim meydan\u0131na do\u011fru hareket eden kortej ad\u0131m ad\u0131m ilerleyebildi. Bu arada kortejdekilerde zaman zaman biber gaz\u0131ndan nasibini ald\u0131. \u00d6\u011flen saatlerinde ancak Taksim alan\u0131na girilebildi. <\/font><\/p>\n<p><font face=\"Times New Roman\" size=\"3\">\u00a0<\/font> <\/p>\n<p style=\"margin: 0cm 0cm 0pt\" class=\"MsoNormal\"><font face=\"Times New Roman\" size=\"3\">D\u0130SK, KESK, TMMOB. TTB Ba\u015fkan ve \u00fcyeleri. DTP VE CHP\u2019den \u00e7ok say\u0131da milletvekilinin. Demokratik kitle \u00f6rg\u00fct\u00fc temsilcilerinin, \u0130stanbul Eczac\u0131 Odas\u0131 Ba\u015fkan\u0131, \u00c7a\u011fda\u015f Eczac\u0131lar Derne\u011fi Ba\u015fkan\u0131 ve bir grup eczac\u0131 meslekta\u015f\u0131m\u0131z\u0131n yer ald\u0131\u011f\u0131 kortej Taksim meydan\u0131na \u2018\u0130\u015fte Taksim \u0130\u015fte 1 May\u0131s\u2019 slogan\u0131 ile girdi\u011finde kalabal\u0131k 5 bine ula\u015fm\u0131\u015ft\u0131. <\/font><\/p>\n<p><font face=\"Times New Roman\" size=\"3\">\u00a0<\/font> <\/p>\n<p style=\"margin: 0cm 0cm 0pt\" class=\"MsoNormal\"><font face=\"Times New Roman\" size=\"3\">Yasaklar delinmi\u015f, \u2018Makul\u2019 say\u0131 a\u015f\u0131lm\u0131\u015f ve 31 y\u0131l aradan sonra 1 May\u0131s 1 May\u0131s alan\u0131nda kitlesel bir kat\u0131l\u0131mla kutlan\u0131yordu ve Taksim meydan\u0131 bu tarihi ana tan\u0131kl\u0131k ediyordu.<\/font><\/p>\n<p><font face=\"Times New Roman\" size=\"3\">\u00a0<\/font> <\/p>\n<p style=\"margin: 0cm 0cm 0pt\" class=\"MsoNormal\"><font face=\"Times New Roman\" size=\"3\">Kazanc\u0131 yoku\u015funun ba\u015f\u0131nda kortej yerini al\u0131yor, 1 May\u0131s mar\u015f\u0131 ile \u015fehitlerimizi an\u0131yoruz. D\u0130SK ve KESK ba\u015fkan\u0131n\u0131n konu\u015fmalar\u0131ndan sonra 1 May\u0131s kutlamalar\u0131 sona eriyor, yasaklar\u0131n t\u00fcm\u00fc ile kalkt\u0131\u011f\u0131 yeni 1 May\u0131s\u2019lar\u0131 1 May\u0131s alan\u0131nda \u00f6zg\u00fcrce kutlamak dile\u011fiyle alandan ayr\u0131l\u0131yoruz.<\/font><\/p>\n<p style=\"margin: 0cm 0cm 0pt\" class=\"MsoNormal\">\u00a0<\/p>\n<p style=\"margin: 0cm 0cm 0pt\" class=\"MsoNormal\"><font face=\"Times New Roman\" size=\"3\">Ya\u015fas\u0131n 1 MAYIS<\/font><\/p>\n<p style=\"margin: 0cm 0cm 0pt\" class=\"MsoNormal\"><font face=\"Times New Roman\" size=\"3\">Ya\u015fas\u0131n i\u015f\u00e7i s\u0131n\u0131f\u0131n\u0131n birlik, m\u00fccadele ve dayan\u0131\u015fma g\u00fcn\u00fc<\/font><\/p>\n","protected":false},"excerpt":{"rendered":"<p>Bundan tam 32 \u00f6nce 1977 1 May\u0131s\u2019\u0131nda sendikalar\u0131n, demokratik kitle \u00f6rg\u00fctlerinin, siyasi partilerin \u00fcyelerinden olu\u015fan mah\u015feri bir kalabal\u0131k i\u015f\u00e7i s\u0131n\u0131f\u0131n\u0131n&#46;&#46;&#46;<\/p>\n","protected":false},"author":1,"featured_media":0,"comment_status":"closed","ping_status":"closed","sticky":false,"template":"","format":"standard","meta":{"_jetpack_memberships_contains_paid_content":false,"footnotes":""},"categories":[1],"tags":[],"class_list":["post-3583","post","type-post","status-publish","format-standard","hentry","category-ced"],"aioseo_notices":[],"jetpack_featured_media_url":"","jetpack_sharing_enabled":true,"jetpack-related-posts":[],"_links":{"self":[{"href":"http:\/\/www.ced.org.tr\/index.php?rest_route=\/wp\/v2\/posts\/3583","targetHints":{"allow":["GET"]}}],"collection":[{"href":"http:\/\/www.ced.org.tr\/index.php?rest_route=\/wp\/v2\/posts"}],"about":[{"href":"http:\/\/www.ced.org.tr\/index.php?rest_route=\/wp\/v2\/types\/post"}],"author":[{"embeddable":true,"href":"http:\/\/www.ced.org.tr\/index.php?rest_route=\/wp\/v2\/users\/1"}],"replies":[{"embeddable":true,"href":"http:\/\/www.ced.org.tr\/index.php?rest_route=%2Fwp%2Fv2%2Fcomments&post=3583"}],"version-history":[{"count":0,"href":"http:\/\/www.ced.org.tr\/index.php?rest_route=\/wp\/v2\/posts\/3583\/revisions"}],"wp:attachment":[{"href":"http:\/\/www.ced.org.tr\/index.php?rest_route=%2Fwp%2Fv2%2Fmedia&parent=3583"}],"wp:term":[{"taxonomy":"category","embeddable":true,"href":"http:\/\/www.ced.org.tr\/index.php?rest_route=%2Fwp%2Fv2%2Fcategories&post=3583"},{"taxonomy":"post_tag","embeddable":true,"href":"http:\/\/www.ced.org.tr\/index.php?rest_route=%2Fwp%2Fv2%2Ftags&post=3583"}],"curies":[{"name":"wp","href":"https:\/\/api.w.org\/{rel}","templated":true}]}}