{"id":3584,"date":"2009-05-05T07:49:12","date_gmt":"2009-05-05T04:49:12","guid":{"rendered":"http:\/\/www.ced.org.tr\/?p=3584"},"modified":"2009-05-05T07:49:12","modified_gmt":"2009-05-05T04:49:12","slug":"istanbul-eczaci-odasindan-ilac-sanayisine-uyari","status":"publish","type":"post","link":"http:\/\/www.ced.org.tr\/?p=3584","title":{"rendered":"\u0130STANBUL ECZACI ODASINDAN \u0130LA\u00c7 SANAY\u0130S\u0130NE UYARI!"},"content":{"rendered":"<p style=\"margin: 0cm 0cm 0pt\" class=\"MsoNormal\"><font face=\"Times New Roman\" size=\"3\">Bilindi\u011fi \u00fczere 2009 Y\u0131l\u0131 SGK Protokol\u00fc&#8217;nde yap\u0131lan yeni d\u00fczenlemeye g\u00f6re fatura \u00f6demeleri protokol\u00fcn y\u00fcr\u00fcrl\u00fck tarihi olan 1 \u015eubat 2009 tarihinden itibaren re\u00e7ete tesliminden 60 g\u00fcn sonra yap\u0131laca\u011f\u0131ndan 2009 y\u0131l\u0131 \u015eubat ay\u0131 faturalar\u0131n\u0131n geri \u00f6demeleri de herhangi bir gecikme ya\u015fanmad\u0131\u011f\u0131 takdirde en erken 15 May\u0131s 2009 tarihinde meslekta\u015flar\u0131m\u0131z\u0131n hesab\u0131na ge\u00e7ecektir. 2008 Protokol\u00fc&#8217;nde 45 g\u00fcn olan geri \u00f6deme s\u00fcresinin 2009 y\u0131l\u0131 Protokol\u00fc&#8217;yle 60 g\u00fcne \u00e7\u0131kar\u0131lmas\u0131 nedeniyle May\u0131s ay\u0131ndan ba\u015flamak \u00fczere eczanelerin da\u011f\u0131t\u0131m kanallar\u0131na vermi\u015f olduklar\u0131 \u00e7ek ve senetlerin geri \u00f6demelerinde de \u00e7ok b\u00fcy\u00fck sorunlar ya\u015fanacakt\u0131r.<\/font><\/p>\n<p><font face=\"Times New Roman\" size=\"3\">\u0130la\u00e7 \u00fcreticileri ve ithalat\u00e7\u0131lar\u0131n\u0131n firmalar\u0131na ait t\u00fcm ila\u00e7lardaki sat\u0131\u015f vadelerini ivedilikle 2009 SGK Protokol\u00fcnde yer alan geri \u00f6deme s\u00fcresine uygun olacak \u015fekilde d\u00fczenlemeleri ve da\u011f\u0131t\u0131m kanallar\u0131n\u0131n da eczanelerden yapacaklar\u0131 tahsilatlar\u0131n\u0131 bu d\u00fczenlemeler \u0131\u015f\u0131\u011f\u0131nda Sosyal G\u00fcvenlik Kurumu&#8217;nun geri \u00f6deme tarihine denk gelecek \u015fekilde yapmalar\u0131 gerekmektedir.<\/font> <\/p>\n<p style=\"margin: 0cm 0cm 0pt\" class=\"MsoNormal\"><font face=\"Times New Roman\" size=\"3\">Ayr\u0131ca ila\u00e7 firmalar\u0131n\u0131n sat\u0131\u015flarda eczanelere uygulamakta olduklar\u0131 %7 ticari iskontolar\u0131 bir\u00e7ok \u00fcr\u00fcnlerinde kald\u0131rd\u0131klar\u0131 ya da daha d\u00fc\u015f\u00fck iskontolarla vermeye ba\u015flad\u0131klar\u0131 Odam\u0131zca tespit edilmi\u015ftir. \u0130la\u00e7 sanayisinin \u00fcr\u00fcnlerine y\u00f6nelik artan rekabet ortam\u0131nda uygulad\u0131klar\u0131 yanl\u0131 politikalar nedeniyle giderek zay\u0131flayan eczane ekonomileri, bir de %7 oran\u0131ndaki ticari iskontolar\u0131n\u0131n kald\u0131r\u0131lmas\u0131 sonucu iflas noktas\u0131na gelmi\u015ftir. \u00c7ok say\u0131da eczane kapanma tehlikesi ile kar\u015f\u0131 kar\u015f\u0131yad\u0131r. Eczac\u0131lar a\u011f\u0131r kredi ve faiz y\u00fck\u00fc alt\u0131nda ezilmektedir. Her t\u00fcrl\u00fc olumsuz ko\u015fula ra\u011fmen sorumluluklar\u0131 gere\u011fi verdikleri ila\u00e7 hizmetini kararl\u0131l\u0131kla s\u00fcrd\u00fcrmeye devam eden meslekta\u015flar\u0131m\u0131z\u0131n ila\u00e7 sanayisinin bu uygulamalar\u0131n\u0131 daha fazla kald\u0131rmas\u0131 m\u00fcmk\u00fcn de\u011fildir.<\/font><\/p>\n<p style=\"margin: 0cm 0cm 0pt\" class=\"MsoNormal\">\n<p><font face=\"Times New Roman\" size=\"3\">Y\u00f6netim Kurulumuz meslekta\u015flar\u0131m\u0131z\u0131n sorunlar\u0131n\u0131n \u00e7\u00f6z\u00fcme ula\u015ft\u0131r\u0131lmas\u0131 amac\u0131yla ge\u00e7ti\u011fimiz hafta, \u00f6nce da\u011f\u0131t\u0131m kanallar\u0131 ile bir araya gelmi\u015ftir. Bu toplant\u0131ya Sel\u00e7uk, Hedef, Galenos Ecza Depolar\u0131n\u0131n ve \u0130stanbul Ecza Koop&#8217;un sorumlu y\u00f6neticileri kat\u0131lm\u0131\u015flard\u0131r. Yap\u0131lan g\u00f6r\u00fc\u015fmede Y\u00f6netim Kurulumuz, toplant\u0131ya kat\u0131lan da\u011f\u0131t\u0131m kanallar\u0131n\u0131n y\u00f6neticilerinden eczanelerimizin May\u0131s ay\u0131na y\u00f6nelik d\u00fczenlemi\u015f olduklar\u0131 \u00e7ek ve senetlerinin, SGK geri \u00f6demelerinin yap\u0131ld\u0131\u011f\u0131 g\u00fcnde tahsil edilmesini talep etti. Da\u011f\u0131t\u0131m kanallar\u0131n\u0131n temsilcileri, eczaneler \u00f6deme alamad\u0131klar\u0131 s\u00fcrece tahsilat yapmalar\u0131n\u0131n m\u00fcmk\u00fcn olamayaca\u011f\u0131n\u0131 ve bu nedenle de bu hususta gerekli hassasiyetin kendilerince g\u00f6sterilece\u011fini, \u00e7ek ve senetlerin i\u015fleme konulmayaca\u011f\u0131n\u0131 dile getirdiler. Ancak Y\u00f6netim Kurulumuzdan \u0130la\u00e7 Sanayi ile bu konuda g\u00f6r\u00fc\u015ferek sat\u0131\u015f vadelerinin uzat\u0131lmas\u0131n\u0131n sa\u011flanmas\u0131n\u0131 talep ettiler. \u0130la\u00e7 Sanayisinin sat\u0131\u015f vadelerini uzatmamas\u0131 halinde bu y\u00fck\u00fcn s\u00fcrekli olarak da\u011f\u0131t\u0131m kanallar\u0131n\u0131n s\u0131rt\u0131nda ta\u015f\u0131nmas\u0131n\u0131n m\u00fcmk\u00fcn olamayaca\u011f\u0131n\u0131 dile getirdiler. Ayr\u0131ca Sanayi ile yap\u0131lacak bu konudaki bir toplant\u0131ya kat\u0131labileceklerini de belirttiler.<\/font><\/p>\n<p style=\"margin: 0cm 0cm 0pt\" class=\"MsoNormal\">\n<p><font face=\"Times New Roman\" size=\"3\">Bu toplant\u0131n\u0131n ard\u0131ndan Y\u00f6netim Kurulumuz, Ara\u015ft\u0131rmac\u0131 \u0130la\u00e7 Sanayicileri Derne\u011fi&#8217;nden (A\u0130FD) \u00fcye firmalar\u0131n\u0131n \u00f6zellikle SGK \u00f6deme g\u00fcn\u00fcnden vadeleri k\u0131sa, iskontolar\u0131 yetersiz olan ila\u00e7lar\u0131yla ilgili olarak ya\u015fad\u0131\u011f\u0131m\u0131z sorunlar\u0131n g\u00f6r\u00fc\u015f\u00fcl\u00fcp \u00e7\u00f6z\u00fclmesine y\u00f6nelik ivedilikle randevu talebinde bulundu. Dernekle yapt\u0131\u011f\u0131m\u0131z g\u00f6r\u00fc\u015fmede, bu toplant\u0131n\u0131n en k\u0131sa s\u00fcrede yap\u0131lmamas\u0131 halinde eczac\u0131lar\u0131n sorunlar\u0131n\u0131 kendilerinin \u00e7\u00f6zmek i\u00e7in gerekli ad\u0131mlar\u0131 atabilecekleri ve bunun da alan\u0131m\u0131za olumsuz etkileri olabilece\u011fi \u0131srarla belirtildi. Toplant\u0131 talebimiz telefonda olumlu kar\u015f\u0131lanmas\u0131na ra\u011fmen ne yaz\u0131k ki kendilerinden bu g\u00fcne kadar konuyla ilgili herhangi bir geriye d\u00f6n\u00fc\u015f olmam\u0131\u015ft\u0131r.<\/font><\/p>\n<p style=\"margin: 0cm 0cm 0pt\" class=\"MsoNormal\">\n<p><font face=\"Times New Roman\" size=\"3\">Gelinen bu noktada ila\u00e7 sanayi ve ila\u00e7 da\u011f\u0131t\u0131m kanallar\u0131 uygulamalar\u0131n\u0131 yeniden g\u00f6zden ge\u00e7irmek zorundad\u0131rlar. \u00c7\u00fcnk\u00fc meslekta\u015flar\u0131m\u0131z \u015eubat 2009 SGK alacaklar\u0131 banka hesaplar\u0131na yatana kadar da\u011f\u0131t\u0131m kanallar\u0131na\u00a0verdikleri \u00e7ek ve senetlerin hi\u00e7 birini \u00f6deyemeyeceklerdir.\u00a0Ayr\u0131ca bundan sonra eczane \u00f6demelerinin en erken her ay\u0131n 15&#8217;inde yap\u0131laca\u011f\u0131 da g\u00f6zden ka\u00e7\u0131r\u0131lmamal\u0131d\u0131r.<\/font><\/p>\n<p style=\"margin: 0cm 0cm 0pt\" class=\"MsoNormal\">\n<p><font face=\"Times New Roman\" size=\"3\">\u0130la\u00e7 Firmalar\u0131 taraf\u0131ndan\u00a014 May\u0131s Eczac\u0131l\u0131k G\u00fcn\u00fc ak\u015fam\u0131na kadar \u00fcrettikleri ya da ithal ettikleri t\u00fcm \u00fcr\u00fcnlerin sat\u0131\u015f vadelerinin Sosyal G\u00fcvenlik Kurumunun geri \u00f6deme s\u00fcresinin alt\u0131nda kalmayacak \u015fekilde yeniden d\u00fczenlenmemesi ve %7 ticari iskontolar\u0131n t\u00fcm ila\u00e7larda uygulanmamas\u0131 durumunda 15 May\u0131s 2009 tarihinden itibaren meslekta\u015flar\u0131m\u0131za \u00f6nerilerimiz;<\/font><\/p>\n<p style=\"margin: 0cm 0cm 0pt\" class=\"MsoNormal\"><font face=\"Times New Roman\" size=\"3\">\u0130la\u00e7 al\u0131mlar\u0131n\u0131 minimize etmeleri,<\/font><\/p>\n<p style=\"margin: 0cm 0cm 0pt\" class=\"MsoNormal\"><font face=\"Times New Roman\" size=\"3\">Stoklu \u00e7al\u0131\u015fmaya son vermeleri,<\/font><\/p>\n<p style=\"margin: 0cm 0cm 0pt\" class=\"MsoNormal\"><font face=\"Times New Roman\" size=\"3\">Kampanyalara kat\u0131lmamalar\u0131,<\/font><\/p>\n<p style=\"margin: 0cm 0cm 0pt\" class=\"MsoNormal\"><font face=\"Times New Roman\" size=\"3\">\u0130la\u00e7 m\u00fcmessillerini eczanelerine kabul etmemeleri,<\/font><\/p>\n<p style=\"margin: 0cm 0cm 0pt\" class=\"MsoNormal\"><font face=\"Times New Roman\" size=\"3\">%7 ticari iskontolar\u0131 uygulamayan ila\u00e7 firmalar\u0131n\u0131n ila\u00e7lar\u0131n\u0131n yerine (kamunun destekledi\u011fi e\u015fde\u011fer ila\u00e7 uygulamas\u0131 kapsam\u0131nda) e\u015fde\u011ferlerinin hastaya verilmesi do\u011frultusundad\u0131r.<\/font><\/p>\n<p style=\"margin: 0cm 0cm 0pt\" class=\"MsoNormal\"><font face=\"Times New Roman\" size=\"3\">Bu uygulama s\u00fcresince hastalar\u0131m\u0131z hi\u00e7bir \u015fekilde ma\u011fdur edilmeyecek ve m\u00fccadelemiz, \u00a0taleplerimiz yerine getirilene kadar devam edecektir.<\/font><\/p>\n<p style=\"margin: 0cm 0cm 0pt\" class=\"MsoNormal\"><font face=\"Times New Roman\" size=\"3\">Kamuoyuna \u00f6nemle duyurulur.<\/font><\/p>\n<p style=\"margin: 0cm 0cm 0pt\" class=\"MsoNormal\"><font face=\"Times New Roman\" size=\"3\">\u0130stanbul Eczac\u0131 Odas\u0131<\/font><\/p>\n<p style=\"margin: 0cm 0cm 0pt\" class=\"MsoNormal\"><font face=\"Times New Roman\" size=\"3\">Y\u00f6netim Kurulu<\/font><\/p>\n","protected":false},"excerpt":{"rendered":"<p>Bilindi\u011fi \u00fczere 2009 Y\u0131l\u0131 SGK Protokol\u00fc&#8217;nde yap\u0131lan yeni d\u00fczenlemeye g\u00f6re fatura \u00f6demeleri protokol\u00fcn y\u00fcr\u00fcrl\u00fck tarihi olan 1 \u015eubat 2009 tarihinden&#46;&#46;&#46;<\/p>\n","protected":false},"author":1,"featured_media":0,"comment_status":"closed","ping_status":"closed","sticky":false,"template":"","format":"standard","meta":{"_jetpack_memberships_contains_paid_content":false,"footnotes":""},"categories":[1],"tags":[],"class_list":["post-3584","post","type-post","status-publish","format-standard","hentry","category-ced"],"aioseo_notices":[],"jetpack_featured_media_url":"","jetpack_sharing_enabled":true,"jetpack-related-posts":[],"_links":{"self":[{"href":"http:\/\/www.ced.org.tr\/index.php?rest_route=\/wp\/v2\/posts\/3584","targetHints":{"allow":["GET"]}}],"collection":[{"href":"http:\/\/www.ced.org.tr\/index.php?rest_route=\/wp\/v2\/posts"}],"about":[{"href":"http:\/\/www.ced.org.tr\/index.php?rest_route=\/wp\/v2\/types\/post"}],"author":[{"embeddable":true,"href":"http:\/\/www.ced.org.tr\/index.php?rest_route=\/wp\/v2\/users\/1"}],"replies":[{"embeddable":true,"href":"http:\/\/www.ced.org.tr\/index.php?rest_route=%2Fwp%2Fv2%2Fcomments&post=3584"}],"version-history":[{"count":0,"href":"http:\/\/www.ced.org.tr\/index.php?rest_route=\/wp\/v2\/posts\/3584\/revisions"}],"wp:attachment":[{"href":"http:\/\/www.ced.org.tr\/index.php?rest_route=%2Fwp%2Fv2%2Fmedia&parent=3584"}],"wp:term":[{"taxonomy":"category","embeddable":true,"href":"http:\/\/www.ced.org.tr\/index.php?rest_route=%2Fwp%2Fv2%2Fcategories&post=3584"},{"taxonomy":"post_tag","embeddable":true,"href":"http:\/\/www.ced.org.tr\/index.php?rest_route=%2Fwp%2Fv2%2Ftags&post=3584"}],"curies":[{"name":"wp","href":"https:\/\/api.w.org\/{rel}","templated":true}]}}