{"id":3587,"date":"2009-05-18T09:46:36","date_gmt":"2009-05-18T06:46:36","guid":{"rendered":"http:\/\/www.ced.org.tr\/?p=3587"},"modified":"2009-05-18T09:46:36","modified_gmt":"2009-05-18T06:46:36","slug":"sgk-guvencesi-olmayanlar-parasiz-doguramayacak","status":"publish","type":"post","link":"http:\/\/www.ced.org.tr\/?p=3587","title":{"rendered":"SGK G\u00dcVENCES\u0130 OLMAYANLAR PARASIZ DO\u011eURAMAYACAK&#8230;"},"content":{"rendered":"<p><img loading=\"lazy\" decoding=\"async\" src=\"images\/stories\/belgeler\/parasizdoguramazsin.jpg\" border=\"0\" alt=\"paras\u0131z do\u011furamazs\u0131n\" title=\"paras\u0131z do\u011furamazs\u0131n\" hspace=\"4\" vspace=\"4\" width=\"360\" height=\"238\" align=\"left\" \/><\/p>\n<p style=\"margin: 0cm 0cm 0pt\" class=\"MsoNormal\"><font face=\"Times New Roman\" size=\"3\">\u2018SOSYAL G\u00fcvenlik Haftas\u0131\u2019 s\u00fcrerken\u00a0 SGK\u2019n\u0131n g\u00fcvencesi olmayan hamilelere \u00fccretsiz muayene ve do\u011fum uygulamas\u0131na son verdi\u011fi ortaya \u00e7\u0131kt\u0131.<\/font><\/p>\n<p style=\"margin: 0cm 0cm 0pt\" class=\"MsoNormal\"><font face=\"Times New Roman\" size=\"3\">SGK\u2019n\u0131n hamilelere \u00fccretsiz muayene uygulamas\u0131n\u0131 kald\u0131rd\u0131\u011f\u0131 Sosyal G\u00fcvenlik Haftas\u0131\u2019nda ortaya \u00e7\u0131kt\u0131. SGK taraf\u0131ndan yay\u0131nlanan 2008 Sa\u011fl\u0131k Uygulama Tebli\u011fi\u2019nde (SUT) \u2018Provizyon i\u015flemleri\u2019 ba\u015fl\u0131\u011f\u0131 alt\u0131nda, 2\u2019nci maddenin A \u015f\u0131kk\u0131n\u0131n 7\u2019inci maddesinde hamileli\u011fin ba\u015flad\u0131\u011f\u0131 tarihten itibaren tekil hamilelikte ilk 8 hafta, \u00e7o\u011ful hamilelikte ise ilk 10 hafta sosyal g\u00fcvencesi olmayan kad\u0131nlar\u0131n muayene ve do\u011fum masraflar\u0131n\u0131n SGK taraf\u0131ndan kar\u015f\u0131lanaca\u011f\u0131 belirtiliyordu. <\/font><\/p>\n<p style=\"margin: 0cm 0cm 0pt\" class=\"MsoNormal\"><font face=\"Times New Roman\" size=\"3\">Bu madde kapsam\u0131nda herhangi bir sosyal g\u00fcvencesi olmayan hamilelerin, tekil hamilelikte ilk iki ay, \u00e7o\u011ful hamilelikte ilk 2.5 ayl\u0131k muayeneleri ve tedavileri SGK taraf\u0131ndan kar\u015f\u0131land\u0131. Ayr\u0131ca do\u011fum masraflar\u0131 da \u00f6dendi. Ancak bu uygulaman\u0131n bir s\u00fcre \u00f6nce iptal edildi\u011fini ve bu t\u00fcr vakalar\u0131n faturalar\u0131n\u0131n SGK taraf\u0131ndan \u00f6denmemeye ba\u015flad\u0131\u011f\u0131 ortaya \u00e7\u0131kt\u0131. Ad\u0131n\u0131 a\u00e7\u0131klamak istemeyen bir hastane yetkilisi, sosyal g\u00fcvencesi olmayan kad\u0131nlar\u0131n hamilelik durumunda muayene ve tedavi masraflar\u0131n\u0131n SGK taraf\u0131ndan \u00f6denmemesinin kendilerini de zor durumda b\u0131rakt\u0131\u011f\u0131n\u0131 s\u00f6yleyerek \u015funlar\u0131 s\u00f6yledi:\u00a0 \u201cSosyal g\u00fcvencesi olmayan hamilelere durum anlat\u0131l\u0131yor, \u00f6deyen kal\u0131yor, \u00f6deyemeyen gidiyor. E\u011fer do\u011fum yapacaksa taahh\u00fctname al\u0131p, taksitlendiriyoruz. Uygulama neden iptal edildi, bilmiyoruz. Ama \u00e7ift tarafl\u0131 ma\u011fduriyet s\u00f6z konusu. \u00dccretsiz hizmet alamayan ki\u015filer de hizmeti verip paras\u0131n\u0131 alamayan hastaneler de ma\u011fdur oluyor. Sorunun \u00e7\u00f6z\u00fcm\u00fcn\u00fc bekliyoruz.\u201d<\/font><\/p>\n<p style=\"margin: 0cm 0cm 0pt\" class=\"MsoNormal\"><font face=\"Times New Roman\" size=\"3\">SGK \u0130zmir \u0130l M\u00fcd\u00fcr\u00fc Mustafa Keskin ise olay\u0131 do\u011frulad\u0131. Devlet hastanelerinin, faturalar\u0131n\u0131n \u00f6denmemeye ba\u015flamas\u0131 \u00fczerine konuyu arkada\u015flar\u0131na bildirdi\u011fini, onlar\u0131n da SGK\u2019y\u0131 aray\u0131p ne yapmalar\u0131 gerekti\u011fini sordu\u011funu s\u00f6yleyen Keskin, \u201cSGK a\u00e7\u0131k bir \u015fekilde \u2018\u00d6deme yapmayacaks\u0131n\u0131z\u2019 diye cevap verdi. Bizim anlamad\u0131\u011f\u0131m\u0131z bir problem var. Yine de ben ilgilenece\u011fim, \u00e7\u00f6zmeye \u00e7al\u0131\u015faca\u011f\u0131m. Biraz beklemek laz\u0131m\u201d dedi.<\/p>\n<p>\u2018SGK VATANDA\u015eIN CEB\u0130NE Y\u00d6NEL\u0130YOR\u2019<\/font><\/p>\n<p style=\"margin: 0cm 0cm 0pt\" class=\"MsoNormal\"><font face=\"Times New Roman\" size=\"3\">T\u00fcrk Tabipleri Birli\u011fi (TTB)\u00a0 Merkez Konseyi \u00fcyesi Ali \u00c7erkezo\u011flu\u00a0 yapt\u0131\u011f\u0131 a\u00e7\u0131klamada, &#8220;SGK&#8217;n\u0131n varolu\u015f sebebi sa\u011fl\u0131k sisteminin finansman\u0131nda vatanda\u015f\u0131n cebine y\u00f6nelmektik. SGK herhangi bir zarar durumunda bunu kar\u015f\u0131lamak i\u00e7in vatanda\u015fa y\u00f6neliyor. Bunun gibi uygulamalar\u0131 biz bir y\u0131ldan bu yana\u00a0 ele\u015ftiriyorduk. Bu uygulamada AKP\u2019onun somut \u00f6rne\u011fi. SGK sa\u011fl\u0131k sistemininin finansman\u0131n\u0131 b\u00fct\u00e7eden\u00a0 kar\u015f\u0131lamak yerine vatanda\u015fa y\u00f6neldik\u00e7e bu t\u00fcr uygulamalarla ka\u015f\u0131la\u015fmaya devam edece\u011fiz&#8221; dedi.<\/font><\/p>\n","protected":false},"excerpt":{"rendered":"<p>\u2018SOSYAL G\u00fcvenlik Haftas\u0131\u2019 s\u00fcrerken\u00a0 SGK\u2019n\u0131n g\u00fcvencesi olmayan hamilelere \u00fccretsiz muayene ve do\u011fum uygulamas\u0131na son verdi\u011fi ortaya \u00e7\u0131kt\u0131. SGK\u2019n\u0131n hamilelere \u00fccretsiz&#46;&#46;&#46;<\/p>\n","protected":false},"author":1,"featured_media":0,"comment_status":"closed","ping_status":"closed","sticky":false,"template":"","format":"standard","meta":{"_jetpack_memberships_contains_paid_content":false,"footnotes":""},"categories":[1],"tags":[],"class_list":["post-3587","post","type-post","status-publish","format-standard","hentry","category-ced"],"aioseo_notices":[],"jetpack_featured_media_url":"","jetpack_sharing_enabled":true,"jetpack-related-posts":[],"_links":{"self":[{"href":"http:\/\/www.ced.org.tr\/index.php?rest_route=\/wp\/v2\/posts\/3587","targetHints":{"allow":["GET"]}}],"collection":[{"href":"http:\/\/www.ced.org.tr\/index.php?rest_route=\/wp\/v2\/posts"}],"about":[{"href":"http:\/\/www.ced.org.tr\/index.php?rest_route=\/wp\/v2\/types\/post"}],"author":[{"embeddable":true,"href":"http:\/\/www.ced.org.tr\/index.php?rest_route=\/wp\/v2\/users\/1"}],"replies":[{"embeddable":true,"href":"http:\/\/www.ced.org.tr\/index.php?rest_route=%2Fwp%2Fv2%2Fcomments&post=3587"}],"version-history":[{"count":0,"href":"http:\/\/www.ced.org.tr\/index.php?rest_route=\/wp\/v2\/posts\/3587\/revisions"}],"wp:attachment":[{"href":"http:\/\/www.ced.org.tr\/index.php?rest_route=%2Fwp%2Fv2%2Fmedia&parent=3587"}],"wp:term":[{"taxonomy":"category","embeddable":true,"href":"http:\/\/www.ced.org.tr\/index.php?rest_route=%2Fwp%2Fv2%2Fcategories&post=3587"},{"taxonomy":"post_tag","embeddable":true,"href":"http:\/\/www.ced.org.tr\/index.php?rest_route=%2Fwp%2Fv2%2Ftags&post=3587"}],"curies":[{"name":"wp","href":"https:\/\/api.w.org\/{rel}","templated":true}]}}