{"id":3588,"date":"2009-05-20T06:56:12","date_gmt":"2009-05-20T03:56:12","guid":{"rendered":"http:\/\/www.ced.org.tr\/?p=3588"},"modified":"2009-05-20T06:56:12","modified_gmt":"2009-05-20T03:56:12","slug":"onbinler-ugurladi","status":"publish","type":"post","link":"http:\/\/www.ced.org.tr\/?p=3588","title":{"rendered":"ONB\u0130NLER U\u011eURLADI\u2026"},"content":{"rendered":"<div style=\"text-align: center\"><img loading=\"lazy\" decoding=\"async\" src=\"images\/stories\/belgeler\/turkansaylan.jpg\" border=\"0\" alt=\"prof. dr. t\u00fcrkan saylan\" title=\"prof. dr. t\u00fcrkan saylan\" vspace=\"4\" width=\"550\" height=\"241\" \/><\/div>\n<p style=\"margin: 0cm 0cm 0pt\" class=\"MsoNormal\"><font face=\"Times New Roman\" size=\"3\">Ya\u015fam\u0131 c\u00fczzam ve gericilik ile m\u00fccadele i\u00e7inde ge\u00e7en \u00c7a\u011fda\u015f Ya\u015fam\u0131 Destekleme Derne\u011fi (\u00c7YDD)<\/font><\/p>\n<p style=\"margin: 0cm 0cm 0pt\" class=\"MsoNormal\"><font face=\"Times New Roman\" size=\"3\">Genel Ba\u015fkan\u0131 ve bilim insan\u0131 Prof. Dr. T\u00fcrkan SAYLAN tedavi g\u00f6rd\u00fc\u011f\u00fc hastanede ya\u015fama veda etti. T\u00fcrkan SAYLAN i\u00e7in ilk t\u00f6ren L\u00fctfi K\u0131rdar Kongre Salon\u2019unda d\u00fczenlendi. Burada yap\u0131lan anma t\u00f6reninden sonra cenaze Te\u015fvikiye camii\u2019ne kald\u0131r\u0131ld\u0131. \u0130kindi namaz\u0131n\u0131n ard\u0131ndan onbinlerin e\u015fli\u011finde Zincirlikuyu mezarl\u0131\u011f\u0131nda topra\u011fa verildi.<\/font><\/p>\n","protected":false},"excerpt":{"rendered":"<p>Ya\u015fam\u0131 c\u00fczzam ve gericilik ile m\u00fccadele i\u00e7inde ge\u00e7en \u00c7a\u011fda\u015f Ya\u015fam\u0131 Destekleme Derne\u011fi (\u00c7YDD) Genel Ba\u015fkan\u0131 ve bilim insan\u0131 Prof. Dr.&#46;&#46;&#46;<\/p>\n","protected":false},"author":1,"featured_media":0,"comment_status":"closed","ping_status":"closed","sticky":false,"template":"","format":"standard","meta":{"_jetpack_memberships_contains_paid_content":false,"footnotes":""},"categories":[1],"tags":[],"class_list":["post-3588","post","type-post","status-publish","format-standard","hentry","category-ced"],"aioseo_notices":[],"jetpack_featured_media_url":"","jetpack_sharing_enabled":true,"jetpack-related-posts":[],"_links":{"self":[{"href":"http:\/\/www.ced.org.tr\/index.php?rest_route=\/wp\/v2\/posts\/3588","targetHints":{"allow":["GET"]}}],"collection":[{"href":"http:\/\/www.ced.org.tr\/index.php?rest_route=\/wp\/v2\/posts"}],"about":[{"href":"http:\/\/www.ced.org.tr\/index.php?rest_route=\/wp\/v2\/types\/post"}],"author":[{"embeddable":true,"href":"http:\/\/www.ced.org.tr\/index.php?rest_route=\/wp\/v2\/users\/1"}],"replies":[{"embeddable":true,"href":"http:\/\/www.ced.org.tr\/index.php?rest_route=%2Fwp%2Fv2%2Fcomments&post=3588"}],"version-history":[{"count":0,"href":"http:\/\/www.ced.org.tr\/index.php?rest_route=\/wp\/v2\/posts\/3588\/revisions"}],"wp:attachment":[{"href":"http:\/\/www.ced.org.tr\/index.php?rest_route=%2Fwp%2Fv2%2Fmedia&parent=3588"}],"wp:term":[{"taxonomy":"category","embeddable":true,"href":"http:\/\/www.ced.org.tr\/index.php?rest_route=%2Fwp%2Fv2%2Fcategories&post=3588"},{"taxonomy":"post_tag","embeddable":true,"href":"http:\/\/www.ced.org.tr\/index.php?rest_route=%2Fwp%2Fv2%2Ftags&post=3588"}],"curies":[{"name":"wp","href":"https:\/\/api.w.org\/{rel}","templated":true}]}}