{"id":3594,"date":"2009-06-15T09:34:49","date_gmt":"2009-06-15T06:34:49","guid":{"rendered":"http:\/\/www.ced.org.tr\/?p=3594"},"modified":"2009-06-15T09:34:49","modified_gmt":"2009-06-15T06:34:49","slug":"surekli-kullanim-raporlari-ve-belediye-polikliniklerince-duzenlenen-receteler-hakkinda","status":"publish","type":"post","link":"http:\/\/www.ced.org.tr\/?p=3594","title":{"rendered":"S\u00fcrekli Kullan\u0131m Raporlar\u0131 ve Belediye Polikliniklerince D\u00fczenlenen Re\u00e7eteler Hakk\u0131nda"},"content":{"rendered":"<p style=\"margin: 0cm 0cm 0pt\" class=\"MsoNormal\"><font face=\"Times New Roman\" size=\"3\">15.06.2009 tarihi itibar\u0131yla ge\u00e7erlili\u011fi bitecek Emekli Sand\u0131\u011f\u0131 s\u00fcrekli kullan\u0131m raporlar\u0131 ve belediye poliklinikleri taraf\u0131ndan d\u00fczenlenen re\u00e7etelerin kar\u015f\u0131lanmas\u0131n\u0131n\u00a0sona erdirilmesi uygulamas\u0131 ile ilgili olarak TEB taraf\u0131ndan yap\u0131lan duyuru a\u015fa\u011f\u0131daki \u015fekildedir.<\/p>\n<p>Meslekta\u015flar\u0131m\u0131z\u0131n bilgisine \u00f6nemle sunulur.<\/font><\/p>\n<p><font face=\"Times New Roman\" size=\"3\"><\/p>\n<p style=\"margin: 0cm 0cm 0pt\" class=\"MsoNormal\">\u00a0<\/p>\n<p><\/font><\/p>\n<p style=\"margin: 0cm 0cm 0pt\" class=\"MsoNormal\"><font face=\"Times New Roman\" size=\"3\">S\u00dcREKL\u0130 KULLANIM RAPORLARI VE BELED\u0130YE POL\u0130KL\u0130N\u0130KLER\u0130NCE D\u00dcZENLENEN RE\u00c7ETELER HAKKINDA<\/font><\/p>\n<p><font face=\"Times New Roman\" size=\"3\">\u00a0<\/font> <\/p>\n<p style=\"margin: 0cm 0cm 0pt\" class=\"MsoNormal\"><font face=\"Times New Roman\" size=\"3\">36.A.00.005849\u00a0\u00a0\u00a0\u00a0\u00a0\u00a0\u00a0<br \/>Ankara, 15.06.2009<\/font><\/p>\n<p><font face=\"Times New Roman\" size=\"3\">\u00a0<\/font> <\/p>\n<p style=\"margin: 0cm 0cm 0pt\" class=\"MsoNormal\"><font face=\"Times New Roman\" size=\"3\">B\u00d6LGE ECZACI ODASI <br \/>Y\u00d6NET\u0130M KURULU BA\u015eKANLI\u011eINA<\/font><\/p>\n<p><font face=\"Times New Roman\" size=\"3\">\u00a0<\/font> <\/p>\n<p style=\"margin: 0cm 0cm 0pt\" class=\"MsoNormal\"><font face=\"Times New Roman\" size=\"3\">29.09.2008 tarih, 27012 say\u0131l\u0131 Resmi gazete&#8217;de yay\u0131mlanarak y\u00fcr\u00fcrl\u00fc\u011fe giren 2008 Y\u0131l\u0131 Sosyal G\u00fcvenlik Kurumu Sa\u011fl\u0131k Uygulama Tebli\u011finde, 22.10.2008 tarihli Resmi Gazetede yap\u0131lan de\u011fi\u015fiklik ile;<\/font><\/p>\n<p><font face=\"Times New Roman\" size=\"3\">\u00a0<\/font> <\/p>\n<p style=\"margin: 0cm 0cm 0pt\" class=\"MsoNormal\"><font face=\"Times New Roman\" size=\"3\">&#8220;SUT&#8217;un y\u00fcr\u00fcrl\u00fc\u011fe girmesinden \u00f6nce d\u00fczenlenen sa\u011fl\u0131k raporlar\u0131, raporun d\u00fczenlendi\u011fi tarihte y\u00fcr\u00fcrl\u00fckte bulunan SUT h\u00fck\u00fcmlerine uygun olmas\u0131 kayd\u0131yla 31.12.2008 tarihine kadar (bu tarih dahil) ge\u00e7erlidir. SUT&#8217;un y\u00fcr\u00fcrl\u00fck tarihinden \u00f6nce d\u00fczenlenmi\u015f SUT h\u00fck\u00fcmlerine uygun olan sa\u011fl\u0131k raporlar\u0131 ise SUT&#8217;ta belirlenen s\u00fcreleri boyunca ge\u00e7erlidir h\u00fckm\u00fc getirilmi\u015ftir.&#8221;<\/font><\/p>\n<p><font face=\"Times New Roman\" size=\"3\">\u00a0<\/font> <\/p>\n<p style=\"margin: 0cm 0cm 0pt\" class=\"MsoNormal\"><font face=\"Times New Roman\" size=\"3\">Di\u011fer yandan, SUT&#8217;un 12.1.3 Maddesi 5.F\u0131kras\u0131 &#8220;Sa\u011fl\u0131k raporlar\u0131, SUT&#8217;ta \u00f6zel d\u00fczenlemeler hari\u00e7 olmak \u00fczere en fazla iki y\u0131l s\u00fcre ile ge\u00e7erlidir. Kurum bilgisayar kay\u0131tlar\u0131na s\u00fcresiz olarak girilmi\u015f sa\u011fl\u0131k raporlar\u0131 15.06.2007 tarihinden 2 y\u0131l s\u00fcre ile ge\u00e7erli kabul edilir.&#8221; H\u00fckm\u00fc gere\u011fince, Emekli Sand\u0131\u011f\u0131 s\u00fcrekli kullan\u0131m raporlar\u0131, SUT&#8217;da \u00f6zel d\u00fczenlemeler hari\u00e7 olmak \u00fczere 15.06.2009 tarihine kadar ge\u00e7erlidir.<\/font><\/p>\n<p><font face=\"Times New Roman\" size=\"3\">\u00a0<\/font> <\/p>\n<p style=\"margin: 0cm 0cm 0pt\" class=\"MsoNormal\"><font face=\"Times New Roman\" size=\"3\">Birli\u011fimize, s\u00fcrekli kullan\u0131m raporlar\u0131n\u0131n ge\u00e7erlili\u011finin 15.06.2009 tarihi itibariyle\u00a0sona erdirilmesi ve belediye poliklinikleri taraf\u0131ndan d\u00fczenlenen re\u00e7etelerin kar\u015f\u0131lanmas\u0131n\u0131n\u00a0sona erdirilmesi uygulamalar\u0131\u00a0ile ilgili olarak, Dan\u0131\u015ftay taraf\u0131ndan y\u00fcr\u00fctmeyi durdurma kararlar\u0131n\u0131n al\u0131nd\u0131\u011f\u0131 duyumu ula\u015fm\u0131\u015ft\u0131r. Kurum yetkilileri taraf\u0131ndan, konunun Hukuk M\u00fc\u015favirlikleri taraf\u0131ndan de\u011ferlendirilme a\u015famas\u0131nda oldu\u011fu ve \u00f6n\u00fcm\u00fczdeki s\u00fcre\u00e7te a\u00e7\u0131klama yap\u0131laca\u011f\u0131 bilgisi verilmektedir.<\/font><\/p>\n<p><font face=\"Times New Roman\" size=\"3\">\u00a0<\/font> <\/p>\n<p style=\"margin: 0cm 0cm 0pt\" class=\"MsoNormal\"><font face=\"Times New Roman\" size=\"3\">Kurum taraf\u0131ndan ikinci bir a\u00e7\u0131klaman\u0131n yap\u0131laca\u011f\u0131 tarihe kadar, s\u00f6zle\u015fmeli eczaneler a\u00e7\u0131s\u0131ndan herhangi bir ma\u011fduriyet ya\u015famamas\u0131 amac\u0131yla, konunun bir kez daha \u00fcyelerinize hat\u0131rlat\u0131lmas\u0131n\u0131 \u00f6nemle rica ederim.<\/font><\/p>\n<p><span style=\"font-family: 'Times New Roman'; font-size: 12pt\">Sayg\u0131lar\u0131mla,<\/span><\/p>\n<p><span style=\"font-family: 'Times New Roman'; font-size: 12pt\"><span style=\"font-family: 'Times New Roman'; font-size: 12pt\">Ecz.\u00d6zg\u00fcr \u00d6ZEL <br \/>Genel Sekreter<\/span><\/span><\/p>\n","protected":false},"excerpt":{"rendered":"<p>15.06.2009 tarihi itibar\u0131yla ge\u00e7erlili\u011fi bitecek Emekli Sand\u0131\u011f\u0131 s\u00fcrekli kullan\u0131m raporlar\u0131 ve belediye poliklinikleri taraf\u0131ndan d\u00fczenlenen re\u00e7etelerin kar\u015f\u0131lanmas\u0131n\u0131n\u00a0sona erdirilmesi uygulamas\u0131 ile&#46;&#46;&#46;<\/p>\n","protected":false},"author":1,"featured_media":0,"comment_status":"closed","ping_status":"closed","sticky":false,"template":"","format":"standard","meta":{"_jetpack_memberships_contains_paid_content":false,"footnotes":""},"categories":[1],"tags":[],"class_list":["post-3594","post","type-post","status-publish","format-standard","hentry","category-ced"],"aioseo_notices":[],"jetpack_featured_media_url":"","jetpack_sharing_enabled":true,"jetpack-related-posts":[],"_links":{"self":[{"href":"http:\/\/www.ced.org.tr\/index.php?rest_route=\/wp\/v2\/posts\/3594","targetHints":{"allow":["GET"]}}],"collection":[{"href":"http:\/\/www.ced.org.tr\/index.php?rest_route=\/wp\/v2\/posts"}],"about":[{"href":"http:\/\/www.ced.org.tr\/index.php?rest_route=\/wp\/v2\/types\/post"}],"author":[{"embeddable":true,"href":"http:\/\/www.ced.org.tr\/index.php?rest_route=\/wp\/v2\/users\/1"}],"replies":[{"embeddable":true,"href":"http:\/\/www.ced.org.tr\/index.php?rest_route=%2Fwp%2Fv2%2Fcomments&post=3594"}],"version-history":[{"count":0,"href":"http:\/\/www.ced.org.tr\/index.php?rest_route=\/wp\/v2\/posts\/3594\/revisions"}],"wp:attachment":[{"href":"http:\/\/www.ced.org.tr\/index.php?rest_route=%2Fwp%2Fv2%2Fmedia&parent=3594"}],"wp:term":[{"taxonomy":"category","embeddable":true,"href":"http:\/\/www.ced.org.tr\/index.php?rest_route=%2Fwp%2Fv2%2Fcategories&post=3594"},{"taxonomy":"post_tag","embeddable":true,"href":"http:\/\/www.ced.org.tr\/index.php?rest_route=%2Fwp%2Fv2%2Ftags&post=3594"}],"curies":[{"name":"wp","href":"https:\/\/api.w.org\/{rel}","templated":true}]}}