{"id":3596,"date":"2009-06-22T09:33:51","date_gmt":"2009-06-22T06:33:51","guid":{"rendered":"http:\/\/www.ced.org.tr\/?p=3596"},"modified":"2009-06-22T09:33:51","modified_gmt":"2009-06-22T06:33:51","slug":"2008-yili-sgk-saglik-uygulama-tebliginde-degisiklik-yapilmasina-dair-teblig-yayimlandi","status":"publish","type":"post","link":"http:\/\/www.ced.org.tr\/?p=3596","title":{"rendered":"2008 YILI SGK SA\u011eLIK UYGULAMA TEBL\u0130\u011e\u0130NDE DE\u011e\u0130\u015e\u0130KL\u0130K YAPILMASINA DA\u0130R TEBL\u0130\u011e YAYIMLANDI"},"content":{"rendered":"<p style=\"margin: 0cm 0cm 0pt\" class=\"MsoNormal\"><font face=\"Times New Roman\" size=\"3\">Sosyal G\u00fcvenlik Kurumu taraf\u0131ndan 20.06.2009 tarih 27264 say\u0131l\u0131 Resmi Gazete&#8217;de 2008 Y\u0131l\u0131 Sosyal G\u00fcvenlik Kurumu Sa\u011fl\u0131k Uygulama Tebli\u011finde De\u011fi\u015fiklik Yap\u0131lmas\u0131na Dair Tebli\u011f yay\u0131mland\u0131. Yap\u0131lan de\u011fi\u015fiklikle, e\u015fde\u011fer ila\u00e7lar i\u00e7in uygulanan %22 band\u0131 %15&#8217;e indirildi. Bu de\u011fi\u015fiklik 01.08.2009 tarihinden itibaren y\u00fcr\u00fcrl\u00fc\u011fe girecektir.<\/font><\/p>\n<p><font face=\"Times New Roman\" size=\"3\">\u00a0<\/font><font face=\"Times New Roman\" size=\"3\"> <\/font><\/p>\n<p style=\"margin: 0cm 0cm 0pt\" class=\"MsoNormal\"><font face=\"Times New Roman\" size=\"3\">2008 YILI SOSYAL G\u00dcVENL\u0130K KURUMU SA\u011eLIK UYGULAMA <\/font><\/p>\n<p style=\"margin: 0cm 0cm 0pt\" class=\"MsoNormal\"><font face=\"Times New Roman\" size=\"3\">TEBL\u0130\u011e\u0130NDE DE\u011e\u0130\u015e\u0130KL\u0130K YAPILMASINA DA\u0130R TEBL\u0130\u011e<\/font><\/p>\n<p><font face=\"Times New Roman\" size=\"3\">\u00a0<\/font> <\/p>\n<p style=\"margin: 0cm 0cm 0pt\" class=\"MsoNormal\"><font face=\"Times New Roman\" size=\"3\">MADDE 1 \u2013 29\/9\/2008 tarihli ve 27012 say\u0131l\u0131 birinci m\u00fckerrer Resm\u00ee Gazete\u2019de yay\u0131mlanarak y\u00fcr\u00fcrl\u00fc\u011fe giren \u201c2008 Y\u0131l\u0131 Sosyal G\u00fcvenlik Kurumu Sa\u011fl\u0131k Uygulama Tebli\u011fi\u201d nin (SUT) \u201cYurt D\u0131\u015f\u0131ndan \u0130la\u00e7 Getirilmesi\u201d ba\u015fl\u0131kl\u0131 (13) numaral\u0131 maddesinin son f\u0131kras\u0131ndan sonra gelmek \u00fczere a\u015fa\u011f\u0131daki f\u0131kra eklenmi\u015ftir;<\/font><\/p>\n<p><font face=\"Times New Roman\" size=\"3\">\u00a0<\/font> <\/p>\n<p style=\"margin: 0cm 0cm 0pt\" class=\"MsoNormal\"><font face=\"Times New Roman\" size=\"3\">\u201cSa\u011fl\u0131k Hizmetleri Fiyatland\u0131rma Komisyonunca, fiyat art\u0131\u015f\u0131 olmas\u0131 nedeni ile fiyatlar\u0131 g\u00fcncellenen ve ithal ila\u00e7 provizyon sisteminde kayd\u0131 bulunmayan ila\u00e7lar\u0131n onaylanan fiyatlar\u0131 \u201cYurtd\u0131\u015f\u0131 \u0130la\u00e7 Fiyat Listesi\u201d (EK-2\/G) Listesinde belirtilmi\u015ftir.\u201d <\/font><\/p>\n<p><font face=\"Times New Roman\" size=\"3\">\u00a0<\/font> <\/p>\n<p style=\"margin: 0cm 0cm 0pt\" class=\"MsoNormal\"><font face=\"Times New Roman\" size=\"3\">MADDE 2 \u2013 SUT\u2019un (14.2) numaral\u0131 maddesinde a\u015fa\u011f\u0131da belirtilen d\u00fczenlemeler yap\u0131lm\u0131\u015ft\u0131r.<\/font><\/p>\n<p style=\"margin: 0cm 0cm 0pt\" class=\"MsoNormal\"><font face=\"Times New Roman\" size=\"3\">a) (14.2) numaral\u0131 maddenin ikinci f\u0131kras\u0131n\u0131n birinci c\u00fcmlesinde yer alan \u201c%22\u201d ibaresi \u201c%15\u201d olarak de\u011fi\u015ftirilmi\u015ftir.<\/font><\/p>\n<p style=\"margin: 0cm 0cm 0pt\" class=\"MsoNormal\"><font face=\"Times New Roman\" size=\"3\">b)\u00a0 (14.2) numaral\u0131 maddenin (\u00e7) bendinde yer alan \u201c%22\u201d ibaresi \u201c%15\u201d olarak de\u011fi\u015ftirilmi\u015ftir.\u00a0 <\/font><\/p>\n<p><font face=\"Times New Roman\" size=\"3\">\u00a0<\/font> <\/p>\n<p style=\"margin: 0cm 0cm 0pt\" class=\"MsoNormal\"><font face=\"Times New Roman\" size=\"3\">MADDE 3 \u2013 Bu Tebli\u011fin ekinde yer alan (1) numaral\u0131 liste, SUT ekine \u201cYurtd\u0131\u015f\u0131 \u0130la\u00e7 Fiyat Listesi (EK-2\/G)\u201d olarak ilave edilmi\u015ftir.<\/font><\/p>\n<p><font face=\"Times New Roman\" size=\"3\">\u00a0<\/font> <\/p>\n<p style=\"margin: 0cm 0cm 0pt\" class=\"MsoNormal\"><font face=\"Times New Roman\" size=\"3\">MADDE 4 \u2013 SUT eki \u201cFiyatland\u0131r\u0131lm\u0131\u015f T\u0131bbi Sarf Malzemeleri Listesi\u201d nde (EK-5\/A); birim fiyat de\u011fi\u015fikli\u011fi yap\u0131lan kodlar ve belirlenen fiyatlar, bu Tebli\u011f eki (2) numaral\u0131 listede belirtildi\u011fi \u015fekilde yeniden d\u00fczenlenmi\u015ftir.<\/font><\/p>\n<p><font face=\"Times New Roman\" size=\"3\">\u00a0<\/font> <\/p>\n<p style=\"margin: 0cm 0cm 0pt\" class=\"MsoNormal\"><font face=\"Times New Roman\" size=\"3\">MADDE 5 \u2013 Bu Tebli\u011fin;<\/font><\/p>\n<p style=\"margin: 0cm 0cm 0pt\" class=\"MsoNormal\"><font face=\"Times New Roman\" size=\"3\">a) (1), (3) ve (4)\u00a0 numaral\u0131 maddeleri 1\/6\/2009 tarihinden ge\u00e7erli olmak \u00fczere yay\u0131m\u0131 tarihinde, <\/font><\/p>\n<p style=\"margin: 0cm 0cm 0pt\" class=\"MsoNormal\"><font face=\"Times New Roman\" size=\"3\">b) (2) numaral\u0131 maddesi 1\/8\/2009 tarihinde,<\/font><\/p>\n<p style=\"margin: 0cm 0cm 0pt\" class=\"MsoNormal\"><font face=\"Times New Roman\" size=\"3\">y\u00fcr\u00fcrl\u00fc\u011fe girer.<\/font><\/p>\n<p><font face=\"Times New Roman\" size=\"3\">\u00a0<\/font> <\/p>\n<p style=\"margin: 0cm 0cm 0pt\" class=\"MsoNormal\"><font face=\"Times New Roman\" size=\"3\">MADDE 6 \u2013 Bu Tebli\u011f h\u00fck\u00fcmlerini Sosyal G\u00fcvenlik Kurumu Ba\u015fkan\u0131 y\u00fcr\u00fct\u00fcr.<\/font><\/p>\n","protected":false},"excerpt":{"rendered":"<p>Sosyal G\u00fcvenlik Kurumu taraf\u0131ndan 20.06.2009 tarih 27264 say\u0131l\u0131 Resmi Gazete&#8217;de 2008 Y\u0131l\u0131 Sosyal G\u00fcvenlik Kurumu Sa\u011fl\u0131k Uygulama Tebli\u011finde De\u011fi\u015fiklik Yap\u0131lmas\u0131na&#46;&#46;&#46;<\/p>\n","protected":false},"author":1,"featured_media":0,"comment_status":"closed","ping_status":"closed","sticky":false,"template":"","format":"standard","meta":{"_jetpack_memberships_contains_paid_content":false,"footnotes":""},"categories":[1],"tags":[],"class_list":["post-3596","post","type-post","status-publish","format-standard","hentry","category-ced"],"aioseo_notices":[],"jetpack_featured_media_url":"","jetpack_sharing_enabled":true,"jetpack-related-posts":[],"_links":{"self":[{"href":"http:\/\/www.ced.org.tr\/index.php?rest_route=\/wp\/v2\/posts\/3596","targetHints":{"allow":["GET"]}}],"collection":[{"href":"http:\/\/www.ced.org.tr\/index.php?rest_route=\/wp\/v2\/posts"}],"about":[{"href":"http:\/\/www.ced.org.tr\/index.php?rest_route=\/wp\/v2\/types\/post"}],"author":[{"embeddable":true,"href":"http:\/\/www.ced.org.tr\/index.php?rest_route=\/wp\/v2\/users\/1"}],"replies":[{"embeddable":true,"href":"http:\/\/www.ced.org.tr\/index.php?rest_route=%2Fwp%2Fv2%2Fcomments&post=3596"}],"version-history":[{"count":0,"href":"http:\/\/www.ced.org.tr\/index.php?rest_route=\/wp\/v2\/posts\/3596\/revisions"}],"wp:attachment":[{"href":"http:\/\/www.ced.org.tr\/index.php?rest_route=%2Fwp%2Fv2%2Fmedia&parent=3596"}],"wp:term":[{"taxonomy":"category","embeddable":true,"href":"http:\/\/www.ced.org.tr\/index.php?rest_route=%2Fwp%2Fv2%2Fcategories&post=3596"},{"taxonomy":"post_tag","embeddable":true,"href":"http:\/\/www.ced.org.tr\/index.php?rest_route=%2Fwp%2Fv2%2Ftags&post=3596"}],"curies":[{"name":"wp","href":"https:\/\/api.w.org\/{rel}","templated":true}]}}