{"id":3597,"date":"2009-06-22T15:18:14","date_gmt":"2009-06-22T12:18:14","guid":{"rendered":"http:\/\/www.ced.org.tr\/?p=3597"},"modified":"2009-06-22T15:18:14","modified_gmt":"2009-06-22T12:18:14","slug":"ilac-alimlarina-dikkat","status":"publish","type":"post","link":"http:\/\/www.ced.org.tr\/?p=3597","title":{"rendered":"\u0130LA\u00c7 ALIMLARINA D\u0130KKAT!"},"content":{"rendered":"<p style=\"margin: 0cm 0cm 0pt\" class=\"MsoNormal\"><font face=\"Times New Roman\" size=\"3\">Sosyal G\u00fcvenlik Kurumu taraf\u0131ndan 20.06.2009 tarih ve27264 say\u0131l\u0131 resmi gazetede yay\u0131mlanan 2008 y\u0131l\u0131 Sa\u011fl\u0131k Uygulama Tebli\u011fi\u2019nde de\u011fi\u015fiklik yap\u0131lmas\u0131na dair tebli\u011fde yap\u0131lan de\u011fi\u015fiklikle e\u015fde\u011fer ila\u00e7 band\u0131 y\u00fczde 22\u2019den 15\u2019e d\u00fc\u015f\u00fcr\u00fcld\u00fc. E\u015fde\u011fer ila\u00e7 skalas\u0131n\u0131 daraltan tebli\u011fin y\u00fcr\u00fcrl\u00fck tarihi ise 1 A\u011fustos 2008\u2026<\/font><\/p>\n<p><font face=\"Times New Roman\" size=\"3\">\u00a0<\/font> <\/p>\n<p style=\"margin: 0cm 0cm 0pt\" class=\"MsoNormal\"><font face=\"Times New Roman\" size=\"3\">Bu de\u011fi\u015fikli\u011fin eczane ekonomilerine yans\u0131mas\u0131na gelince. Band\u0131n a\u015fa\u011f\u0131 \u00e7ekilmesiyle e\u015fde\u011fer ila\u00e7lar\u0131n a\u011f\u0131rl\u0131kl\u0131 bir b\u00f6l\u00fcm\u00fc ya geri \u00f6deme sisteminin d\u0131\u015f\u0131nda kalacak yada bu t\u00fcr ila\u00e7larda fiyat fark\u0131 sorunu ya\u015fanacak. Geri \u00f6deme sisteminin d\u0131\u015f\u0131nda kalmak istemeyen ila\u00e7 firmalar\u0131n\u0131n bug\u00fcne kadarki uygulamalar\u0131, ila\u00e7 fiyatlar\u0131n\u0131 geri \u00e7ekilmesinden \u00e7ok, sanayi iskontolar\u0131n\u0131n y\u00fckseltilmesi \u015feklinde ger\u00e7ekle\u015fmi\u015f.2008 y\u0131l\u0131 Sa\u011fl\u0131k Uygulama Tebli\u011finde yap\u0131lan son de\u011fi\u015fiklikle de olacak olan budur. E\u015fde\u011fer ila\u00e7 band\u0131n\u0131n %22\u2019den %15\u2019e \u00e7ekilmesi olu\u015fan %7\u2019lik fark sanayi iskontosuna yans\u0131yacak bunun faturas\u0131 da yine eczanelere \u00e7\u0131kacak!<\/font><\/p>\n<p><font face=\"Times New Roman\" size=\"3\">\u00a0<\/font> <\/p>\n<p style=\"margin: 0cm 0cm 0pt\" class=\"MsoNormal\"><font face=\"Times New Roman\" size=\"3\">1 A\u011fustosta y\u00fcr\u00fcrl\u00fc\u011fe girecek bu uygulamaya kar\u015f\u0131 t\u00fcm meslekta\u015flar\u0131m\u0131z\u0131n ila\u00e7 al\u0131m politikalar\u0131n\u0131 g\u00f6zden ge\u00e7irmeleri gerekiyor. \u0130la\u00e7 al\u0131mlar\u0131 minimize edilmeli, kampanyal\u0131 ila\u00e7 al\u0131mlar\u0131ndan uzak durulmal\u0131d\u0131r.<\/font><\/p>\n","protected":false},"excerpt":{"rendered":"<p>Sosyal G\u00fcvenlik Kurumu taraf\u0131ndan 20.06.2009 tarih ve27264 say\u0131l\u0131 resmi gazetede yay\u0131mlanan 2008 y\u0131l\u0131 Sa\u011fl\u0131k Uygulama Tebli\u011fi\u2019nde de\u011fi\u015fiklik yap\u0131lmas\u0131na dair tebli\u011fde&#46;&#46;&#46;<\/p>\n","protected":false},"author":1,"featured_media":0,"comment_status":"closed","ping_status":"closed","sticky":false,"template":"","format":"standard","meta":{"_jetpack_memberships_contains_paid_content":false,"footnotes":""},"categories":[1],"tags":[],"class_list":["post-3597","post","type-post","status-publish","format-standard","hentry","category-ced"],"aioseo_notices":[],"jetpack_featured_media_url":"","jetpack_sharing_enabled":true,"jetpack-related-posts":[],"_links":{"self":[{"href":"http:\/\/www.ced.org.tr\/index.php?rest_route=\/wp\/v2\/posts\/3597","targetHints":{"allow":["GET"]}}],"collection":[{"href":"http:\/\/www.ced.org.tr\/index.php?rest_route=\/wp\/v2\/posts"}],"about":[{"href":"http:\/\/www.ced.org.tr\/index.php?rest_route=\/wp\/v2\/types\/post"}],"author":[{"embeddable":true,"href":"http:\/\/www.ced.org.tr\/index.php?rest_route=\/wp\/v2\/users\/1"}],"replies":[{"embeddable":true,"href":"http:\/\/www.ced.org.tr\/index.php?rest_route=%2Fwp%2Fv2%2Fcomments&post=3597"}],"version-history":[{"count":0,"href":"http:\/\/www.ced.org.tr\/index.php?rest_route=\/wp\/v2\/posts\/3597\/revisions"}],"wp:attachment":[{"href":"http:\/\/www.ced.org.tr\/index.php?rest_route=%2Fwp%2Fv2%2Fmedia&parent=3597"}],"wp:term":[{"taxonomy":"category","embeddable":true,"href":"http:\/\/www.ced.org.tr\/index.php?rest_route=%2Fwp%2Fv2%2Fcategories&post=3597"},{"taxonomy":"post_tag","embeddable":true,"href":"http:\/\/www.ced.org.tr\/index.php?rest_route=%2Fwp%2Fv2%2Ftags&post=3597"}],"curies":[{"name":"wp","href":"https:\/\/api.w.org\/{rel}","templated":true}]}}