{"id":3598,"date":"2009-06-24T11:20:18","date_gmt":"2009-06-24T08:20:18","guid":{"rendered":"http:\/\/www.ced.org.tr\/?p=3598"},"modified":"2009-06-24T11:20:18","modified_gmt":"2009-06-24T08:20:18","slug":"itodan-donusum-programina-isyan","status":"publish","type":"post","link":"http:\/\/www.ced.org.tr\/?p=3598","title":{"rendered":"\u0130TO&#8217;DAN D\u00d6N\u00dc\u015e\u00dcM PROGRAMINA \u0130SYAN"},"content":{"rendered":"<p style=\"margin: 0cm 0cm 0pt\" class=\"MsoNormal\"><font face=\"Times New Roman\" size=\"3\"><img loading=\"lazy\" decoding=\"async\" src=\"images\/stories\/belgeler\/ito230609.jpg\" border=\"0\" alt=\"ito\" title=\"ito\" hspace=\"4\" vspace=\"4\" width=\"200\" height=\"153\" align=\"left\" \/>\u0130stanbul Tabip Odas\u0131, Sosyal G\u00fcvenlik Kurumu Ba\u015fkanl\u0131\u011f\u0131n\u0131n yay\u0131nlad\u0131\u011f\u0131 Sa\u011fl\u0131kta D\u00f6n\u00fc\u015f\u00fcm Program\u0131n\u0131n muayenehaneler ve polikliniklerde ortaya \u00e7\u0131kartt\u0131\u011f\u0131 sorunlara ve hekimlere kar\u015f\u0131 yapt\u0131\u011f\u0131 haks\u0131zl\u0131klara kar\u015f\u0131 il Sa\u011fl\u0131k M\u00fcd\u00fcrl\u00fc\u011f\u00fc \u00f6n\u00fcnde bas\u0131n a\u00e7\u0131klamas\u0131 yapt\u0131.<\/font><\/p>\n<p style=\"margin: 0cm 0cm 0pt\" class=\"MsoNormal\"><font face=\"Times New Roman\" size=\"3\">A\u00e7\u0131klamada, \u201cSa\u011fl\u0131kta D\u00f6n\u00fc\u015f\u00fcm Program\u0131 \u00e7er\u00e7evesinde muayenehanelere kar\u015f\u0131 \u0131srarla s\u00fcrd\u00fcr\u00fclen \u201cyok sayma\u201d anlay\u0131\u015f\u0131; mesle\u011fi ba\u011f\u0131ms\u0131z olarak icra etme hakk\u0131n\u0131 fiilen gasp etmekte ve hekimleri ba\u011f\u0131ml\u0131, \u00fccretli olarak \u00e7al\u0131\u015fmak zorunlulu\u011fu ile kar\u015f\u0131 kar\u015f\u0131ya b\u0131rakmaktad\u0131r. Ku\u015fkusuz ki bu uygulamalar sadece hekime ve mesle\u011fe\/mesleki ba\u011f\u0131ms\u0131zl\u0131\u011fa de\u011fil, hastalara zarar vermektedir. \u00c7\u00fcnk\u00fc hekimin mesle\u011fini ba\u011f\u0131ms\u0131z icra edememesi, sunulan sa\u011fl\u0131k hizmetinin niteli\u011fini\/kalitesini de etkilemekte, hastalar m\u00fc\u015fteri kavram\u0131 i\u00e7erisinde \u00f6zel sermayenin hasta ve hastal\u0131k \u00fczerinden \u00e7\u0131kar sa\u011flama, kar etme iste\u011fine terk edilmektedir. Bu nedenlerle ki muayenehaneler ve polikliniklerde ya\u015fanan sorunlara, hekimlere ve hekimlik mesle\u011fine kar\u015f\u0131 yap\u0131lan haks\u0131zl\u0131klara sahip \u00e7\u0131kman\u0131n toplumun sa\u011fl\u0131k a\u00e7\u0131s\u0131ndan gelece\u011fine sahip \u00e7\u0131kmak oldu\u011funa inan\u0131yoruz. Bu do\u011frultuda Sa\u011fl\u0131k Bakanl\u0131\u011f\u0131ndan Sa\u011fl\u0131kta D\u00f6n\u00fc\u015f\u00fcm Program\u0131n\u0131 durdurmas\u0131n\u0131 ve SGK\u2019n\u0131n \u00f6zel sekt\u00f6rden yana olan \u201cayr\u0131mc\u0131l\u0131k\u201d anlay\u0131\u015f\u0131ndan uzakla\u015fmas\u0131n\u0131 bekliyoruz\u201d denildi.<\/font><\/p>\n","protected":false},"excerpt":{"rendered":"<p>\u0130stanbul Tabip Odas\u0131, Sosyal G\u00fcvenlik Kurumu Ba\u015fkanl\u0131\u011f\u0131n\u0131n yay\u0131nlad\u0131\u011f\u0131 Sa\u011fl\u0131kta D\u00f6n\u00fc\u015f\u00fcm Program\u0131n\u0131n muayenehaneler ve polikliniklerde ortaya \u00e7\u0131kartt\u0131\u011f\u0131 sorunlara ve hekimlere kar\u015f\u0131&#46;&#46;&#46;<\/p>\n","protected":false},"author":1,"featured_media":0,"comment_status":"closed","ping_status":"closed","sticky":false,"template":"","format":"standard","meta":{"_jetpack_memberships_contains_paid_content":false,"footnotes":""},"categories":[1],"tags":[],"class_list":["post-3598","post","type-post","status-publish","format-standard","hentry","category-ced"],"aioseo_notices":[],"jetpack_featured_media_url":"","jetpack_sharing_enabled":true,"jetpack-related-posts":[],"_links":{"self":[{"href":"http:\/\/www.ced.org.tr\/index.php?rest_route=\/wp\/v2\/posts\/3598","targetHints":{"allow":["GET"]}}],"collection":[{"href":"http:\/\/www.ced.org.tr\/index.php?rest_route=\/wp\/v2\/posts"}],"about":[{"href":"http:\/\/www.ced.org.tr\/index.php?rest_route=\/wp\/v2\/types\/post"}],"author":[{"embeddable":true,"href":"http:\/\/www.ced.org.tr\/index.php?rest_route=\/wp\/v2\/users\/1"}],"replies":[{"embeddable":true,"href":"http:\/\/www.ced.org.tr\/index.php?rest_route=%2Fwp%2Fv2%2Fcomments&post=3598"}],"version-history":[{"count":0,"href":"http:\/\/www.ced.org.tr\/index.php?rest_route=\/wp\/v2\/posts\/3598\/revisions"}],"wp:attachment":[{"href":"http:\/\/www.ced.org.tr\/index.php?rest_route=%2Fwp%2Fv2%2Fmedia&parent=3598"}],"wp:term":[{"taxonomy":"category","embeddable":true,"href":"http:\/\/www.ced.org.tr\/index.php?rest_route=%2Fwp%2Fv2%2Fcategories&post=3598"},{"taxonomy":"post_tag","embeddable":true,"href":"http:\/\/www.ced.org.tr\/index.php?rest_route=%2Fwp%2Fv2%2Ftags&post=3598"}],"curies":[{"name":"wp","href":"https:\/\/api.w.org\/{rel}","templated":true}]}}