{"id":3600,"date":"2009-06-26T10:20:13","date_gmt":"2009-06-26T07:20:13","guid":{"rendered":"http:\/\/www.ced.org.tr\/?p=3600"},"modified":"2009-06-26T10:20:13","modified_gmt":"2009-06-26T07:20:13","slug":"12-eylul-fasist-darbesi-sulu-saka-oldu","status":"publish","type":"post","link":"http:\/\/www.ced.org.tr\/?p=3600","title":{"rendered":"12 EYL\u00dcL FA\u015e\u0130ST DARBES\u0130, \u2018SULU \u015eAKA\u2019 OLDU!"},"content":{"rendered":"<p style=\"margin: 0cm 0cm 0pt\" class=\"MsoNormal\"><font size=\"3\"><font face=\"Times New Roman\">Ba\u015fbakan Erdo\u011fan, darbecilerin yarg\u0131lanmas\u0131 ile ilgili soruyu \u2018sulu \u015faka\u2019 olarak de\u011ferlendirirken, CHP anayasan\u0131n ge\u00e7ici 15. maddesinin kald\u0131r\u0131lmas\u0131 i\u00e7in \u00e7al\u0131\u015fma ba\u015flat\u0131lmas\u0131 teklifini iktidara sunuyor.<\/font><\/font><\/p>\n<p style=\"margin: 0cm 0cm 0pt\" class=\"MsoNormal\">&nbsp;<\/p>\n<p><font size=\"3\"><font face=\"Times New Roman\">CHP Lideri Deniz Baykal\u2019\u0131n, \u201cSamimiysen gel 12 Eyl\u00fcl darbecilerinin yarg\u0131lanmas\u0131n\u0131n \u00f6n\u00fcn\u00fc a\u00e7\u201d \u00e7a\u011fr\u0131s\u0131 sonras\u0131nda Ba\u015fbakan Recep Tayyip Erdo\u011fan, Arnavutlu\u011fa hareketinden \u00f6nce Esenbo\u011fa Havaliman\u0131&#8217;nda konuyla ilgili gazetecilerin sorular\u0131n\u0131 yan\u0131tlad\u0131. Erdo\u011fan, \u201cAtaca\u011f\u0131m\u0131z her ad\u0131mda samimiyet \u00e7ok \u00f6nemli. Bu samimi yakla\u015f\u0131m tarz\u0131n\u0131 bizim sadece mikrofonlar uzat\u0131ld\u0131\u011f\u0131 zaman verilen cevaplarla de\u011fil, bunu ciddi olarak grup ba\u015fkanvekilleri bir araya gelirler, konu\u015furlar, b\u00f6yle bir ad\u0131m at\u0131lacaksa o zaman bunu kararl\u0131 bir \u015fekilde atar\u0131z. Ama sadece kendin ifadeyi kullan, ondan sonra &#8216;iktidar ne yaparsa yaps\u0131n&#8217; mant\u0131\u011f\u0131yla yakla\u015f\u0131rsan\u0131z i\u015fe, kusura bakmas\u0131nlar AK Parti bu t\u00fcr yakla\u015f\u0131mlar\u0131n i\u00e7erisinde de\u011fil. Bu t\u00fcr sulu \u015fakalara da biz gelmeyiz\u201d dedi.<br \/><\/font><\/font><font size=\"3\"><font face=\"Times New Roman\"><br \/><strong>CHP HAREKETE GE\u00c7T\u0130<\/strong><\/font><\/font> <\/p>\n<p style=\"margin: 0cm 0cm 0pt\" class=\"MsoNormal\"><font face=\"Times New Roman\" size=\"3\">Erdo\u011fan&#8217;\u0131n bu yan\u0131t\u0131n\u0131 duyan Baykal ise ciddiyetini g\u00f6stermek i\u00e7in kurmaylar\u0131na talimat verdi. CHP Grup Ba\u015fkanvekilleri, konuyu AKP&#8217;lilerle g\u00f6r\u00fc\u015fmek \u00fczere harekete ge\u00e7ti. Muhalefet heyeti, AKP\u2019lilerle g\u00f6r\u00fc\u015fmelerinde Anayasa&#8217;n\u0131n ge\u00e7ici 15. Maddesi&#8217;nin kald\u0131r\u0131lmas\u0131 i\u00e7in \u00e7al\u0131\u015fma ba\u015flat\u0131lmas\u0131 teklifini iktidara sunacak. CHP&#8217;li Hakk\u0131 S\u00fcha Okay, &#8220;Ba\u015fbakan Erdo\u011fan&#8217;\u0131n \u201cdarbe \u00fczerinden ma\u011fduriyet edebiyat\u0131 yapt\u0131\u011f\u0131n\u0131\u201d savundu. AKP&#8217;li Bozda\u011f, CHP&#8217;nin teklifini ciddiye alacaklar\u0131n\u0131 a\u00e7\u0131klad\u0131. Son a\u00e7\u0131klama Baykal&#8217;dan geldi: \u201cBiz Anayasa&#8217;n\u0131n ge\u00e7ici 15. maddesinin de\u011fi\u015ftirilmesinde samimiyiz. De\u011fi\u015fiklik olmazsa bu Ba\u015fbakan&#8217;\u0131n samimiyetsizli\u011fidir!\u201d<\/font><\/p>\n<p style=\"margin: 0cm 0cm 0pt\" class=\"MsoNormal\"><font face=\"Times New Roman\" size=\"3\">Adalet Bakan\u0131 Sadullah Ergin, CHP Grup Ba\u015fkanvekili Hakk\u0131 Suha Okay&#8217;\u0131 ziyaret ederek bir s\u00fcre g\u00f6r\u00fc\u015ft\u00fc. Okay&#8217;\u0131n makam\u0131nda yap\u0131lan g\u00f6r\u00fc\u015fme sonras\u0131nda gazetecilerin sorusu \u00fczerine Ergin, &#8221;353 s\u0131ra say\u0131l\u0131 TCK&#8217;da de\u011fi\u015fiklik yap\u0131lmas\u0131n\u0131 \u00f6ng\u00f6ren kanun tasar\u0131s\u0131n\u0131n Meclis tatile girmeden g\u00f6r\u00fc\u015f\u00fclmesini istedim, bu konuyu g\u00f6r\u00fc\u015ft\u00fcm. Ba\u015fka bir \u015fey yok&#8217; diye konu\u015ftu.<\/font><\/p>\n<p><font size=\"3\"><font face=\"Times New Roman\">Sadullah Ergin, gazetecilerin, askeri savc\u0131l\u0131\u011f\u0131n karar\u0131na ili\u015fkin sorusu \u00fczerine, \u201cS\u00fcre\u00e7 i\u015fliyor. B\u00fct\u00fcn bunlar\u0131n sonucunu beklemek laz\u0131m\u201d diye konu\u015ftu. Ergin, daha sonra AKP grup y\u00f6neticileri ile bir araya geldi. Bu arada, Hakk\u0131 S\u00fcha Okay, Anayasan\u0131n Ge\u00e7ici 15. maddesi ile ilgili tekliflerini vermek \u00fczere AKP Grup Ba\u015fkanvekili Bekir Bozda\u011f&#8217;\u0131 ziyaret etti.<\/p>\n<p><strong>AKP: T\u00dcM ANAYASAYI DE\u011e\u0130\u015eT\u0130REL\u0130M<\/strong><\/font><\/font> <\/p>\n<p style=\"margin: 0cm 0cm 0pt\" class=\"MsoNormal\"><font face=\"Times New Roman\" size=\"3\">CHP&#8217;nin bu manevras\u0131na AKP&#8217;den de yan\u0131t gecikmedi. Grup Ba\u015fkanvekili Mustafa Elita\u015f, anamuhalefet partisinin giri\u015fimini \u201cCHP \u00f6nce teklif haz\u0131rlas\u0131n sonra bizden imza deste\u011fi istesin\u201d s\u00f6zleriyle de\u011ferlendirdi. Elita\u015f, bir ay \u00f6ncesine kadar Anayasa de\u011fi\u015fikli\u011fi i\u00e7in \u00e7al\u0131\u015fan komisyona \u00fcye vermeyen bir parti olan CHP&#8217;nin bug\u00fcn b\u00f6yle bir giri\u015fimde bulunmas\u0131n\u0131n sevindirici oldu\u011funu s\u00f6yledi. \u201cSay\u0131n Baykal, bir harfinin de\u011fi\u015fimi i\u00e7in bile destek vermem&#8217; s\u00f6zlerinden bu noktaya gelmesi g\u00fczel\u201d diyen Elita\u015f, \u201cAncak bizim de bir \u00e7a\u011fr\u0131m\u0131z var. 12 Eyl\u00fcl anlay\u0131\u015f\u0131n\u0131n haz\u0131rlad\u0131\u011f\u0131 ve halen demokrasiyi tehdit eden t\u00fcm engelleri beraber kald\u0131ral\u0131m ve yeni bir anayasa yapal\u0131m\u201d \u015feklinde konu\u015ftu.<\/font><\/p>\n","protected":false},"excerpt":{"rendered":"<p>Ba\u015fbakan Erdo\u011fan, darbecilerin yarg\u0131lanmas\u0131 ile ilgili soruyu \u2018sulu \u015faka\u2019 olarak de\u011ferlendirirken, CHP anayasan\u0131n ge\u00e7ici 15. maddesinin kald\u0131r\u0131lmas\u0131 i\u00e7in \u00e7al\u0131\u015fma ba\u015flat\u0131lmas\u0131&#46;&#46;&#46;<\/p>\n","protected":false},"author":1,"featured_media":0,"comment_status":"closed","ping_status":"closed","sticky":false,"template":"","format":"standard","meta":{"_jetpack_memberships_contains_paid_content":false,"footnotes":""},"categories":[1],"tags":[],"class_list":["post-3600","post","type-post","status-publish","format-standard","hentry","category-ced"],"aioseo_notices":[],"jetpack_featured_media_url":"","jetpack_sharing_enabled":true,"jetpack-related-posts":[],"_links":{"self":[{"href":"http:\/\/www.ced.org.tr\/index.php?rest_route=\/wp\/v2\/posts\/3600","targetHints":{"allow":["GET"]}}],"collection":[{"href":"http:\/\/www.ced.org.tr\/index.php?rest_route=\/wp\/v2\/posts"}],"about":[{"href":"http:\/\/www.ced.org.tr\/index.php?rest_route=\/wp\/v2\/types\/post"}],"author":[{"embeddable":true,"href":"http:\/\/www.ced.org.tr\/index.php?rest_route=\/wp\/v2\/users\/1"}],"replies":[{"embeddable":true,"href":"http:\/\/www.ced.org.tr\/index.php?rest_route=%2Fwp%2Fv2%2Fcomments&post=3600"}],"version-history":[{"count":0,"href":"http:\/\/www.ced.org.tr\/index.php?rest_route=\/wp\/v2\/posts\/3600\/revisions"}],"wp:attachment":[{"href":"http:\/\/www.ced.org.tr\/index.php?rest_route=%2Fwp%2Fv2%2Fmedia&parent=3600"}],"wp:term":[{"taxonomy":"category","embeddable":true,"href":"http:\/\/www.ced.org.tr\/index.php?rest_route=%2Fwp%2Fv2%2Fcategories&post=3600"},{"taxonomy":"post_tag","embeddable":true,"href":"http:\/\/www.ced.org.tr\/index.php?rest_route=%2Fwp%2Fv2%2Ftags&post=3600"}],"curies":[{"name":"wp","href":"https:\/\/api.w.org\/{rel}","templated":true}]}}