{"id":3601,"date":"2009-06-26T10:22:32","date_gmt":"2009-06-26T07:22:32","guid":{"rendered":"http:\/\/www.ced.org.tr\/?p=3601"},"modified":"2009-06-26T10:22:32","modified_gmt":"2009-06-26T07:22:32","slug":"ergenekonda-balans-ayari","status":"publish","type":"post","link":"http:\/\/www.ced.org.tr\/?p=3601","title":{"rendered":"Ergenekon\u2019da \u2018balans ayar\u0131\u2019"},"content":{"rendered":"<p style=\"margin: 0cm 0cm 0pt\" class=\"MsoNormal\"><font face=\"Times New Roman\" size=\"3\">D\u00d6NEM\u0130N Ba\u015fbakan\u0131 Necmettin Erbakan\u2019\u0131n iktidar\u0131n\u0131 kaybetmesine neden olan 28 \u015eubat askeri m\u00fcdahalesinin kilit ismi Orgeneral \u00c7evik Bir, d\u00fcn gizlice geldi\u011fi \u0130stanbul\u2019daki adliyede Ergenekon savc\u0131lar\u0131na ifade verdi. \u00c7evik Bir ile birlikte d\u00fcn Ergenekon savc\u0131lar\u0131na ifade veren ikinci \u00f6nemli isim ise M\u0130T\u2019\u00e7i Nuri G\u00fcnde\u015f oldu.<\/font><\/p>\n<p><span style=\"font-family: 'Times New Roman'; font-size: 12pt\"><br \/>28 \u015eubat s\u00fcrecinde Genelkurmay \u0130kinci Ba\u015fkan\u0131 olarak g\u00f6rev yapan ve 28 \u015eubat i\u00e7in \u201cDemokrasiye balans ayar\u0131 yapt\u0131k\u201d ifadelerini kullanan \u00c7evik Bir\u2019in, Ergenekon bask\u0131nlar\u0131nda ele ge\u00e7irilen baz\u0131 dok\u00fcmanlarda ad\u0131 ge\u00e7ti\u011fi gerek\u00e7esiyle ifade verdi\u011fi bildirildi.<br \/>Mehmet Adnan Akf\u0131rat\u2019\u0131n evinde ele ge\u00e7irilen, \u00c7evik Bir-Erol \u00d6zkasnak ibaresi ile ba\u015flayan dok\u00fcmanlarda bir darbe plan\u0131 yap\u0131ld\u0131\u011f\u0131 \u00f6ne s\u00fcr\u00fclm\u00fc\u015f, bu iddialar da iddianameye girmi\u015fti.<\/span><\/p>\n","protected":false},"excerpt":{"rendered":"<p>D\u00d6NEM\u0130N Ba\u015fbakan\u0131 Necmettin Erbakan\u2019\u0131n iktidar\u0131n\u0131 kaybetmesine neden olan 28 \u015eubat askeri m\u00fcdahalesinin kilit ismi Orgeneral \u00c7evik Bir, d\u00fcn gizlice geldi\u011fi&#46;&#46;&#46;<\/p>\n","protected":false},"author":1,"featured_media":0,"comment_status":"closed","ping_status":"closed","sticky":false,"template":"","format":"standard","meta":{"_jetpack_memberships_contains_paid_content":false,"footnotes":""},"categories":[1],"tags":[],"class_list":["post-3601","post","type-post","status-publish","format-standard","hentry","category-ced"],"aioseo_notices":[],"jetpack_featured_media_url":"","jetpack_sharing_enabled":true,"jetpack-related-posts":[],"_links":{"self":[{"href":"http:\/\/www.ced.org.tr\/index.php?rest_route=\/wp\/v2\/posts\/3601","targetHints":{"allow":["GET"]}}],"collection":[{"href":"http:\/\/www.ced.org.tr\/index.php?rest_route=\/wp\/v2\/posts"}],"about":[{"href":"http:\/\/www.ced.org.tr\/index.php?rest_route=\/wp\/v2\/types\/post"}],"author":[{"embeddable":true,"href":"http:\/\/www.ced.org.tr\/index.php?rest_route=\/wp\/v2\/users\/1"}],"replies":[{"embeddable":true,"href":"http:\/\/www.ced.org.tr\/index.php?rest_route=%2Fwp%2Fv2%2Fcomments&post=3601"}],"version-history":[{"count":0,"href":"http:\/\/www.ced.org.tr\/index.php?rest_route=\/wp\/v2\/posts\/3601\/revisions"}],"wp:attachment":[{"href":"http:\/\/www.ced.org.tr\/index.php?rest_route=%2Fwp%2Fv2%2Fmedia&parent=3601"}],"wp:term":[{"taxonomy":"category","embeddable":true,"href":"http:\/\/www.ced.org.tr\/index.php?rest_route=%2Fwp%2Fv2%2Fcategories&post=3601"},{"taxonomy":"post_tag","embeddable":true,"href":"http:\/\/www.ced.org.tr\/index.php?rest_route=%2Fwp%2Fv2%2Ftags&post=3601"}],"curies":[{"name":"wp","href":"https:\/\/api.w.org\/{rel}","templated":true}]}}