{"id":3603,"date":"2009-06-30T07:13:32","date_gmt":"2009-06-30T04:13:32","guid":{"rendered":"http:\/\/www.ced.org.tr\/?p=3603"},"modified":"2009-06-30T07:13:32","modified_gmt":"2009-06-30T04:13:32","slug":"yok-protesto-edildi","status":"publish","type":"post","link":"http:\/\/www.ced.org.tr\/?p=3603","title":{"rendered":"Y\u00d6K PROTESTO ED\u0130LD\u0130"},"content":{"rendered":"<p style=\"margin: 0cm 0cm 0pt\" class=\"MsoNormal\"><font face=\"Times New Roman\" size=\"3\"><img loading=\"lazy\" decoding=\"async\" src=\"images\/stories\/belgeler\/yokprotestoedildi.jpg\" border=\"0\" alt=\"y\u00f6k protesto edildi\" title=\"y\u00f6k protesto edildi\" hspace=\"4\" width=\"200\" height=\"153\" align=\"left\" \/>KESK, E\u011fitim Sen, \u00d6\u011fretim \u00dcyeleri Derne\u011fi, TMMOB, TTB ve Eczac\u0131lar Odas\u0131, Y\u00d6K Ba\u015fkan\u0131 Yusuf Ziya \u00d6zcan\u0131 istifaya davet etti. Y\u00d6K Kanunu&#8217;nun 50d maddesi protesto edildi.<\/font><\/p>\n<p style=\"margin: 0cm 0cm 0pt\" class=\"MsoNormal\"><font face=\"Times New Roman\" size=\"3\">Yap\u0131lan a\u00e7\u0131klamada, T\u00fcrkiye genelinde yakla\u015f\u0131k 6 bin ara\u015ft\u0131rma g\u00f6revlisinin i\u015f g\u00fcvencesi olmaks\u0131z\u0131n \u2018burslu \u00f6\u011frenci\u2019 stat\u00fcs\u00fcnde \u00e7al\u0131\u015ft\u0131r\u0131ld\u0131\u011f\u0131 vurguland\u0131.<\/font><\/p>\n<p style=\"margin: 0cm 0cm 0pt\" class=\"MsoNormal\"><font face=\"Times New Roman\" size=\"3\">Eyleme kat\u0131lan asistanlar, doktora tezlerini verdikleri anda, bu ba\u015far\u0131lar\u0131n\u0131n Y\u00d6K taraf\u0131ndan otomatik olarak i\u015fini kaybetmeyle &#8220;\u00f6d\u00fcllendirildi\u011fine&#8221; i\u015faret etti.<\/font><\/p>\n<p><font face=\"Times New Roman\" size=\"3\">\u00a0<\/font><font face=\"Times New Roman\" size=\"3\"> <\/font><\/p>\n<p style=\"margin: 0cm 0cm 0pt\" class=\"MsoNormal\"><font face=\"Times New Roman\" size=\"3\">DANI\u015eTAY Y\u00dcR\u00dcTMEY\u0130 DURDURDU<\/font><\/p>\n<p style=\"margin: 0cm 0cm 0pt\" class=\"MsoNormal\"><font face=\"Times New Roman\" size=\"3\">Grup ad\u0131na konu\u015fan ara\u015ft\u0131rma g\u00f6revlisi Egemen Cevahir;\u00a0 &#8220;Dan\u0131\u015ftay Y\u00d6K Y\u00fcr\u00fctme Kurulu Karar\u0131&#8217;n\u0131 y\u00fcr\u00fctmesi durdurdu. Bu kararla birlikte ara\u015ft\u0131rma g\u00f6revlilerinin rekt\u00f6rl\u00fckler taraf\u0131ndan 33a kadrosuna ge\u00e7irilmesinde herhangi bir engel kalmad\u0131.<\/font><\/p>\n<p style=\"margin: 0cm 0cm 0pt\" class=\"MsoNormal\"><font face=\"Times New Roman\" size=\"3\">Ancak Y\u00d6K Ba\u015fkanl\u0131\u011f\u0131, Kanundaki \u2018y\u00f6netmelikler rekt\u00f6r eliyle y\u00fcr\u00fct\u00fcl\u00fcr\u2019 h\u00fckm\u00fcn\u00fc \u00e7i\u011fneyerek, a t\u00fcm akademik kadrolar\u0131 donduraca\u011f\u0131n\u0131 bildirdi. Y\u00d6K&#8217;\u00fcn bu tutumu, \u00fcniversite \u00f6zerkli\u011fine sald\u0131r\u0131 niteli\u011fi ta\u015f\u0131yor.\u201d<\/font><\/p>\n<p><font face=\"Times New Roman\" size=\"3\">\u00a0<\/font> <\/p>\n<p style=\"margin: 0cm 0cm 0pt\" class=\"MsoNormal\"><font face=\"Times New Roman\" size=\"3\">Y\u00d6K BA\u015eKANI \u0130ST\u0130FAYA \u00c7A\u011eRILDI<\/font><\/p>\n<p style=\"margin: 0cm 0cm 0pt\" class=\"MsoNormal\"><font face=\"Times New Roman\" size=\"3\">Cevahir, Y\u00d6K Ba\u015fkan\u0131 Yusuf Ziya \u00d6zcan\u2019\u0131n yetkilerini a\u015farak \u00fcniversite \u00f6zerkli\u011fine m\u00fcdahalesini ve asistanlara i\u015f g\u00fcvencesini sa\u011flanmas\u0131n\u0131 engellemek ad\u0131na \u2018kadrolar\u0131 dondurma\u2019 tehdidini \u015fiddetle k\u0131nad\u0131klar\u0131n\u0131 belirtti. Cevahir, \u00d6zcan&#8217;\u0131 istifaya davet ettiklerini de s\u00f6zlerine ekledi. Taksim Gezi Park\u0131nda yapt\u0131klar\u0131 a\u00e7\u0131klaman\u0131n ard\u0131ndan y\u00fcr\u00fcy\u00fc\u015fe ge\u00e7en grup, daha sonra Tramvay dura\u011f\u0131 \u00f6n\u00fcnde oturma eylemi yapan Turkuvaz grubu grevcilerine kat\u0131ld\u0131.<\/font><\/p>\n","protected":false},"excerpt":{"rendered":"<p>KESK, E\u011fitim Sen, \u00d6\u011fretim \u00dcyeleri Derne\u011fi, TMMOB, TTB ve Eczac\u0131lar Odas\u0131, Y\u00d6K Ba\u015fkan\u0131 Yusuf Ziya \u00d6zcan\u0131 istifaya davet etti. Y\u00d6K&#46;&#46;&#46;<\/p>\n","protected":false},"author":1,"featured_media":0,"comment_status":"closed","ping_status":"closed","sticky":false,"template":"","format":"standard","meta":{"_jetpack_memberships_contains_paid_content":false,"footnotes":""},"categories":[1],"tags":[],"class_list":["post-3603","post","type-post","status-publish","format-standard","hentry","category-ced"],"aioseo_notices":[],"jetpack_featured_media_url":"","jetpack_sharing_enabled":true,"jetpack-related-posts":[],"_links":{"self":[{"href":"http:\/\/www.ced.org.tr\/index.php?rest_route=\/wp\/v2\/posts\/3603","targetHints":{"allow":["GET"]}}],"collection":[{"href":"http:\/\/www.ced.org.tr\/index.php?rest_route=\/wp\/v2\/posts"}],"about":[{"href":"http:\/\/www.ced.org.tr\/index.php?rest_route=\/wp\/v2\/types\/post"}],"author":[{"embeddable":true,"href":"http:\/\/www.ced.org.tr\/index.php?rest_route=\/wp\/v2\/users\/1"}],"replies":[{"embeddable":true,"href":"http:\/\/www.ced.org.tr\/index.php?rest_route=%2Fwp%2Fv2%2Fcomments&post=3603"}],"version-history":[{"count":0,"href":"http:\/\/www.ced.org.tr\/index.php?rest_route=\/wp\/v2\/posts\/3603\/revisions"}],"wp:attachment":[{"href":"http:\/\/www.ced.org.tr\/index.php?rest_route=%2Fwp%2Fv2%2Fmedia&parent=3603"}],"wp:term":[{"taxonomy":"category","embeddable":true,"href":"http:\/\/www.ced.org.tr\/index.php?rest_route=%2Fwp%2Fv2%2Fcategories&post=3603"},{"taxonomy":"post_tag","embeddable":true,"href":"http:\/\/www.ced.org.tr\/index.php?rest_route=%2Fwp%2Fv2%2Ftags&post=3603"}],"curies":[{"name":"wp","href":"https:\/\/api.w.org\/{rel}","templated":true}]}}