{"id":3605,"date":"2009-06-30T07:18:59","date_gmt":"2009-06-30T04:18:59","guid":{"rendered":"http:\/\/www.ced.org.tr\/?p=3605"},"modified":"2009-06-30T07:18:59","modified_gmt":"2009-06-30T04:18:59","slug":"gecici-15-madde-kaldirilmadan-darbeciler-yargilanamaz","status":"publish","type":"post","link":"http:\/\/www.ced.org.tr\/?p=3605","title":{"rendered":"&#8220;Ge\u00e7ici 15. Madde Kald\u0131r\u0131lmadan Darbeciler Yarg\u0131lanamaz&#8221;"},"content":{"rendered":"<p style=\"margin: 0cm 0cm 0pt\" class=\"MsoNormal\"><font face=\"Times New Roman\" size=\"3\"><img loading=\"lazy\" decoding=\"async\" src=\"images\/stories\/belgeler\/15maddekaldirilsin.jpg\" border=\"0\" alt=\"15. madde kald\u0131r\u0131ls\u0131n\" title=\"15. madde kald\u0131r\u0131ls\u0131n\" hspace=\"4\" width=\"300\" height=\"225\" align=\"left\" \/>&#8220;Ge\u00e7ici 15. madde insanl\u0131k su\u00e7u i\u015fleyip darbe yapanlar\u0131 dokunulmaz k\u0131l\u0131yor&#8221; diyen 78&#8217;liler Giri\u015fimi darbe tart\u0131\u015fmalar\u0131n\u0131n g\u00fcndeme gelmesiyle maddenin kald\u0131r\u0131lmas\u0131n\u0131 talep ediyor.<\/font><\/p>\n<p><font face=\"Times New Roman\" size=\"3\">\u00a0<\/font> <\/p>\n<p style=\"margin: 0cm 0cm 0pt\" class=\"MsoNormal\"><font face=\"Times New Roman\" size=\"3\">78&#8217;liler Gri\u015fimi&#8217;nin \u00e7a\u011fr\u0131s\u0131yla, haftasonu Galatasaray Lisesi \u00f6n\u00fcnde yap\u0131lan, yakla\u015f\u0131k 30 sivil toplum \u00f6rg\u00fct\u00fc, dernek ve siyasi partinin imzac\u0131s\u0131 oldu\u011fu bas\u0131n a\u00e7\u0131klamas\u0131nda Anayasan\u0131n ge\u00e7ici 15. maddesi kald\u0131r\u0131lmas\u0131 talep edildi.<\/font><\/p>\n<p><font face=\"Times New Roman\" size=\"3\">\u00a0<\/font><font face=\"Times New Roman\" size=\"3\"> <\/font><\/p>\n<p style=\"margin: 0cm 0cm 0pt\" class=\"MsoNormal\"><font face=\"Times New Roman\" size=\"3\">Bas\u0131n a\u00e7\u0131klamas\u0131nda darbe tart\u0131\u015fmalar\u0131n\u0131n tekrar g\u00fcndeme gelmesine dikkat \u00e7ekildi.<\/font><\/p>\n<p><font face=\"Times New Roman\" size=\"3\">\u00a0<\/font> <\/p>\n<p style=\"margin: 0cm 0cm 0pt\" class=\"MsoNormal\"><font face=\"Times New Roman\" size=\"3\">&#8221; CHP nin amac\u0131 ne olursa olsun, bu g\u00fcn yarat\u0131lan iklim \u00f6nemli \u0130nsanl\u0131k su\u00e7lar\u0131nda zaman a\u015f\u0131m\u0131 olmad\u0131\u011f\u0131 halde, darbe d\u00f6nemlerinden demokrasiye ge\u00e7ilirken darbeciler bu t\u00fcr ge\u00e7ici maddelerle kendilerini g\u00fcvence alt\u0131na al\u0131yorlar. \u0130ktidarda olduklar\u0131\u00a0 s\u00fcre i\u00e7erisinde dokunulmaz olmak onlara yetmiyor. \u0130ktidardan uzakla\u015ft\u0131ktan sonra da\u00a0 dokunulmazl\u0131klar\u0131 olsun istiyorlar.&#8221;<\/font><\/p>\n<p style=\"margin: 0cm 0cm 0pt\" class=\"MsoNormal\"><font face=\"Times New Roman\" size=\"3\">A\u00e7\u0131klamada Ertu\u011frul \u00d6zk\u00f6k de ele\u015ftirildi.<\/font><\/p>\n<p><font face=\"Times New Roman\" size=\"3\">\u00a0<\/font> <\/p>\n<p style=\"margin: 0cm 0cm 0pt\" class=\"MsoNormal\"><font face=\"Times New Roman\" size=\"3\">&#8220;Merak etmeyin 12 Eyl\u00fcl darbecilerinden hesap sorulmaya ba\u015flad\u0131\u011f\u0131nda, bu \u00fclkenin 11 Eyl\u00fcle nas\u0131l ve kimler taraf\u0131ndan getirildi\u011fi bu kez hukuki zeminde belgelenece\u011finden art\u0131k \u00fc\u00e7 maymunu oynayamayacaks\u0131n\u0131z.&#8221;<\/font><\/p>\n<p><font face=\"Times New Roman\" size=\"3\">\u00a0<\/font><strong><font size=\"3\"><font face=\"Times New Roman\">Yasa ne diyor?<\/font><\/font><\/strong><font face=\"Times New Roman\" size=\"3\">\u00a0<\/font> <\/p>\n<p style=\"margin: 0cm 0cm 0pt\" class=\"MsoNormal\"><font face=\"Times New Roman\" size=\"3\">Ge\u00e7ici 15. madde, 12 Eyl\u00fcl darbesini yapan ve ard\u0131ndaki d\u00f6nemde \u00fclkeyi y\u00f6neten darbe liderlerini yarg\u0131lanmaktan \u015fu metinle koruyor:<\/font><\/p>\n<p><font face=\"Times New Roman\" size=\"3\">\u00a0<\/font> <\/p>\n<p style=\"margin: 0cm 0cm 0pt\" class=\"MsoNormal\"><font face=\"Times New Roman\" size=\"3\">&#8220;12 Eyl\u00fcl 1980 tarihinden, ilk genel se\u00e7imler sonucu toplanacak T\u00fcrkiye B\u00fcy\u00fck Millet Meclisinin Ba\u015fkanl\u0131k Divan\u0131n\u0131 olu\u015fturuncaya kadar ge\u00e7ecek s\u00fcre i\u00e7inde, yasama ve y\u00fcr\u00fctme yetkilerini T\u00fcrk milleti ad\u0131na kullanan, 2356 say\u0131l\u0131 Kanunla kurulu Milli G\u00fcvenlik Konseyinin, bu Konseyin y\u00f6netimi d\u00f6neminde kurulmu\u015f h\u00fck\u00fcmetlerin, 2485 say\u0131l\u0131 Kurucu Meclis Hakk\u0131nda Kanunla g\u00f6rev ifa eden Dan\u0131\u015fma Meclisinin her t\u00fcrl\u00fc karar ve tasarruflar\u0131ndan dolay\u0131 haklar\u0131nda cezai, mali veya hukuki sorumluluk iddias\u0131 ileri s\u00fcr\u00fclemez ve bu maksatla herhangi bir yarg\u0131 merciine ba\u015fvurulamaz.<\/font><\/p>\n<p style=\"margin: 0cm 0cm 0pt\" class=\"MsoNormal\"><font face=\"Times New Roman\" size=\"3\">&#8220;Bu karar ve tasarruflar\u0131n idarece veya yetkili k\u0131l\u0131nm\u0131\u015f organ, merci ve g\u00f6revlilerce uygulanmas\u0131ndan dolay\u0131, karar alanlar, tasarrufta bulunanlar ve uygulayanlar hakk\u0131nda da yukar\u0131daki f\u0131kra h\u00fck\u00fcmleri uygulan\u0131r.&#8221;<\/font><\/p>\n<p><font face=\"Times New Roman\" size=\"3\">\u00a0<\/font><strong><font size=\"3\"><font face=\"Times New Roman\">A\u00e7\u0131klaman\u0131n imzac\u0131lar\u0131 \u015f\u00f6yle:<\/font><\/font><\/strong><font face=\"Times New Roman\" size=\"3\">\u00a0<\/font> <\/p>\n<p style=\"margin: 0cm 0cm 0pt\" class=\"MsoNormal\"><font face=\"Times New Roman\" size=\"3\">78&#8217;liler Giri\u015fimi, \u0130nsan Haklar\u0131 Derne\u011fi (\u0130HD) \u0130stanbul \u015eubesi, Alevi ve Bekta\u015fi Federasyonu, Pir Sultan Abdal K\u00fclt\u00fcr Dernekleri, \u00d6zg\u00fcr Demokratik Alevi Hareketi, Bar\u0131\u015f Anneleri, G\u00f6\u00e7-Der, Dersim Enstit\u00fcs\u00fc giri\u015fimi, Emekli-Sen 3 No&#8217;lu \u015eube, Emekli ve Ya\u015fl\u0131lar Hareketi, KESK \u0130stanbul \u015eubeler Platformu, \u00dcniversite \u00d6\u011fretim \u00dcyeleri Derne\u011fi, TUAD, \u0130DA-DER, Ya\u015fam A\u011fac\u0131 Derne\u011fi, Kar\u015f\u0131 Sanat \u00c7al\u0131\u015fmalar\u0131, Anti Kapitalist,\u00a0 \u0130stanbul Makina M\u00fchendisleri Odas\u0131, Emek Partisi (EMEP), \u00d6zg\u00fcrl\u00fck ve Dayan\u0131\u015fma Partisi (\u00d6DP), Demokratik Toplum Partisi (DTP), Sosyalist Demokrasi Partisi (SDP), Sosyalist Parti (SP), \u0130\u015f\u00e7i Karde\u015fli\u011fi Partisi (\u0130KP), Sosyalist Emek Hareketi (SEH), Emek\u00e7i Hareket Partisi (EHP), Ye\u015filler Partisi.<\/font><\/p>\n","protected":false},"excerpt":{"rendered":"<p>&#8220;Ge\u00e7ici 15. madde insanl\u0131k su\u00e7u i\u015fleyip darbe yapanlar\u0131 dokunulmaz k\u0131l\u0131yor&#8221; diyen 78&#8217;liler Giri\u015fimi darbe tart\u0131\u015fmalar\u0131n\u0131n g\u00fcndeme gelmesiyle maddenin kald\u0131r\u0131lmas\u0131n\u0131 talep&#46;&#46;&#46;<\/p>\n","protected":false},"author":1,"featured_media":0,"comment_status":"closed","ping_status":"closed","sticky":false,"template":"","format":"standard","meta":{"_jetpack_memberships_contains_paid_content":false,"footnotes":""},"categories":[1],"tags":[],"class_list":["post-3605","post","type-post","status-publish","format-standard","hentry","category-ced"],"aioseo_notices":[],"jetpack_featured_media_url":"","jetpack_sharing_enabled":true,"jetpack-related-posts":[],"_links":{"self":[{"href":"http:\/\/www.ced.org.tr\/index.php?rest_route=\/wp\/v2\/posts\/3605","targetHints":{"allow":["GET"]}}],"collection":[{"href":"http:\/\/www.ced.org.tr\/index.php?rest_route=\/wp\/v2\/posts"}],"about":[{"href":"http:\/\/www.ced.org.tr\/index.php?rest_route=\/wp\/v2\/types\/post"}],"author":[{"embeddable":true,"href":"http:\/\/www.ced.org.tr\/index.php?rest_route=\/wp\/v2\/users\/1"}],"replies":[{"embeddable":true,"href":"http:\/\/www.ced.org.tr\/index.php?rest_route=%2Fwp%2Fv2%2Fcomments&post=3605"}],"version-history":[{"count":0,"href":"http:\/\/www.ced.org.tr\/index.php?rest_route=\/wp\/v2\/posts\/3605\/revisions"}],"wp:attachment":[{"href":"http:\/\/www.ced.org.tr\/index.php?rest_route=%2Fwp%2Fv2%2Fmedia&parent=3605"}],"wp:term":[{"taxonomy":"category","embeddable":true,"href":"http:\/\/www.ced.org.tr\/index.php?rest_route=%2Fwp%2Fv2%2Fcategories&post=3605"},{"taxonomy":"post_tag","embeddable":true,"href":"http:\/\/www.ced.org.tr\/index.php?rest_route=%2Fwp%2Fv2%2Ftags&post=3605"}],"curies":[{"name":"wp","href":"https:\/\/api.w.org\/{rel}","templated":true}]}}