{"id":3607,"date":"2009-07-06T08:03:28","date_gmt":"2009-07-06T05:03:28","guid":{"rendered":"http:\/\/www.ced.org.tr\/?p=3607"},"modified":"2009-07-06T08:03:28","modified_gmt":"2009-07-06T05:03:28","slug":"6197-sayili-yasa-yolda-ama","status":"publish","type":"post","link":"http:\/\/www.ced.org.tr\/?p=3607","title":{"rendered":"6197 SAYILI YASA YOLDA AMA!"},"content":{"rendered":"<p style=\"margin: 0cm 0cm 0pt\" class=\"MsoNormal\"><font face=\"Times New Roman\" size=\"3\">6197 say\u0131l\u0131 Eczac\u0131lar ve Eczaneler Hakk\u0131ndaki Yasa yak\u0131nda sa\u011fl\u0131k komisyonunun g\u00fcndemine geliyor. 2 Temmuz 2009 tarihinde Kayseri\u2019de yap\u0131lan TEB 3.B\u00f6lgeleraras\u0131 <\/font><\/p>\n<p style=\"margin: 0cm 0cm 0pt\" class=\"MsoNormal\"><font face=\"Times New Roman\" size=\"3\">Toplant\u0131s\u0131\u2019nda, \u0130la\u00e7 Takip Sistemi ile ilgili sunu yapmak \u00fczere TEB\u2019in \u00e7a\u011fr\u0131l\u0131s\u0131 olarak<\/font><\/p>\n<p style=\"margin: 0cm 0cm 0pt\" class=\"MsoNormal\"><font face=\"Times New Roman\" size=\"3\">toplant\u0131ya kat\u0131lan \u0130la\u00e7 ve Eczac\u0131l\u0131k Genel M\u00fcd\u00fcr\u00fc Mahmut Toka\u00e7, 6197 say\u0131l\u0131 yasay\u0131<\/font><\/p>\n<p style=\"margin: 0cm 0cm 0pt\" class=\"MsoNormal\"><font face=\"Times New Roman\" size=\"3\">haz\u0131rlad\u0131klar\u0131n\u0131 ve yak\u0131nda sa\u011fl\u0131k komisyonuna g\u00f6ndereceklerini s\u00f6yledi. Ortada olan<\/font><\/p>\n<p style=\"margin: 0cm 0cm 0pt\" class=\"MsoNormal\"><font face=\"Times New Roman\" size=\"3\">tek p\u00fcr\u00fcz\u00fcn n\u00fcfus ba\u015f\u0131na d\u00fc\u015fen eczane say\u0131s\u0131nda d\u00fc\u011f\u00fcmlendi\u011fi anla\u015f\u0131l\u0131yor. Mahmut<\/font><\/p>\n<p style=\"margin: 0cm 0cm 0pt\" class=\"MsoNormal\"><font face=\"Times New Roman\" size=\"3\">Toka\u00e7\u2019\u0131n alt\u0131n\u0131 \u00e7izdi\u011fi ilgin\u00e7 bir geli\u015fmede 6197 say\u0131l\u0131 yasa\u2019n\u0131n TEB\u2019in istemi \u00fczerine<\/font><\/p>\n<p style=\"margin: 0cm 0cm 0pt\" class=\"MsoNormal\"><font face=\"Times New Roman\" size=\"3\">g\u00fcndeme gelmesi! Hat\u0131rlanaca\u011f\u0131 gibi 21 Aral\u0131k Mitinginin arkas\u0131ndan Sa\u011fl\u0131k Bakanl\u0131\u011f\u0131<\/font><\/p>\n<p style=\"margin: 0cm 0cm 0pt\" class=\"MsoNormal\"><font face=\"Times New Roman\" size=\"3\">bir a\u00e7\u0131klama yaparak \u2018Eczac\u0131-eczac\u0131 ortakl\u0131\u011f\u0131 ile g\u00fcndeme gelen yasay\u0131 geri \u00e7ekti\u011fini,<\/font><\/p>\n<p style=\"margin: 0cm 0cm 0pt\" class=\"MsoNormal\"><font face=\"Times New Roman\" size=\"3\">TEB ve eczac\u0131 odalar\u0131 istemedik\u00e7e bir daha g\u00fcndeme getirmeyece\u011fini ifade etmi\u015fti\u2019<\/font><\/p>\n<p style=\"margin: 0cm 0cm 0pt\" class=\"MsoNormal\"><font face=\"Times New Roman\" size=\"3\">\u0130la\u00e7 ve Eczac\u0131l\u0131k Genel M\u00fcd\u00fcr\u00fcn\u00fcn s\u00f6yledikleri bu d\u00fc\u015f\u00fcnce ile \u00f6rt\u00fc\u015f\u00fcyordu. Ancak<\/font><\/p>\n<p style=\"margin: 0cm 0cm 0pt\" class=\"MsoNormal\"><font face=\"Times New Roman\" size=\"3\">3.B\u00f6lgeleraras\u0131 toplant\u0131da ele\u015ftirileri cevaplamak \u00fczere k\u00fcrs\u00fcye gelen TEB ba\u015fkan\u0131<\/font><\/p>\n<p style=\"margin: 0cm 0cm 0pt\" class=\"MsoNormal\"><font face=\"Times New Roman\" size=\"3\">Erdo\u011fan \u00c7olak\u2019\u0131n \u2018Sa\u011fl\u0131k Bakan\u0131\u2019n\u0131n \u00e7a\u011fr\u0131s\u0131 \u00fczerine 6197 say\u0131l\u0131 yasan\u0131n yeniden g\u00fcndeme<\/font><\/p>\n<p style=\"margin: 0cm 0cm 0pt\" class=\"MsoNormal\"><font face=\"Times New Roman\" size=\"3\">geldi\u011fini s\u00f6ylemesi, Mahmut Toka\u00e7\u2019\u0131n ifadelerinden rahats\u0131z olmu\u015f olacak ki ona m\u00fcdahale<\/font><\/p>\n<p style=\"margin: 0cm 0cm 0pt\" class=\"MsoNormal\"><font face=\"Times New Roman\" size=\"3\">etme gere\u011fini duymas\u0131, <span>\u00a0<\/span>toplant\u0131y\u0131 izleyenlerin dikkatinden ka\u00e7mad\u0131.\u2019<\/font><\/p>\n<p><font face=\"Times New Roman\" size=\"3\">\u00a0<\/font> <\/p>\n<p style=\"margin: 0cm 0cm 0pt\" class=\"MsoNormal\"><font face=\"Times New Roman\" size=\"3\">B\u00f6lgeleraras\u0131 toplant\u0131da dikkatleri \u00e7eken bir \u00f6nemli noktada TEB\u2019in yedi ko\u015ful ileri<\/font><\/p>\n<p style=\"margin: 0cm 0cm 0pt\" class=\"MsoNormal\"><font face=\"Times New Roman\" size=\"3\">s\u00fcrerek ihtiyatl\u0131 yakla\u015ft\u0131\u011f\u0131n\u0131 ifade etti\u011fi \u0130la\u00e7 Takip Sistemi\u2019nin, Sa\u011fl\u0131k Bakanl\u0131\u011f\u0131 yet-<\/font><\/p>\n<p style=\"margin: 0cm 0cm 0pt\" class=\"MsoNormal\"><font face=\"Times New Roman\" size=\"3\">kilileri ile birlikte y\u00fcr\u00fctt\u00fckleri ger\u00e7e\u011finin ortaya \u00e7\u0131kmas\u0131yd\u0131. \u0130la\u00e7 Takip Sistemi\u2019nin<\/font><\/p>\n<p style=\"margin: 0cm 0cm 0pt\" class=\"MsoNormal\"><font face=\"Times New Roman\" size=\"3\">y\u00fcr\u00fcy\u00fc\u015f plan\u0131na dair \u0130la\u00e7 ve Eczac\u0131l\u0131k M\u00fcd\u00fcr\u00fc Mahmut Toka\u00e7 ile TEB Ba\u015fkan\u0131<\/font><\/p>\n<p style=\"margin: 0cm 0cm 0pt\" class=\"MsoNormal\"><font face=\"Times New Roman\" size=\"3\">Erdo\u011fan \u00c7olak\u2019\u0131n s\u00f6ylemlerinin birebir \u00f6rt\u00fc\u015fmesi ortak bir y\u00fcr\u00fcy\u00fc\u015f plan\u0131n\u0131n varl\u0131\u011f\u0131n\u0131<\/font><\/p>\n<p style=\"margin: 0cm 0cm 0pt\" class=\"MsoNormal\"><font face=\"Times New Roman\" size=\"3\">ortaya koyuyor. Nitekim pilot eczaneler se\u00e7ilerek ortak \u00e7al\u0131\u015fman\u0131n ba\u015flat\u0131ld\u0131\u011f\u0131n\u0131da bu toplant\u0131da \u00f6\u011freniyoruz. Bu geli\u015fmelerden sonra ak\u0131llara tak\u0131lan soru?<\/font><\/p>\n<p><font face=\"Times New Roman\" size=\"3\">\u00a0<\/font> <\/p>\n<p style=\"margin: 0cm 0cm 0pt\" class=\"MsoNormal\"><font face=\"Times New Roman\" size=\"3\">6197 say\u0131l\u0131 yasa ,\u0130la\u00e7 Takip Sistemine evet demenin kar\u015f\u0131l\u0131\u011f\u0131 olarak m\u0131 g\u00fcndeme geldi!&#8230;<\/font><\/p>\n","protected":false},"excerpt":{"rendered":"<p>6197 say\u0131l\u0131 Eczac\u0131lar ve Eczaneler Hakk\u0131ndaki Yasa yak\u0131nda sa\u011fl\u0131k komisyonunun g\u00fcndemine geliyor. 2 Temmuz 2009 tarihinde Kayseri\u2019de yap\u0131lan TEB 3.B\u00f6lgeleraras\u0131&#46;&#46;&#46;<\/p>\n","protected":false},"author":1,"featured_media":0,"comment_status":"closed","ping_status":"closed","sticky":false,"template":"","format":"standard","meta":{"_jetpack_memberships_contains_paid_content":false,"footnotes":""},"categories":[1],"tags":[],"class_list":["post-3607","post","type-post","status-publish","format-standard","hentry","category-ced"],"aioseo_notices":[],"jetpack_featured_media_url":"","jetpack_sharing_enabled":true,"jetpack-related-posts":[],"_links":{"self":[{"href":"http:\/\/www.ced.org.tr\/index.php?rest_route=\/wp\/v2\/posts\/3607","targetHints":{"allow":["GET"]}}],"collection":[{"href":"http:\/\/www.ced.org.tr\/index.php?rest_route=\/wp\/v2\/posts"}],"about":[{"href":"http:\/\/www.ced.org.tr\/index.php?rest_route=\/wp\/v2\/types\/post"}],"author":[{"embeddable":true,"href":"http:\/\/www.ced.org.tr\/index.php?rest_route=\/wp\/v2\/users\/1"}],"replies":[{"embeddable":true,"href":"http:\/\/www.ced.org.tr\/index.php?rest_route=%2Fwp%2Fv2%2Fcomments&post=3607"}],"version-history":[{"count":0,"href":"http:\/\/www.ced.org.tr\/index.php?rest_route=\/wp\/v2\/posts\/3607\/revisions"}],"wp:attachment":[{"href":"http:\/\/www.ced.org.tr\/index.php?rest_route=%2Fwp%2Fv2%2Fmedia&parent=3607"}],"wp:term":[{"taxonomy":"category","embeddable":true,"href":"http:\/\/www.ced.org.tr\/index.php?rest_route=%2Fwp%2Fv2%2Fcategories&post=3607"},{"taxonomy":"post_tag","embeddable":true,"href":"http:\/\/www.ced.org.tr\/index.php?rest_route=%2Fwp%2Fv2%2Ftags&post=3607"}],"curies":[{"name":"wp","href":"https:\/\/api.w.org\/{rel}","templated":true}]}}