{"id":3609,"date":"2009-07-21T12:21:04","date_gmt":"2009-07-21T09:21:04","guid":{"rendered":"http:\/\/www.ced.org.tr\/?p=3609"},"modified":"2009-07-21T12:21:04","modified_gmt":"2009-07-21T09:21:04","slug":"1-milyar-dolarlik-ilac-tasarrufu-ile-ilgili-onemli-toplanti","status":"publish","type":"post","link":"http:\/\/www.ced.org.tr\/?p=3609","title":{"rendered":"1 M\u0130LYAR DOLARLIK \u0130LA\u00c7 TASARRUFU \u0130LE \u0130LG\u0130L\u0130 \u00d6NEML\u0130 TOPLANTI"},"content":{"rendered":"<p><font face=\"Times New Roman\" size=\"3\"><\/p>\n<p style=\"margin: 0cm 0cm 0pt\" class=\"MsoNormal\">IMF ile yap\u0131lacak olan yeni stand-by anla\u015fmas\u0131 \u00e7er\u00e7evesinde ila\u00e7ta yap\u0131lmas\u0131 d\u00fc\u015f\u00fcn\u00fclen 1 milyar dolarl\u0131k tasarrufa d\u00f6n\u00fck somut ad\u0131mlar at\u0131lmaya ba\u015fland\u0131. 21.07.2009 tarihinde (bug\u00fcn) bu ama\u00e7la Ankara\u2019da \u00f6nemli bir toplant\u0131 d\u00fczenleniyor.<\/p>\n<p>\u00a0 <\/p>\n<p style=\"margin: 0cm 0cm 0pt\" class=\"MsoNormal\">Ekonomiden sorumlu Devlet Bakan\u0131 Ali BABACAN, Sa\u011fl\u0131k Bakan\u0131 Recep AKDA\u011e ve Maliye Bakan\u0131 Mehmet \u015e\u0130M\u015eEK\u2019\u0130N kat\u0131laca\u011f\u0131 toplant\u0131ya ila\u00e7 \u00fcreticileri ve ithalat\u00e7\u0131lar\u0131 davet edildi.<\/p>\n<p style=\"margin: 0cm 0cm 0pt\" class=\"MsoNormal\">&nbsp;<\/p>\n<p><strong>Toplant\u0131n\u0131n g\u00fcndemi:<\/strong>\u00a0 <\/p>\n<p style=\"text-indent: -18pt; margin: 0cm 0cm 0pt 36pt; tab-stops: list 36.0pt\" class=\"MsoNormal\"><span>&#8211;<span style=\"font: 7pt 'Times New Roman'\">\u00a0\u00a0\u00a0\u00a0\u00a0\u00a0\u00a0 <\/span><\/span>E\u015fde\u011fer ila\u00e7lar\u0131n fiyat taban\u0131n\u0131n %80\u2019den %64\u2019de d\u00fc\u015f\u00fcr\u00fclmesi<\/p>\n<p style=\"text-indent: -18pt; margin: 0cm 0cm 0pt 36pt; tab-stops: list 36.0pt\" class=\"MsoNormal\"><span>&#8211;<span style=\"font: 7pt 'Times New Roman'\">\u00a0\u00a0\u00a0\u00a0\u00a0\u00a0\u00a0 <\/span><\/span>AB \u00fclkelerinde veri koruma s\u00fcresi dolmu\u015f ila\u00e7larda ise fiyat taban\u0131n\u0131n %80\u2019e \u00e7ekilmesi ve benzeri konular yer al\u0131yor.<\/p>\n<p>\u00a0 <\/p>\n<p style=\"margin: 0cm 0cm 0pt\" class=\"MsoNormal\">1 milyar dolarl\u0131k ila\u00e7 tasarrufuna d\u00f6n\u00fck bu uygulama ger\u00e7ekle\u015firse ila\u00e7 fiyatlar\u0131nda ortalama %15-20 bir d\u00fc\u015f\u00fc\u015f ger\u00e7ekle\u015fecektir. Uygulama eczane ekonomilerini ciddi bir \u015fekilde etkileyecektir yap\u0131lan g\u00f6r\u00fc\u015fmelerde ele al\u0131nan paketin i\u00e7erisinde ila\u00e7 sa\u011fl\u0131k alan\u0131n\u0131 ilgilendiren di\u011fer konularla birlikte bu geli\u015fmenin yak\u0131ndan izlenilmesi ve eczane ekonomilerinin bu s\u00fcre\u00e7ten en az etkilenmesine d\u00f6n\u00fck politikalar\u0131n \u00fcretilmesinin \u00f6nemi bir kez daha ortaya \u00e7\u0131k\u0131yor.<\/p>\n<p><\/font><\/p>\n","protected":false},"excerpt":{"rendered":"<p>IMF ile yap\u0131lacak olan yeni stand-by anla\u015fmas\u0131 \u00e7er\u00e7evesinde ila\u00e7ta yap\u0131lmas\u0131 d\u00fc\u015f\u00fcn\u00fclen 1 milyar dolarl\u0131k tasarrufa d\u00f6n\u00fck somut ad\u0131mlar at\u0131lmaya ba\u015fland\u0131.&#46;&#46;&#46;<\/p>\n","protected":false},"author":1,"featured_media":0,"comment_status":"closed","ping_status":"closed","sticky":false,"template":"","format":"standard","meta":{"_jetpack_memberships_contains_paid_content":false,"footnotes":""},"categories":[1],"tags":[],"class_list":["post-3609","post","type-post","status-publish","format-standard","hentry","category-ced"],"aioseo_notices":[],"jetpack_featured_media_url":"","jetpack_sharing_enabled":true,"jetpack-related-posts":[],"_links":{"self":[{"href":"http:\/\/www.ced.org.tr\/index.php?rest_route=\/wp\/v2\/posts\/3609","targetHints":{"allow":["GET"]}}],"collection":[{"href":"http:\/\/www.ced.org.tr\/index.php?rest_route=\/wp\/v2\/posts"}],"about":[{"href":"http:\/\/www.ced.org.tr\/index.php?rest_route=\/wp\/v2\/types\/post"}],"author":[{"embeddable":true,"href":"http:\/\/www.ced.org.tr\/index.php?rest_route=\/wp\/v2\/users\/1"}],"replies":[{"embeddable":true,"href":"http:\/\/www.ced.org.tr\/index.php?rest_route=%2Fwp%2Fv2%2Fcomments&post=3609"}],"version-history":[{"count":0,"href":"http:\/\/www.ced.org.tr\/index.php?rest_route=\/wp\/v2\/posts\/3609\/revisions"}],"wp:attachment":[{"href":"http:\/\/www.ced.org.tr\/index.php?rest_route=%2Fwp%2Fv2%2Fmedia&parent=3609"}],"wp:term":[{"taxonomy":"category","embeddable":true,"href":"http:\/\/www.ced.org.tr\/index.php?rest_route=%2Fwp%2Fv2%2Fcategories&post=3609"},{"taxonomy":"post_tag","embeddable":true,"href":"http:\/\/www.ced.org.tr\/index.php?rest_route=%2Fwp%2Fv2%2Ftags&post=3609"}],"curies":[{"name":"wp","href":"https:\/\/api.w.org\/{rel}","templated":true}]}}