{"id":3611,"date":"2009-08-03T14:51:02","date_gmt":"2009-08-03T11:51:02","guid":{"rendered":"http:\/\/www.ced.org.tr\/?p=3611"},"modified":"2009-08-03T14:51:02","modified_gmt":"2009-08-03T11:51:02","slug":"agustos-ayi-koli-teslimat-programi-2","status":"publish","type":"post","link":"http:\/\/www.ced.org.tr\/?p=3611","title":{"rendered":"A\u011fustos Ay\u0131 Koli Teslimat Program\u0131"},"content":{"rendered":"<div align=\"left\">T\u00fcm \u0130stanbul \u0130li s\u00f6zle\u015fmeli eczaneleri ile Trakya illeri s\u00f6zle\u015fmeli eczaneleri kolilerini Bayrampa\u015fa re\u00e7ete inceleme ve depomuzda a\u015fa\u011f\u0131daki programa g\u00f6re, t\u00fcm kurumlar i\u00e7in birle\u015ftirilmi\u015f \u015fekilde teslim edeceklerdir. Gereksiz y\u0131\u011f\u0131lman\u0131n olu\u015fmamas\u0131 i\u00e7in eczac\u0131lar\u0131m\u0131z\u0131n programa uymalar\u0131n\u0131 rica ederiz. Koliler S\u00f6zle\u015fmeli Eczac\u0131 haricindeki ki\u015filerce de teslim edilebilir.<\/div>\n<div align=\"left\">Serbest g\u00fcnlerde koli al\u0131m\u0131 saat 09.00 \u2018da ba\u015flayacak 15.30\u2019a kadar gelenlerin kolileri al\u0131nacak, 16.00 itibari ile koli al\u0131m i\u015flemi sonland\u0131r\u0131lacakt\u0131r.<\/p>\n<p>Numaral\u0131 g\u00fcnlerde koli al\u0131m\u0131 saat 09.00 \u2018da ba\u015flayacak 16.00\u2019a kadar gelenlerin kolileri al\u0131nacak, 16.30 itibari ile koli al\u0131m i\u015flemi sonland\u0131r\u0131lacakt\u0131r.<\/p>\n<p>T\u00fcm duyurular\u0131m\u0131za ra\u011fmen kolilerini taraf\u0131m\u0131zca duyurulan kriterlere uygun haz\u0131rlamayan S\u00f6zle\u015fmeli Eczanelerimiz nedeniyle istenmeyen gecikmeler olu\u015fabilmektedir. <\/p>\n<p>Bu nedenlerle ge\u00e7mi\u015f d\u00f6nemlerde oldu\u011fu gibi bu d\u00f6nemde de teslim g\u00fcnlerine azami \u00f6zen g\u00f6stermeniz, kolilerinizi dikkatli ve eksiksiz haz\u0131rlaman\u0131z, Bayrampa\u015fa depomuzda sizlere hizmet veren personelimize yard\u0131mc\u0131 olman\u0131z\u0131 rica ederiz.<\/p>\n<p><strong>3-4-5 A\u011fustos (Pazartesi-Sal\u0131-\u00c7ar\u015famba)<\/strong><br \/>Bu tarihe kadar sadece zorunlu durumlarda s\u00f6zle\u015fme numaras\u0131 d\u00fczenine ba\u011fl\u0131 olmaks\u0131z\u0131n t\u00fcm s\u00f6zle\u015fmeli eczanelerimiz koli teslim edebileceklerdir.<\/p>\n<p>Koli teslim d\u00f6nemi gelen eczaneler 1 g\u00fcn \u00f6ncesinde ve ayn\u0131 g\u00fcn sistemden rezervasyon numaras\u0131 alabileceklerdir.<br \/>Koli teslim d\u00f6nemi gelmeyen eczaneler rezervasyon numaras\u0131 alamayacaklard\u0131r.<br \/>Koli teslim d\u00f6nemi ge\u00e7en eczaneler i\u00e7in bir s\u0131n\u0131rlama bulunmamaktad\u0131r.<\/p>\n<p><strong>6-7-10-11-12-13-14 -17 A\u011fustos (Per\u015fembe-Cuma-Pazartesi-Sal\u0131-\u00c7ar\u015famba- Per\u015fembe-Cuma-Pazartesi)<\/strong><br \/>\u0130STANBUL ili s\u00f6zle\u015fmeli eczanelerimiz, bu tarihler aras\u0131nda 1834. ile ba\u015flayan Emekli Sand\u0131\u011f\u0131 sicil numaras\u0131n\u0131n son rakam\u0131na g\u00f6re kolilerini teslim edeceklerdir. <\/p>\n<p><strong>13 A\u011fustos<\/strong> Per\u015fembe g\u00fcn\u00fc K\u0131rklareli eczaneleri<br \/><strong>14 A\u011fustos <\/strong>Cuma g\u00fcn\u00fc Tekirda\u011f eczaneleri<br \/><strong>17 A\u011fustos<\/strong> Pazartesi g\u00fcn\u00fc Edirne eczaneleri kolilerini teslim edeceklerdir.<\/p>\n<p>A\u011fustos ay\u0131 Koli Teslimat \u0130\u015flemi G\u00f6ztepe Depomuzda yap\u0131lmayacakt\u0131r.<\/p>\n<p>HAZ\u0130RAN AYINDA DUYURUSU YAPILARAK S\u00d6ZLE\u015eMEL\u0130 ECZANELERDEN HER FATURA EK\u0130NDE \u0130STENMES\u0130 PLANLANAN PR\u0130M BORCU YOKTUR YAZILARI; MERKEZ M\u00dcD\u00dcRL\u00dc\u011e\u00dcM\u00dcZ TARAFINDAN GEREKL\u0130 D\u00dcZENLEMELER\u0130N TAMAMLANMASI SEBEB\u0130YLE KOL\u0130 TESL\u0130MATI SIRASINDA ARANMAYACAKTIR.<\/p>\n<p>15.08.2009 tarihinin Hafta sonuna gelmesi sebebiyle 17.08.2009 tarihinde koli teslimat\u0131 yap\u0131labilecektir.<\/p><\/div>\n<div align=\"left\">\n<table border=\"0\" cellspacing=\"0\" cellpadding=\"0\" width=\"464\" style=\"width: 464px; border-collapse: collapse; height: 218px\">\n<tbody>\n<tr height=\"17\" style=\"height: 12.75pt\">\n<td class=\"xl24\" width=\"102\" height=\"17\" style=\"width: 77pt; height: 12.75pt\"><strong>Teslimat G\u00fcn\u00fc<\/strong><\/td>\n<td class=\"xl24\" colspan=\"2\" width=\"194\" style=\"border-left: medium none; width: 146pt\"><strong>Teslimat D\u00fczeni<\/strong><\/td>\n<td class=\"xl24\" width=\"160\" style=\"border-left: medium none; width: 120pt\"><strong>Bayrampa\u015fa Depo<\/strong><\/td>\n<td class=\"xl24\" width=\"145\" style=\"border-left: medium none; width: 109pt\"><strong>G\u00f6ztepe Depo<\/strong><\/td>\n<\/tr>\n<tr height=\"17\" style=\"height: 12.75pt\">\n<td class=\"xl25\" width=\"102\" height=\"17\" style=\"width: 77pt; height: 12.75pt; border-top: medium none\">03.08.2009<\/td>\n<td class=\"xl26\" colspan=\"2\" rowspan=\"3\" width=\"194\" style=\"width: 146pt\">Sadece zorunlu durumlarda s\u00f6zle\u015fme numaras\u0131 d\u00fczenine ba\u011fl\u0131 olmaks\u0131z\u0131n teslimat<\/td>\n<td class=\"xl26\" rowspan=\"8\" width=\"160\" style=\"width: 120pt; border-top: medium none\">\u0130stanbul \u0130li Eczaneleri\u00a0\u00a0\u00a0<\/td>\n<td class=\"xl26\" rowspan=\"11\" width=\"145\" style=\"width: 109pt; border-top: medium none\">Koli Teslimat \u0130\u015flemi Yap\u0131lmayacakt\u0131r<\/td>\n<\/tr>\n<tr height=\"17\" style=\"height: 12.75pt\">\n<td class=\"xl25\" width=\"102\" height=\"17\" style=\"width: 77pt; height: 12.75pt; border-top: medium none\">04.08.2009<\/td>\n<\/tr>\n<tr height=\"17\" style=\"height: 12.75pt\">\n<td class=\"xl25\" width=\"102\" height=\"17\" style=\"width: 77pt; height: 12.75pt; border-top: medium none\">05.08.2009<\/td>\n<\/tr>\n<tr height=\"17\" style=\"height: 12.75pt\">\n<td class=\"xl25\" width=\"102\" height=\"17\" style=\"width: 77pt; height: 12.75pt; border-top: medium none\">06.08.2009<\/td>\n<td class=\"xl27\" width=\"81\" style=\"border-left: medium none; width: 61pt; border-top: medium none\">6-5<\/td>\n<td class=\"xl26\" rowspan=\"8\" width=\"113\" style=\"width: 85pt; border-top: medium none\">\u0130stanbul \u0130li Kurum Sicil numaras\u0131n\u0131n son rakam\u0131na g\u00f6re<\/td>\n<\/tr>\n<tr height=\"17\" style=\"height: 12.75pt\">\n<td class=\"xl25\" width=\"102\" height=\"17\" style=\"width: 77pt; height: 12.75pt; border-top: medium none\">07.08.2009<\/td>\n<td class=\"xl27\" width=\"81\" style=\"border-left: medium none; width: 61pt; border-top: medium none\">4-3<\/td>\n<\/tr>\n<tr height=\"17\" style=\"height: 12.75pt\">\n<td class=\"xl25\" width=\"102\" height=\"17\" style=\"width: 77pt; height: 12.75pt; border-top: medium none\">10.08.2009<\/td>\n<td class=\"xl27\" width=\"81\" style=\"border-left: medium none; width: 61pt; border-top: medium none\">2<\/td>\n<\/tr>\n<tr height=\"17\" style=\"height: 12.75pt\">\n<td class=\"xl25\" width=\"102\" height=\"17\" style=\"width: 77pt; height: 12.75pt; border-top: medium none\">11.08.2009<\/td>\n<td class=\"xl29\" style=\"border-left: medium none; border-top: medium none\">1<\/td>\n<\/tr>\n<tr height=\"17\" style=\"height: 12.75pt\">\n<td class=\"xl25\" width=\"102\" height=\"17\" style=\"width: 77pt; height: 12.75pt; border-top: medium none\">12.08.2009<\/td>\n<td class=\"xl27\" width=\"81\" style=\"border-left: medium none; width: 61pt; border-top: medium none\">0<\/td>\n<\/tr>\n<tr height=\"17\" style=\"height: 12.75pt\">\n<td class=\"xl25\" width=\"102\" height=\"17\" style=\"width: 77pt; height: 12.75pt; border-top: medium none\">13.08.2009<\/td>\n<td class=\"xl27\" width=\"81\" style=\"border-left: medium none; width: 61pt; border-top: medium none\">9<\/td>\n<td class=\"xl26\" width=\"160\" style=\"border-left: medium none; width: 120pt; border-top: medium none\">ile K\u0131rklareli Eczaneleri<\/td>\n<\/tr>\n<tr height=\"17\" style=\"height: 12.75pt\">\n<td class=\"xl25\" width=\"102\" height=\"17\" style=\"width: 77pt; height: 12.75pt; border-top: medium none\">14.08.2009<\/td>\n<td class=\"xl28\" style=\"border-left: medium none; border-top: medium none\">8<\/td>\n<td class=\"xl26\" width=\"160\" style=\"border-left: medium none; width: 120pt; border-top: medium none\">ile Tekirda\u011f Eczaneleri<\/td>\n<\/tr>\n<tr height=\"17\" style=\"height: 12.75pt\">\n<td class=\"xl25\" width=\"102\" height=\"17\" style=\"width: 77pt; height: 12.75pt; border-top: medium none\">17.08.2009<\/td>\n<td class=\"xl28\" style=\"border-left: medium none; border-top: medium none\">7<\/td>\n<td class=\"xl26\" width=\"160\" style=\"border-left: medium none; width: 120pt; border-top: medium none\">ile Edirne Eczaneleri<\/td>\n<\/tr>\n<\/tbody>\n<\/table>\n<\/div>\n","protected":false},"excerpt":{"rendered":"<p>T\u00fcm \u0130stanbul \u0130li s\u00f6zle\u015fmeli eczaneleri ile Trakya illeri s\u00f6zle\u015fmeli eczaneleri kolilerini Bayrampa\u015fa re\u00e7ete inceleme ve depomuzda a\u015fa\u011f\u0131daki programa g\u00f6re, t\u00fcm&#46;&#46;&#46;<\/p>\n","protected":false},"author":1,"featured_media":0,"comment_status":"closed","ping_status":"closed","sticky":false,"template":"","format":"standard","meta":{"_jetpack_memberships_contains_paid_content":false,"footnotes":""},"categories":[1],"tags":[],"class_list":["post-3611","post","type-post","status-publish","format-standard","hentry","category-ced"],"aioseo_notices":[],"jetpack_featured_media_url":"","jetpack_sharing_enabled":true,"jetpack-related-posts":[],"_links":{"self":[{"href":"http:\/\/www.ced.org.tr\/index.php?rest_route=\/wp\/v2\/posts\/3611","targetHints":{"allow":["GET"]}}],"collection":[{"href":"http:\/\/www.ced.org.tr\/index.php?rest_route=\/wp\/v2\/posts"}],"about":[{"href":"http:\/\/www.ced.org.tr\/index.php?rest_route=\/wp\/v2\/types\/post"}],"author":[{"embeddable":true,"href":"http:\/\/www.ced.org.tr\/index.php?rest_route=\/wp\/v2\/users\/1"}],"replies":[{"embeddable":true,"href":"http:\/\/www.ced.org.tr\/index.php?rest_route=%2Fwp%2Fv2%2Fcomments&post=3611"}],"version-history":[{"count":0,"href":"http:\/\/www.ced.org.tr\/index.php?rest_route=\/wp\/v2\/posts\/3611\/revisions"}],"wp:attachment":[{"href":"http:\/\/www.ced.org.tr\/index.php?rest_route=%2Fwp%2Fv2%2Fmedia&parent=3611"}],"wp:term":[{"taxonomy":"category","embeddable":true,"href":"http:\/\/www.ced.org.tr\/index.php?rest_route=%2Fwp%2Fv2%2Fcategories&post=3611"},{"taxonomy":"post_tag","embeddable":true,"href":"http:\/\/www.ced.org.tr\/index.php?rest_route=%2Fwp%2Fv2%2Ftags&post=3611"}],"curies":[{"name":"wp","href":"https:\/\/api.w.org\/{rel}","templated":true}]}}