{"id":3612,"date":"2009-08-13T08:07:36","date_gmt":"2009-08-13T05:07:36","guid":{"rendered":"http:\/\/www.ced.org.tr\/?p=3612"},"modified":"2009-08-13T08:07:36","modified_gmt":"2009-08-13T05:07:36","slug":"rekabet-kurulundan-baskin-denetim","status":"publish","type":"post","link":"http:\/\/www.ced.org.tr\/?p=3612","title":{"rendered":"REKABET KURULUNDAN BASKIN DENET\u0130M!"},"content":{"rendered":"<p class=\"MsoNormal\" style=\"margin: 0cm 0cm 0pt;\"><span style=\"font-family: Times New Roman; color: #000000; font-size: small;\">Rekabet Kurulu\u2019nun \u20184054 say\u0131l\u0131 Rekabetin Korunmas\u0131 Hakk\u0131ndaki kanun\u2019u\u2019 gerek\u00e7e g\u00f6stererek TEB, \u0130stanbul ve Ankara Eczac\u0131 Odalar\u0131na bask\u0131n denetimi ve bu t\u00fcr denetimlerin son d\u00f6nemlerde giderek s\u00fcreklilik kazanmas\u0131 meslek odalar\u0131 \u00fczerinde \u2018yeni\u2019 bir vesayet sisteminin varl\u0131\u011f\u0131n\u0131 ortaya koyuyor.<\/span><\/p>\n<p class=\"MsoNormal\" style=\"margin: 0cm 0cm 0pt;\"><span style=\"font-family: Times New Roman; color: #000000; font-size: small;\">\u00a0<\/span><\/p>\n<p class=\"MsoNormal\" style=\"margin: 0cm 0cm 0pt;\"><span style=\"font-family: Times New Roman; color: #000000; font-size: small;\">12 Eyl\u00fcl Rejimi ile demokrasi ve meslek \u00f6rg\u00fctleri \u00fczerinde olu\u015fturulan vesayet sisteminin varl\u0131\u011f\u0131 ba\u015fl\u0131 ba\u015f\u0131na bir sorun olarak ortada dururken, buna bir de Rekabet Kurulunun vesayetinin eklenmesi meslek \u00f6rg\u00fctlerini i\u015flevsiz k\u0131lmaya d\u00f6n\u00fck anti-demokratik uygulamalar\u0131n devam\u0131 niteli\u011findedir.Eczac\u0131 odalar\u0131, mesleki ve toplumsal sorumluluklar\u0131 olan kurumlard\u0131r.Sorumluluk alanlar\u0131na, ila\u00e7 tekellerince yap\u0131lan m\u00fcdahalelere kar\u015f\u0131 demokratik diren\u00e7 g\u00f6stermelerinin Rekabet Kurulunca sorgulanmas\u0131 asla kabul edilemez.Ayr\u0131ca ila\u00e7 tekellerine d\u00f6n\u00fck demokratik hak arama m\u00fccadelesinin her a\u015famas\u0131nda bu kurulun varl\u0131\u011f\u0131n\u0131 hissettirme \u00e7abalar\u0131 dikkat \u00e7ekicidir.!<\/span><\/p>\n<p class=\"MsoNormal\" style=\"margin: 0cm 0cm 0pt;\"><span style=\"font-family: Times New Roman; color: #000000; font-size: small;\">\u00a0<\/span><\/p>\n<p class=\"MsoNormal\" style=\"margin: 0cm 0cm 0pt;\"><span style=\"font-family: Times New Roman; color: #000000; font-size: small;\">Eczac\u0131 odalar\u0131 ve TEB, eczac\u0131lar\u0131n hak ve hukukunu,toplumun sa\u011fl\u0131\u011f\u0131n\u0131 korumak g\u00f6rev ve sorumlulu\u011fu olan demokratik kurumlard\u0131r..Anayasal g\u00f6revleri olan bu i\u015flevlerini yerine getirmek neden Rekabet Kurulunun iznine tabi olsun?\u0130la\u00e7 tekellerinin dayatmalar\u0131na,haks\u0131z uygulamalar\u0131na kar\u015f\u0131 m\u00fccadele etmek eczac\u0131lar\u0131n ve eczac\u0131 \u00f6rg\u00fctlerinin en do\u011fal demokratik hakk\u0131 ve g\u00f6revidir.Rekabet Kurulunun her seferinde bu m\u00fccadelenin \u00f6n\u00fcne dikilmesi ve ila\u00e7 tekellerinden yana bir tutum almas\u0131 bu kurulun i\u015flevini ve g\u00fcvenirli\u011fini bug\u00fcnden tart\u0131\u015f\u0131l\u0131r hale getirmi\u015ftir.Rekabet Kurulu meslek \u00f6rg\u00fctlerinin tabi oldu\u011fu bir vesayet kurumu de\u011fildir,bask\u0131n denetimlerle eczac\u0131 odalar\u0131n\u0131 \u00e7al\u0131\u015famaz duruma getirmek te bu kurulun g\u00f6revi de\u011fildir.<\/span><\/p>\n<p class=\"MsoNormal\" style=\"margin: 0cm 0cm 0pt;\"><span style=\"font-family: Times New Roman; color: #000000; font-size: small;\">\u00a0<\/span><\/p>\n<p class=\"MsoNormal\" style=\"margin: 0cm 0cm 0pt;\"><span style=\"font-family: Times New Roman; color: #000000; font-size: small;\">Rekabet Kurulunu harekete ge\u00e7iren g\u00fcc\u00fcn ne oldu\u011funu biliyoruz. Eczac\u0131lar\u0131n, ila\u00e7 firmalar\u0131n\u0131n haks\u0131z uygulamalar\u0131na kar\u015f\u0131 g\u00f6sterdi\u011fi diren\u00e7 baz\u0131 ila\u00e7 firmalar\u0131n\u0131 rahats\u0131z etmi\u015f g\u00f6r\u00fcn\u00fcyor. Bu tarz anti-demokratik uygulamalarla direncimizi k\u0131rmak ve bizlere g\u00f6zda\u011f\u0131 vermek istedikleri a\u00e7\u0131k\u00e7a ortada. Buna verilecek en iyi tepki eylemlilik s\u00fcrecini y\u00fckseltmek, \u00f6rg\u00fctlerimize bu zor s\u00fcre\u00e7te t\u00fcm anti-demokratik engellemelere kar\u015f\u0131n sahip \u00e7\u0131kmakt\u0131r.<\/span><\/p>\n<p class=\"MsoNormal\" style=\"margin: 0cm 0cm 0pt;\"><span style=\"font-family: Times New Roman; color: #000000; font-size: small;\">Haydi, hak arama m\u00fccadelesinde yeni kazan\u0131mlar i\u00e7in birli\u011fe, dayan\u0131\u015fmaya ve m\u00fccadeleye\u2026<\/span><\/p>\n","protected":false},"excerpt":{"rendered":"<p>Rekabet Kurulu\u2019nun \u20184054 say\u0131l\u0131 Rekabetin Korunmas\u0131 Hakk\u0131ndaki kanun\u2019u\u2019 gerek\u00e7e g\u00f6stererek TEB, \u0130stanbul ve Ankara Eczac\u0131 Odalar\u0131na bask\u0131n denetimi ve bu&#46;&#46;&#46;<\/p>\n","protected":false},"author":1,"featured_media":0,"comment_status":"closed","ping_status":"closed","sticky":false,"template":"","format":"standard","meta":{"_jetpack_memberships_contains_paid_content":false,"footnotes":""},"categories":[1],"tags":[],"class_list":["post-3612","post","type-post","status-publish","format-standard","hentry","category-ced"],"aioseo_notices":[],"jetpack_featured_media_url":"","jetpack_sharing_enabled":true,"jetpack-related-posts":[],"_links":{"self":[{"href":"http:\/\/www.ced.org.tr\/index.php?rest_route=\/wp\/v2\/posts\/3612","targetHints":{"allow":["GET"]}}],"collection":[{"href":"http:\/\/www.ced.org.tr\/index.php?rest_route=\/wp\/v2\/posts"}],"about":[{"href":"http:\/\/www.ced.org.tr\/index.php?rest_route=\/wp\/v2\/types\/post"}],"author":[{"embeddable":true,"href":"http:\/\/www.ced.org.tr\/index.php?rest_route=\/wp\/v2\/users\/1"}],"replies":[{"embeddable":true,"href":"http:\/\/www.ced.org.tr\/index.php?rest_route=%2Fwp%2Fv2%2Fcomments&post=3612"}],"version-history":[{"count":0,"href":"http:\/\/www.ced.org.tr\/index.php?rest_route=\/wp\/v2\/posts\/3612\/revisions"}],"wp:attachment":[{"href":"http:\/\/www.ced.org.tr\/index.php?rest_route=%2Fwp%2Fv2%2Fmedia&parent=3612"}],"wp:term":[{"taxonomy":"category","embeddable":true,"href":"http:\/\/www.ced.org.tr\/index.php?rest_route=%2Fwp%2Fv2%2Fcategories&post=3612"},{"taxonomy":"post_tag","embeddable":true,"href":"http:\/\/www.ced.org.tr\/index.php?rest_route=%2Fwp%2Fv2%2Ftags&post=3612"}],"curies":[{"name":"wp","href":"https:\/\/api.w.org\/{rel}","templated":true}]}}