{"id":3617,"date":"2009-09-01T06:46:39","date_gmt":"2009-09-01T03:46:39","guid":{"rendered":"http:\/\/www.ced.org.tr\/?p=3617"},"modified":"2009-09-01T06:46:39","modified_gmt":"2009-09-01T03:46:39","slug":"1-eylul-dunya-baris-gunu-2","status":"publish","type":"post","link":"http:\/\/www.ced.org.tr\/?p=3617","title":{"rendered":"1 EYL\u00dcL D\u00dcNYA BARI\u015e G\u00dcN\u00dc"},"content":{"rendered":"<p class=\"MsoNormal\" style=\"margin: 0cm 0cm 0pt;\"><span style=\"font-family: Times New Roman; color: #000000; font-size: small;\">D\u00fcnya 20. y\u00fczy\u0131lda iki b\u00fcy\u00fck felaketi ya\u015fad\u0131. Bu emperyalist payla\u015f\u0131m sava\u015flar\u0131n\u0131n bedelini \u0130\u015f\u00e7iler, emek\u00e7iler, ezilen d\u00fcnya halklar\u0131 \u00f6dedi. Geride s\u00f6nm\u00fc\u015f ocaklar, y\u0131k\u0131lm\u0131\u015f, viraneye d\u00f6nm\u00fc\u015f kentler, kasabalar ve milyonlarca can kayb\u0131 b\u0131rakt\u0131.<\/span><\/p>\n<p class=\"MsoNormal\" style=\"margin: 0cm 0cm 0pt;\"><span style=\"font-family: Times New Roman; color: #000000; font-size: small;\">\u00a0<\/span><\/p>\n<p class=\"MsoNormal\" style=\"margin: 0cm 0cm 0pt;\"><span style=\"font-family: Times New Roman; color: #000000; font-size: small;\">Birinci D\u00fcnya Sava\u015f\u0131n\u0131n \u00fczerinden tam 100 y\u0131l ge\u00e7ti, sava\u015flardan bizar olan insano\u011flu hala sava\u015f\u0131n so\u011fuk so\u011fuk y\u00fcz\u00fcn\u00fc ve ac\u0131s\u0131n\u0131 ya\u015f\u0131yor. Sava\u015f tamtamlar\u0131 hala d\u00fcnyan\u0131n farkl\u0131 b\u00f6lgelerinde \u00e7almaya devam ediyor. Milliyet\u00e7ilikten, \u015fovenizmden beslenen sava\u015f\u0131n dili hala etkin. De\u011fi\u015fimden saltanatlar\u0131n\u0131, stat\u00fckolar\u0131n\u0131 kaybetmekten korkanlar sava\u015f\u0131n ve \u015fiddetin dilini kullanmaya devam ediyorlar. Sava\u015f ve \u015fiddet politikalar\u0131 \u00fczerinden de\u011fi\u015fime direnmeye \u00e7al\u0131\u015f\u0131yorlar, halklar aras\u0131 d\u00fc\u015fmanl\u0131klar bu ama\u00e7la k\u00f6r\u00fckleniyor. Bar\u0131\u015f\u0131n ve karde\u015fli\u011fin dili ise hala bask\u0131 alt\u0131nda!<\/span><\/p>\n<p class=\"MsoNormal\" style=\"margin: 0cm 0cm 0pt;\"><span style=\"font-family: Times New Roman; color: #000000; font-size: small;\">\u00a0<\/span><\/p>\n<p class=\"MsoNormal\" style=\"margin: 0cm 0cm 0pt;\"><span style=\"font-family: Times New Roman; color: #000000; font-size: small;\">\u0130ki b\u00fcy\u00fck sava\u015f\u0131 ya\u015fam\u0131\u015f ve sava\u015flardan bizar olmu\u015f insano\u011flu bug\u00fcn art\u0131k sava\u015fs\u0131z ve s\u00f6m\u00fcr\u00fcs\u00fcz bir d\u00fcnyada bar\u0131\u015f\u0131, demokrasiyi, mutlulu\u011fu ve \u00f6zg\u00fcrl\u00fckleri payla\u015farak bar\u0131\u015f i\u00e7inde bir arada ya\u015famak istiyor. Her 1 Eyl\u00fcl\u2019de bar\u0131\u015fa olan \u00f6zlem daha bir art\u0131yor.<\/span><\/p>\n<p class=\"MsoNormal\" style=\"margin: 0cm 0cm 0pt;\"><span style=\"font-family: Times New Roman; color: #000000; font-size: small;\">\u00a0<\/span><\/p>\n<p class=\"MsoNormal\" style=\"margin: 0cm 0cm 0pt;\"><span style=\"font-family: Times New Roman; color: #000000; font-size: small;\">Bug\u00fcn 1 Eyl\u00fcl D\u00fcnya Bar\u0131\u015f G\u00fcn\u00fcnde bar\u0131\u015fa olan \u00f6zlemimizi bir kez daha hayk\u0131r\u0131yoruz.<\/span><\/p>\n","protected":false},"excerpt":{"rendered":"<p>D\u00fcnya 20. y\u00fczy\u0131lda iki b\u00fcy\u00fck felaketi ya\u015fad\u0131. Bu emperyalist payla\u015f\u0131m sava\u015flar\u0131n\u0131n bedelini \u0130\u015f\u00e7iler, emek\u00e7iler, ezilen d\u00fcnya halklar\u0131 \u00f6dedi. Geride s\u00f6nm\u00fc\u015f&#46;&#46;&#46;<\/p>\n","protected":false},"author":1,"featured_media":0,"comment_status":"closed","ping_status":"closed","sticky":false,"template":"","format":"standard","meta":{"_jetpack_memberships_contains_paid_content":false,"footnotes":""},"categories":[1],"tags":[],"class_list":["post-3617","post","type-post","status-publish","format-standard","hentry","category-ced"],"aioseo_notices":[],"jetpack_featured_media_url":"","jetpack_sharing_enabled":true,"jetpack-related-posts":[],"_links":{"self":[{"href":"http:\/\/www.ced.org.tr\/index.php?rest_route=\/wp\/v2\/posts\/3617","targetHints":{"allow":["GET"]}}],"collection":[{"href":"http:\/\/www.ced.org.tr\/index.php?rest_route=\/wp\/v2\/posts"}],"about":[{"href":"http:\/\/www.ced.org.tr\/index.php?rest_route=\/wp\/v2\/types\/post"}],"author":[{"embeddable":true,"href":"http:\/\/www.ced.org.tr\/index.php?rest_route=\/wp\/v2\/users\/1"}],"replies":[{"embeddable":true,"href":"http:\/\/www.ced.org.tr\/index.php?rest_route=%2Fwp%2Fv2%2Fcomments&post=3617"}],"version-history":[{"count":0,"href":"http:\/\/www.ced.org.tr\/index.php?rest_route=\/wp\/v2\/posts\/3617\/revisions"}],"wp:attachment":[{"href":"http:\/\/www.ced.org.tr\/index.php?rest_route=%2Fwp%2Fv2%2Fmedia&parent=3617"}],"wp:term":[{"taxonomy":"category","embeddable":true,"href":"http:\/\/www.ced.org.tr\/index.php?rest_route=%2Fwp%2Fv2%2Fcategories&post=3617"},{"taxonomy":"post_tag","embeddable":true,"href":"http:\/\/www.ced.org.tr\/index.php?rest_route=%2Fwp%2Fv2%2Ftags&post=3617"}],"curies":[{"name":"wp","href":"https:\/\/api.w.org\/{rel}","templated":true}]}}