{"id":3618,"date":"2009-09-03T09:45:01","date_gmt":"2009-09-03T06:45:01","guid":{"rendered":"http:\/\/www.ced.org.tr\/?p=3618"},"modified":"2009-09-03T09:45:01","modified_gmt":"2009-09-03T06:45:01","slug":"degisim-grubu-ankara-eczaci-odasi-yonetimine-talip","status":"publish","type":"post","link":"http:\/\/www.ced.org.tr\/?p=3618","title":{"rendered":"\u201cDE\u011e\u0130\u015e\u0130M GRUBU\u201d ANKARA ECZACI ODASI Y\u00d6NET\u0130M\u0130NE TAL\u0130P"},"content":{"rendered":"<p class=\"MsoNormal\" style=\"margin: 0cm 0cm 0pt;\"><span style=\"font-family: Times New Roman; color: #000000; font-size: small;\">\u00c7a\u011fda\u015f eczac\u0131lar\u0131nda yer ald\u0131\u011f\u0131 \u201cDe\u011fi\u015fim Grubu\u201d yay\u0131nlad\u0131\u011f\u0131 ortak deklarasyonla Ankara Eczac\u0131 Odas\u0131 y\u00f6netimine talip olduklar\u0131n\u0131 duyurdu.<\/span><\/p>\n<p class=\"MsoNormal\" style=\"margin: 0cm 0cm 0pt;\"><span style=\"font-family: Times New Roman; color: #000000; font-size: small;\">\u00a0<\/span><\/p>\n<p class=\"MsoNormal\" style=\"margin: 0cm 0cm 0pt;\"><span style=\"font-family: Times New Roman; color: #000000; font-size: small;\">Deklarasyonu a\u015fa\u011f\u0131da yay\u0131nl\u0131yoruz.<\/span><\/p>\n<p class=\"MsoNormal\" style=\"margin: 0cm 0cm 0pt;\"><span style=\"font-family: Times New Roman; color: #000000; font-size: small;\">\u00a0<\/span><\/p>\n<p class=\"MsoNormal\" style=\"margin: 0cm 0cm 0pt;\"><span style=\"font-family: Times New Roman; color: #000000; font-size: small;\">ARTIK YETER!<\/span><\/p>\n<p class=\"MsoNormal\" style=\"margin: 0cm 0cm 0pt;\"><span style=\"font-family: Times New Roman; color: #000000; font-size: small;\">Eczac\u0131l\u0131k mesle\u011fi sahipsiz de\u011fildir\u2026<\/span><\/p>\n<p class=\"MsoNormal\" style=\"margin: 0cm 0cm 0pt;\"><span style=\"font-family: Times New Roman; color: #000000; font-size: small;\">\u00a0<\/span><\/p>\n<p class=\"MsoNormal\" style=\"margin: 0cm 0cm 0pt;\"><span style=\"font-family: Times New Roman; color: #000000; font-size: small;\">21 aral\u0131k mitinginde y\u00fckselen sesimizi duymayanlara 27 EYL\u00dcL\u2019DE son kez hayk\u0131ral\u0131m<\/span><\/p>\n<p class=\"MsoNormal\" style=\"margin: 0cm 0cm 0pt;\"><span style=\"font-family: Times New Roman; color: #000000; font-size: small;\">\u00a0<\/span><\/p>\n<p class=\"MsoNormal\" style=\"margin: 0cm 0cm 0pt;\"><span style=\"font-family: Times New Roman; color: #000000; font-size: small;\">De\u011ferli Meslekta\u015f\u0131m\u0131z,<\/span><\/p>\n<p class=\"MsoNormal\" style=\"margin: 0cm 0cm 0pt;\"><span style=\"font-family: Times New Roman; color: #000000; font-size: small;\">\u00a0<\/span><\/p>\n<p class=\"MsoNormal\" style=\"margin: 0cm 0cm 0pt;\"><span style=\"font-family: Times New Roman; color: #000000; font-size: small;\">Meslek \u00f6rg\u00fct\u00fcn\u00fcn varl\u0131\u011f\u0131n\u0131 tart\u0131\u015f\u0131l\u0131r hale getirenlere,<\/span><\/p>\n<p class=\"MsoNormal\" style=\"margin: 0cm 0cm 0pt;\"><span style=\"font-family: Times New Roman; color: #000000; font-size: small;\">\u00a0<\/span><\/p>\n<p class=\"MsoNormal\" style=\"margin: 0cm 0cm 0pt;\"><span style=\"font-family: Times New Roman; color: #000000; font-size: small;\">G\u00fcnd\u00fcz \u201ceylem\u201d diyerek vitrinlerimizi, ayn\u0131 gece s\u00f6zle\u015fmeyi imzalayarak gelece\u011fimizi karartanlara,<\/span><\/p>\n<p class=\"MsoNormal\" style=\"margin: 0cm 0cm 0pt;\"><span style=\"font-family: Times New Roman; color: #000000; font-size: small;\">\u00a0<\/span><\/p>\n<p class=\"MsoNormal\" style=\"margin: 0cm 0cm 0pt;\"><span style=\"font-family: Times New Roman; color: #000000; font-size: small;\">Temmuz ay\u0131nda \u201cTEB tarihinin en ba\u015far\u0131l\u0131 protokol\u00fcn\u00fc imzalad\u0131k, istedi\u011fimizi ald\u0131k\u201d deyip 6 ay sonra protokol\u00fc fesh etmek zorunda kalanlara,<\/span><\/p>\n<p class=\"MsoNormal\" style=\"margin: 0cm 0cm 0pt;\"><span style=\"font-family: Times New Roman; color: #000000; font-size: small;\">\u00a0<\/span><\/p>\n<p class=\"MsoNormal\" style=\"margin: 0cm 0cm 0pt;\"><span style=\"font-family: Times New Roman; color: #000000; font-size: small;\">Kendi imzalad\u0131klar\u0131 protokol\u00fc bile kuruma teslim edemeyenlere, <\/span><\/p>\n<p><span style=\"font-family: Times New Roman; color: #000000; font-size: small;\"><\/p>\n<p><span style=\"font-family: Times New Roman; color: #000000; font-size: small;\"><\/p>\n<p class=\"MsoNormal\" style=\"margin: 0cm 0cm 0pt;\">\u00a0<\/p>\n<p><\/span><\/span><span style=\"font-family: Times New Roman; color: #000000; font-size: small;\">\u201cK\u0131rm\u0131z\u0131 \u00e7izgilerimiz\u201d var deyip karda k\u0131\u015fta toplanan 30.000 ki\u015finin deste\u011fi ve kar\u015f\u0131 \u00e7\u0131k\u0131\u015f\u0131na ra\u011fmen gece 23.30\u2019da s\u00f6zle\u015fme imzalayanlara,<\/span><span style=\"font-family: Times New Roman; color: #000000; font-size: small;\">\u00a0<\/span><\/p>\n<p class=\"MsoNormal\" style=\"margin: 0cm 0cm 0pt;\"><span style=\"font-family: Times New Roman; color: #000000; font-size: small;\">\u00d6deme s\u00fcrelerini 45 g\u00fcnden 60 g\u00fcne \u00e7\u0131kar\u0131p bunu ba\u015far\u0131 gibi g\u00f6sterenlere,<\/span><\/p>\n<p class=\"MsoNormal\" style=\"margin: 0cm 0cm 0pt;\"><span style=\"font-family: Times New Roman; color: #000000; font-size: small;\">\u00a0<\/span><\/p>\n<p class=\"MsoNormal\" style=\"margin: 0cm 0cm 0pt;\"><span style=\"font-family: Times New Roman; color: #000000; font-size: small;\">S\u00f6zle\u015fme fiyatlar\u0131n\u0131 ucuzlataca\u011f\u0131z diyerek sizlerden oy isteyip 6 ay i\u00e7inde iki kez en y\u00fcksek fiyata s\u00f6zle\u015fme satanlara,<\/span><\/p>\n<p class=\"MsoNormal\" style=\"margin: 0cm 0cm 0pt;\"><span style=\"font-family: Times New Roman; color: #000000; font-size: small;\">\u00a0<\/span><\/p>\n<p class=\"MsoNormal\" style=\"margin: 0cm 0cm 0pt;\"><span style=\"font-family: Times New Roman; color: #000000; font-size: small;\">\u201c\u00d6rneklemeye kar\u015f\u0131y\u0131z\u201d deyip \u201cA grubu re\u00e7eteleri\u201d de \u00f6rneklemeye dahil ettirenlere,<\/span><\/p>\n<p class=\"MsoNormal\" style=\"margin: 0cm 0cm 0pt;\"><span style=\"font-family: Times New Roman; color: #000000; font-size: small;\">\u00a0<\/span><\/p>\n<p class=\"MsoNormal\" style=\"margin: 0cm 0cm 0pt;\"><span style=\"font-family: Times New Roman; color: #000000; font-size: small;\">Protokolde kurum denetlemelerine kar\u015f\u0131 \u00e7\u0131kmay\u0131p alt\u0131na imza att\u0131ktan sonra mahkemeye verece\u011fiz diyenlere,<\/span><\/p>\n<p class=\"MsoNormal\" style=\"margin: 0cm 0cm 0pt;\"><span style=\"font-family: Times New Roman; color: #000000; font-size: small;\">\u00a0<\/span><\/p>\n<p class=\"MsoNormal\" style=\"margin: 0cm 0cm 0pt;\"><span style=\"font-family: Times New Roman; color: #000000; font-size: small;\">Denetlemelerde \u00fcyesinin de\u011fil kurumun yan\u0131nda yer alan, \u00fcyesini kuruma \u015fikayet edenlere,<\/span><\/p>\n<p class=\"MsoNormal\" style=\"margin: 0cm 0cm 0pt;\"><span style=\"font-family: Times New Roman; color: #000000; font-size: small;\">\u00a0<\/span><\/p>\n<p class=\"MsoNormal\" style=\"margin: 0cm 0cm 0pt;\"><span style=\"font-family: Times New Roman; color: #000000; font-size: small;\">\u0130mzalanan protokol\u00fcn SUT h\u00fck\u00fcmleri ile de\u011fi\u015ftirildi\u011fini alg\u0131layamayanlara,<\/span><\/p>\n<p class=\"MsoNormal\" style=\"margin: 0cm 0cm 0pt;\"><span style=\"font-family: Times New Roman; color: #000000; font-size: small;\">\u00a0<\/span><\/p>\n<p class=\"MsoNormal\" style=\"margin: 0cm 0cm 0pt;\"><span style=\"font-family: Times New Roman; color: #000000; font-size: small;\">\u0130la\u00e7 firmalar\u0131nca \u00f6denece\u011fi taahh\u00fct edilen fiyat indirimlerinin pe\u015fine d\u00fc\u015fmeyenlere,<\/span><\/p>\n<p class=\"MsoNormal\" style=\"margin: 0cm 0cm 0pt;\"><span style=\"font-family: Times New Roman; color: #000000; font-size: small;\">\u00a0<\/span><\/p>\n<p class=\"MsoNormal\" style=\"margin: 0cm 0cm 0pt;\"><span style=\"font-family: Times New Roman; color: #000000; font-size: small;\">Sadece 2008 y\u0131l\u0131nda eczane ba\u015f\u0131na ortalama 46.000 TL ila\u00e7 fiyat indirim zarar\u0131n\u0131 g\u00f6rmeyip, ila\u00e7 firmalar\u0131na g\u00f6stermelik \u201cse\u00e7im boykotu\u201d yapanlara,<\/span><\/p>\n<p class=\"MsoNormal\" style=\"margin: 0cm 0cm 0pt;\"><span style=\"font-family: Times New Roman; color: #000000; font-size: small;\">\u00a0<\/span><\/p>\n<p class=\"MsoNormal\" style=\"margin: 0cm 0cm 0pt;\"><span style=\"font-family: Times New Roman; color: #000000; font-size: small;\">Eczac\u0131lar\u0131n, tefeciler ve bankac\u0131lar\u0131n elinde can vermesine seyirci kal\u0131p kurtulu\u015fu \u201cCan Suyu!!!\u2019\u2019 kredisinde bulanlara,<\/span><\/p>\n<p class=\"MsoNormal\" style=\"margin: 0cm 0cm 0pt;\"><span style=\"font-family: Times New Roman; color: #000000; font-size: small;\">\u00a0<\/span><\/p>\n<p class=\"MsoNormal\" style=\"margin: 0cm 0cm 0pt;\"><span style=\"font-family: Times New Roman; color: #000000; font-size: small;\">Bizleri hasta ile kar\u015f\u0131 kar\u015f\u0131ya getiren \u201cila\u00e7 fiyat farklar\u0131n\u0131n\u201d artmas\u0131na seyirci kalanlara,<\/span><\/p>\n<p class=\"MsoNormal\" style=\"margin: 0cm 0cm 0pt;\"><span style=\"font-family: Times New Roman; color: #000000; font-size: small;\">\u00a0<\/span><\/p>\n<p class=\"MsoNormal\" style=\"margin: 0cm 0cm 0pt;\"><span style=\"font-family: Times New Roman; color: #000000; font-size: small;\">\u201c\u0130la\u00e7ta reklama kar\u015f\u0131y\u0131z\u201d deyip, n\u00f6bet levhalar\u0131na dahi reklam toplayanlara,<\/span><\/p>\n<p class=\"MsoNormal\" style=\"margin: 0cm 0cm 0pt;\"><span style=\"font-family: Times New Roman; color: #000000; font-size: small;\">\u00a0<\/span><\/p>\n<p class=\"MsoNormal\" style=\"margin: 0cm 0cm 0pt;\"><span style=\"font-family: Times New Roman; color: #000000; font-size: small;\">\u00c7al\u0131\u015fmayan provizyon sistemi i\u00e7in k\u0131l\u0131n\u0131 bile k\u0131p\u0131rdatmayanlara,<\/span><\/p>\n<p class=\"MsoNormal\" style=\"margin: 0cm 0cm 0pt;\"><span style=\"font-family: Times New Roman; color: #000000; font-size: small;\">\u00a0<\/span><\/p>\n<p class=\"MsoNormal\" style=\"margin: 0cm 0cm 0pt;\"><span style=\"font-family: Times New Roman; color: #000000; font-size: small;\">Y\u0131llarca \u201cAEO, TEB\u2019de etkin g\u00f6rev almal\u0131d\u0131r\u201d diyen, ancak verilen g\u00f6revi yapamay\u0131p k\u0131za\u011fa \u00e7ekilenlere,<\/span><\/p>\n<p class=\"MsoNormal\" style=\"margin: 0cm 0cm 0pt;\"><span style=\"font-family: Times New Roman; color: #000000; font-size: small;\">\u00a0<\/span><\/p>\n<p class=\"MsoNormal\" style=\"margin: 0cm 0cm 0pt;\"><span style=\"font-family: Times New Roman; color: #000000; font-size: small;\">AEO\u2019nun internet sitesini kurumlar\u0131n duyuru panosu haline getirenlere,<\/span><\/p>\n<p class=\"MsoNormal\" style=\"margin: 0cm 0cm 0pt;\"><span style=\"font-family: Times New Roman; color: #000000; font-size: small;\">\u00a0<\/span><\/p>\n<p class=\"MsoNormal\" style=\"margin: 0cm 0cm 0pt;\"><span style=\"font-family: Times New Roman; color: #000000; font-size: small;\">\u201cEczac\u0131 tahsildar de\u011fildir\u201d diyen ama bu konuda hi\u00e7bir yasal m\u00fccadele yapamayanlara,<\/span><\/p>\n<p class=\"MsoNormal\" style=\"margin: 0cm 0cm 0pt;\"><span style=\"font-family: Times New Roman; color: #000000; font-size: small;\">\u00a0<\/span><\/p>\n<p class=\"MsoNormal\" style=\"margin: 0cm 0cm 0pt;\"><span style=\"font-family: Times New Roman; color: #000000; font-size: small;\">Eczac\u0131ya en y\u00fcksek s\u00f6zle\u015fme bedelini \u00f6detip ard\u0131ndan \u2018\u2019inceleme!!!!\u2019 ama\u00e7l\u0131 Avrupa gezisine gitmeyi i\u00e7ine sindirebilenlere,<\/span><\/p>\n<p class=\"MsoNormal\" style=\"margin: 0cm 0cm 0pt;\"><span style=\"font-family: Times New Roman; color: #000000; font-size: small;\">\u00a0<\/span><\/p>\n<p class=\"MsoNormal\" style=\"margin: 0cm 0cm 0pt;\"><span style=\"font-family: Times New Roman; color: #000000; font-size: small;\">Y\u00fcr\u00fctmeyi durdurma karar\u0131 almalar\u0131na ra\u011fmen \u2018\u2019Kan \u00dcr\u00fcn\u00fc ve Dializ Re\u00e7etelerinin Eczac\u0131 Odalar\u0131nca Da\u011f\u0131t\u0131m\u0131 Yetkisini\u201d protokole yazd\u0131ramayanlara,<\/span><\/p>\n<p class=\"MsoNormal\" style=\"margin: 0cm 0cm 0pt;\"><span style=\"font-family: Times New Roman; color: #000000; font-size: small;\">\u00a0<\/span><\/p>\n<p class=\"MsoNormal\" style=\"margin: 0cm 0cm 0pt;\"><span style=\"font-family: Times New Roman; color: #000000; font-size: small;\">Eczac\u0131n\u0131n en \u00f6nemli ekonomik \u00f6rg\u00fctlenmesi olan \u201cEcza-Kooperatif\u00e7ili\u011fi\u201d hakk\u0131nda tek bir s\u00f6z s\u00f6yleyemeyenlere, <\/span><\/p>\n<p class=\"MsoNormal\" style=\"margin: 0cm 0cm 0pt;\"><span style=\"font-family: Times New Roman; color: #000000; font-size: small;\">\u00a0<\/span><\/p>\n<p class=\"MsoNormal\" style=\"margin: 0cm 0cm 0pt;\"><span style=\"font-family: Times New Roman; color: #000000; font-size: small;\">Miad\u0131 ge\u00e7mi\u015f at\u0131k ilaca \u00e7are bulamay\u0131p, \u201cat\u0131k pil\u201d toplatanlara,<\/span><\/p>\n<p class=\"MsoNormal\" style=\"margin: 0cm 0cm 0pt;\"><span style=\"font-family: Times New Roman; color: #000000; font-size: small;\">\u00a0<\/span><\/p>\n<p class=\"MsoNormal\" style=\"margin: 0cm 0cm 0pt;\"><span style=\"font-family: Times New Roman; color: #000000; font-size: small;\">\u2018\u2018Kopya\u2019\u2019 proje kitap\u00e7\u0131\u011f\u0131 haz\u0131rlay\u0131p, s\u00f6z verdikleri 31 maddeden sadece 2 tanesini ger\u00e7ekle\u015ftirebilenlere,<\/span><\/p>\n<p class=\"MsoNormal\" style=\"margin: 0cm 0cm 0pt;\"><span style=\"font-family: Times New Roman; color: #000000; font-size: small;\">\u00a0<\/span><\/p>\n<p class=\"MsoNormal\" style=\"margin: 0cm 0cm 0pt;\"><span style=\"font-family: Times New Roman; color: #000000; font-size: small;\">ARTIK YETER!\u00a0 D\u0130YORUZ \u2026.<\/span><\/p>\n<p class=\"MsoNormal\" style=\"margin: 0cm 0cm 0pt;\"><span style=\"font-family: Times New Roman; color: #000000; font-size: small;\">\u00a0<\/span><\/p>\n<p class=\"MsoNormal\" style=\"margin: 0cm 0cm 0pt;\"><span style=\"font-family: Times New Roman; color: #000000; font-size: small;\">Mesle\u011fimize, meslek \u00f6rg\u00fct\u00fcm\u00fcze ve gelece\u011fimize sahip \u00e7\u0131kmak zorunday\u0131z&#8230;<\/span><\/p>\n<p class=\"MsoNormal\" style=\"margin: 0cm 0cm 0pt;\"><span style=\"font-family: Times New Roman; color: #000000; font-size: small;\">\u00a0<\/span><\/p>\n<p class=\"MsoNormal\" style=\"margin: 0cm 0cm 0pt;\"><span style=\"font-family: Times New Roman; color: #000000; font-size: small;\">\u00a0<\/span><\/p>\n<p class=\"MsoNormal\" style=\"margin: 0cm 0cm 0pt;\"><span style=\"font-family: Times New Roman; color: #000000; font-size: small;\">DE\u011e\u0130\u015e\u0130ME HAZIR OLUN<\/span><\/p>\n<p class=\"MsoNormal\" style=\"margin: 0cm 0cm 0pt;\"><span style=\"font-family: Times New Roman; color: #000000; font-size: small;\">\u00a0<\/span><\/p>\n<p class=\"MsoNormal\" style=\"margin: 0cm 0cm 0pt;\"><span style=\"font-family: Times New Roman; color: #000000; font-size: small;\">DE\u011e\u0130\u015eT\u0130REB\u0130L\u0130R\u0130Z<\/span><\/p>\n<p class=\"MsoNormal\" style=\"margin: 0cm 0cm 0pt;\"><span style=\"font-family: Times New Roman; color: #000000; font-size: small;\">\u00a0<\/span><\/p>\n<p class=\"MsoNormal\" style=\"margin: 0cm 0cm 0pt;\"><span style=\"font-family: Times New Roman; color: #000000; font-size: small;\">EVET, HEP B\u0130RL\u0130KTE<\/span><\/p>\n<p class=\"MsoNormal\" style=\"margin: 0cm 0cm 0pt;\"><span style=\"font-family: Times New Roman; color: #000000; font-size: small;\">\u00a0<\/span><\/p>\n<p class=\"MsoNormal\" style=\"margin: 0cm 0cm 0pt;\"><span style=\"font-family: Times New Roman; color: #000000; font-size: small;\">\u00a0<\/span><\/p>\n<p class=\"MsoNormal\" style=\"margin: 0cm 0cm 0pt;\"><span style=\"font-family: Times New Roman; color: #000000; font-size: small;\">Mesle\u011fimizde ayd\u0131nl\u0131k ve g\u00fczel g\u00fcnleri yeniden hep birlikte in\u015fa edebilmek i\u00e7in,<\/span><\/p>\n<p class=\"MsoNormal\" style=\"margin: 0cm 0cm 0pt;\"><span style=\"font-family: Times New Roman; color: #000000; font-size: small;\">\u00a0<\/span><\/p>\n<p class=\"MsoNormal\" style=\"margin: 0cm 0cm 0pt;\"><span style=\"font-family: Times New Roman; color: #000000; font-size: small;\">27 Eyl\u00fcl Pazar g\u00fcn\u00fc yeni bir Ankara Eczac\u0131 Odas\u0131 ve T\u00fcrk Eczac\u0131lar\u0131 Birli\u011fi y\u00f6netimi olu\u015fturmak i\u00e7in biz g\u00fc\u00e7l\u00fc ve deneyimli kadromuzla bu g\u00f6reve haz\u0131r\u0131z.<\/span><\/p>\n<p class=\"MsoNormal\" style=\"margin: 0cm 0cm 0pt;\"><span style=\"font-family: Times New Roman; color: #000000; font-size: small;\">\u00a0<\/span><\/p>\n<p class=\"MsoNormal\" style=\"margin: 0cm 0cm 0pt;\"><span style=\"font-family: Times New Roman; color: #000000; font-size: small;\">Bize kat\u0131l\u0131n ve g\u00fc\u00e7 verin.<\/span><\/p>\n<p class=\"MsoNormal\" style=\"margin: 0cm 0cm 0pt;\"><span style=\"font-family: Times New Roman; color: #000000; font-size: small;\">\u00a0<\/span><\/p>\n<p class=\"MsoNormal\" style=\"margin: 0cm 0cm 0pt;\"><span style=\"font-family: Times New Roman; color: #000000; font-size: small;\">DE\u011e\u0130\u015e\u0130M\u0130 \u0130STEY\u0130N VE GER\u00c7EKLE\u015eT\u0130R\u0130N\u2026\u2026.<\/span><\/p>\n<p class=\"MsoNormal\" style=\"margin: 0cm 0cm 0pt;\"><span style=\"font-family: Times New Roman; color: #000000; font-size: small;\">\u00a0<\/span><\/p>\n<p class=\"MsoNormal\" style=\"margin: 0cm 0cm 0pt;\"><span style=\"font-family: Times New Roman; color: #000000; font-size: small;\">Sayg\u0131lar\u0131m\u0131zla,<\/span><\/p>\n<p class=\"MsoNormal\" style=\"margin: 0cm 0cm 0pt;\"><span style=\"font-family: Times New Roman; color: #000000; font-size: small;\">\u00a0<\/span><\/p>\n<p class=\"MsoNormal\" style=\"margin: 0cm 0cm 0pt;\"><strong style=\"mso-bidi-font-weight: normal;\"><span style=\"font-size: small;\"><span style=\"color: #000000;\"><span style=\"font-family: Times New Roman;\">De\u011fi\u015fim Grubu<\/span><\/span><\/span><\/strong><\/p>\n","protected":false},"excerpt":{"rendered":"<p>\u00c7a\u011fda\u015f eczac\u0131lar\u0131nda yer ald\u0131\u011f\u0131 \u201cDe\u011fi\u015fim Grubu\u201d yay\u0131nlad\u0131\u011f\u0131 ortak deklarasyonla Ankara Eczac\u0131 Odas\u0131 y\u00f6netimine talip olduklar\u0131n\u0131 duyurdu. \u00a0 Deklarasyonu a\u015fa\u011f\u0131da yay\u0131nl\u0131yoruz.&#46;&#46;&#46;<\/p>\n","protected":false},"author":1,"featured_media":0,"comment_status":"closed","ping_status":"closed","sticky":false,"template":"","format":"standard","meta":{"_jetpack_memberships_contains_paid_content":false,"footnotes":""},"categories":[1],"tags":[],"class_list":["post-3618","post","type-post","status-publish","format-standard","hentry","category-ced"],"aioseo_notices":[],"jetpack_featured_media_url":"","jetpack_sharing_enabled":true,"jetpack-related-posts":[],"_links":{"self":[{"href":"http:\/\/www.ced.org.tr\/index.php?rest_route=\/wp\/v2\/posts\/3618","targetHints":{"allow":["GET"]}}],"collection":[{"href":"http:\/\/www.ced.org.tr\/index.php?rest_route=\/wp\/v2\/posts"}],"about":[{"href":"http:\/\/www.ced.org.tr\/index.php?rest_route=\/wp\/v2\/types\/post"}],"author":[{"embeddable":true,"href":"http:\/\/www.ced.org.tr\/index.php?rest_route=\/wp\/v2\/users\/1"}],"replies":[{"embeddable":true,"href":"http:\/\/www.ced.org.tr\/index.php?rest_route=%2Fwp%2Fv2%2Fcomments&post=3618"}],"version-history":[{"count":0,"href":"http:\/\/www.ced.org.tr\/index.php?rest_route=\/wp\/v2\/posts\/3618\/revisions"}],"wp:attachment":[{"href":"http:\/\/www.ced.org.tr\/index.php?rest_route=%2Fwp%2Fv2%2Fmedia&parent=3618"}],"wp:term":[{"taxonomy":"category","embeddable":true,"href":"http:\/\/www.ced.org.tr\/index.php?rest_route=%2Fwp%2Fv2%2Fcategories&post=3618"},{"taxonomy":"post_tag","embeddable":true,"href":"http:\/\/www.ced.org.tr\/index.php?rest_route=%2Fwp%2Fv2%2Ftags&post=3618"}],"curies":[{"name":"wp","href":"https:\/\/api.w.org\/{rel}","templated":true}]}}