{"id":3620,"date":"2009-09-11T09:58:12","date_gmt":"2009-09-11T06:58:12","guid":{"rendered":"http:\/\/www.ced.org.tr\/?p=3620"},"modified":"2009-09-11T09:58:12","modified_gmt":"2009-09-11T06:58:12","slug":"pfizerden-geri-adim","status":"publish","type":"post","link":"http:\/\/www.ced.org.tr\/?p=3620","title":{"rendered":"PF\u0130ZER\u2019DEN GER\u0130 ADIM!"},"content":{"rendered":"<p class=\"MsoNormal\" style=\"margin: 0cm 0cm 0pt;\"><span style=\"font-family: Times New Roman; color: #000000; font-size: small;\">T icari iskontolar\u0131n yeniden d\u00fczenlenmesine d\u00f6n\u00fck eylemlilik s\u00fcrecine belli bir s\u00fcre ayak direyen Pfizer ila\u00e7 firmas\u0131 sonunda geri ad\u0131m atmak zorunda kald\u0131.<\/span><\/p>\n<p class=\"MsoNormal\" style=\"margin: 0cm 0cm 0pt;\"><span style=\"font-family: Times New Roman; color: #000000; font-size: small;\">\u00a0<\/span><\/p>\n<p class=\"MsoNormal\" style=\"margin: 0cm 0cm 0pt;\"><span style=\"font-size: small;\"><span style=\"color: #000000;\"><span style=\"font-family: Times New Roman;\"><span style=\"mso-spacerun: yes;\">\u00a0<\/span>Firma,10 Eyl\u00fcl 2009 tarihinden ge\u00e7erli olmak \u00fczere Sutent,Lyrica,Olmetec Plush,Detrusitol SR \u00fcr\u00fcn gruplar\u0131 hari\u00e7 di\u011fer t\u00fcm \u00fcr\u00fcnlerinin sat\u0131\u015f ko\u015fullar\u0131n\u0131 TEB ve eczac\u0131 odalar\u0131n\u0131n talepleri do\u011frultusunda yeniden d\u00fczenledi\u011fini a\u00e7\u0131klad\u0131.<\/span><\/span><\/span><\/p>\n<p class=\"MsoNormal\" style=\"margin: 0cm 0cm 0pt;\"><span style=\"font-family: Times New Roman; color: #000000; font-size: small;\">\u00a0<\/span><\/p>\n<p class=\"MsoNormal\" style=\"margin: 0cm 0cm 0pt;\"><span style=\"font-family: Times New Roman; color: #000000; font-size: small;\">Pfizer \u0130la\u00e7 Firmas\u0131\u2019n\u0131n vade ve yeni sat\u0131\u015f ko\u015fullar\u0131 ile ilgili a\u00e7\u0131klamas\u0131 \u00f6zetle \u015f\u00f6yle:<\/span><\/p>\n<p class=\"MsoNormal\" style=\"margin: 0cm 0cm 0pt;\"><span style=\"font-family: Times New Roman; color: #000000; font-size: small;\">\u00a0<\/span><\/p>\n<p class=\"MsoNormal\" style=\"margin: 0cm 0cm 0pt;\"><span style=\"font-family: Times New Roman; color: #000000; font-size: small;\">\u00a0<\/span><\/p>\n<ul style=\"margin-top: 0cm;\" type=\"disc\">\n<li class=\"MsoNormal\" style=\"margin: 0cm 0cm 0pt; tab-stops: list 36.0pt; mso-list: l0 level1 lfo1;\"><span style=\"font-family: Times New Roman; color: #000000; font-size: small;\">T\u00fcm \u00fcr\u00fcnlerimizin sat\u0131\u015f vadeleri en az 90 g\u00fcn olacak \u015fekilde belirlenerek ortalama vademiz 105 g\u00fcne y\u00fckseltilmi\u015f,<\/span><\/li>\n<\/ul>\n<p class=\"MsoNormal\" style=\"margin: 0cm 0cm 0pt;\"><span style=\"font-family: Times New Roman; color: #000000; font-size: small;\">\u00a0<\/span><\/p>\n<ul style=\"margin-top: 0cm;\" type=\"disc\">\n<li class=\"MsoNormal\" style=\"margin: 0cm 0cm 0pt; tab-stops: list 36.0pt; mso-list: l0 level1 lfo1;\"><span style=\"font-family: Times New Roman; color: #000000; font-size: small;\">Jeneri\u011fi olan \u00fcr\u00fcnlerimizin ticari \u0131skontolar\u0131 %7, jeneri\u011fi olmayan \u00fcr\u00fcnlerimizin ise %4 olarak belirlenmi\u015ftir.<\/span><\/li>\n<\/ul>\n<p class=\"MsoNormal\" style=\"margin: 0cm 0cm 0pt;\"><span style=\"font-family: Times New Roman; color: #000000; font-size: small;\">\u00a0<\/span><\/p>\n<ul style=\"margin-top: 0cm;\" type=\"disc\">\n<li class=\"MsoNormal\" style=\"margin: 0cm 0cm 0pt; tab-stops: list 36.0pt; mso-list: l0 level1 lfo1;\"><span style=\"font-family: Times New Roman; color: #000000; font-size: small;\">Yukar\u0131da belirtti\u011fimiz d\u00f6rt istisna \u00dcr\u00fcn grubumuzun sat\u0131\u015f ko\u015fullar\u0131n\u0131 ise Aral\u0131k 2009&#8242; da yeniden de\u011ferlendirmeyi hedefliyoruz.<\/span><\/li>\n<\/ul>\n<p class=\"MsoNormal\" style=\"margin: 0cm 0cm 0pt;\"><span style=\"font-family: Times New Roman; color: #000000; font-size: small;\">\u00a0<\/span><\/p>\n<p class=\"MsoNormal\" style=\"margin: 0cm 0cm 0pt;\"><span style=\"font-family: Times New Roman; color: #000000; font-size: small;\">Gelinen bu noktan\u0131n, halk\u0131m\u0131z\u0131n sa\u011fl\u0131k hizmetlerine eri\u015fiminde hayati rol oynayan de\u011ferli eczac\u0131lar\u0131m\u0131z\u0131n son y\u0131llarda ya\u015fad\u0131\u011f\u0131 ekonomik s\u0131k\u0131nt\u0131lar\u0131na destek olmas\u0131n\u0131 \u00fcmit ediyoruz.<\/span><\/p>\n","protected":false},"excerpt":{"rendered":"<p>T icari iskontolar\u0131n yeniden d\u00fczenlenmesine d\u00f6n\u00fck eylemlilik s\u00fcrecine belli bir s\u00fcre ayak direyen Pfizer ila\u00e7 firmas\u0131 sonunda geri ad\u0131m atmak&#46;&#46;&#46;<\/p>\n","protected":false},"author":1,"featured_media":0,"comment_status":"closed","ping_status":"closed","sticky":false,"template":"","format":"standard","meta":{"_jetpack_memberships_contains_paid_content":false,"footnotes":""},"categories":[1],"tags":[],"class_list":["post-3620","post","type-post","status-publish","format-standard","hentry","category-ced"],"aioseo_notices":[],"jetpack_featured_media_url":"","jetpack_sharing_enabled":true,"jetpack-related-posts":[],"_links":{"self":[{"href":"http:\/\/www.ced.org.tr\/index.php?rest_route=\/wp\/v2\/posts\/3620","targetHints":{"allow":["GET"]}}],"collection":[{"href":"http:\/\/www.ced.org.tr\/index.php?rest_route=\/wp\/v2\/posts"}],"about":[{"href":"http:\/\/www.ced.org.tr\/index.php?rest_route=\/wp\/v2\/types\/post"}],"author":[{"embeddable":true,"href":"http:\/\/www.ced.org.tr\/index.php?rest_route=\/wp\/v2\/users\/1"}],"replies":[{"embeddable":true,"href":"http:\/\/www.ced.org.tr\/index.php?rest_route=%2Fwp%2Fv2%2Fcomments&post=3620"}],"version-history":[{"count":0,"href":"http:\/\/www.ced.org.tr\/index.php?rest_route=\/wp\/v2\/posts\/3620\/revisions"}],"wp:attachment":[{"href":"http:\/\/www.ced.org.tr\/index.php?rest_route=%2Fwp%2Fv2%2Fmedia&parent=3620"}],"wp:term":[{"taxonomy":"category","embeddable":true,"href":"http:\/\/www.ced.org.tr\/index.php?rest_route=%2Fwp%2Fv2%2Fcategories&post=3620"},{"taxonomy":"post_tag","embeddable":true,"href":"http:\/\/www.ced.org.tr\/index.php?rest_route=%2Fwp%2Fv2%2Ftags&post=3620"}],"curies":[{"name":"wp","href":"https:\/\/api.w.org\/{rel}","templated":true}]}}