{"id":3621,"date":"2009-09-19T11:11:28","date_gmt":"2009-09-19T08:11:28","guid":{"rendered":"http:\/\/www.ced.org.tr\/?p=3621"},"modified":"2009-09-19T11:11:28","modified_gmt":"2009-09-19T08:11:28","slug":"krizin-faturasi-eczaciya-ve-emekci-halkimiza","status":"publish","type":"post","link":"http:\/\/www.ced.org.tr\/?p=3621","title":{"rendered":"KR\u0130Z\u0130N FATURASI ECZACIYA VE EMEK\u00c7\u0130 HALKIMIZA!"},"content":{"rendered":"<p class=\"MsoNormal\" style=\"margin: 0cm 0cm 0pt;\"><span style=\"font-family: Times New Roman; color: #000000; font-size: small;\">T\u00fcm d\u00fcnya, kapitalist sistemin \u00fcretti\u011fi krizin etkisi alt\u0131nda. 1929 buhran\u0131ndan daha derin bir kriz ya\u015fan\u0131yor. Sistemin t\u00fcm ekonomik parametreleri alt \u00fcst olmu\u015f durumda. T\u00fcrkiye ekonomisinde de bu krizin etkileri a\u00e7\u0131k\u00e7a g\u00f6r\u00fclmeye ba\u015fland\u0131. Son ekonomik veriler bunu a\u00e7\u0131k\u00e7a ortaya koyuyor. 63 milyar TL\u2019lik bir b\u00fct\u00e7e a\u00e7\u0131\u011f\u0131ndan s\u00f6z ediliyor. \u00dclkenin en temel sorunlar\u0131ndan biri olan i\u015fsizlik y\u00fczde 15 s\u0131n\u0131r\u0131na dayand\u0131, tehlike sinyali veriyor. Ekonomi 2009 y\u0131l\u0131nda y\u00fczde 6 k\u00fc\u00e7\u00fcl\u00fcyor. Bu, daha da yoksulla\u015faca\u011f\u0131m\u0131z anlam\u0131na geliyor. Sofram\u0131zdaki ekme\u011fin dilimi daha da k\u00fc\u00e7\u00fclecek.<\/span><\/p>\n<p class=\"MsoNormal\" style=\"margin: 0cm 0cm 0pt;\"><span style=\"font-family: Times New Roman; color: #000000; font-size: small;\">\u00a0<\/span><\/p>\n<p class=\"MsoNormal\" style=\"margin: 0cm 0cm 0pt;\"><span style=\"font-family: Times New Roman; color: #000000; font-size: small;\">AKP h\u00fck\u00fcmetinin ekonomik krize \u00e7\u00f6z\u00fcm olarak sundu\u011fu \u201cOrta Vadeli Mali Program\u201d ne \u00fcretimin \u00f6n\u00fcn\u00fc a\u00e7acak ne de a\u00e7l\u0131\u011fa, yoksullu\u011fa, i\u015fsizli\u011fe \u00e7\u00f6z\u00fcm \u00fcretecek bir programd\u0131r. Tamam\u0131yla b\u00fct\u00e7e a\u00e7\u0131\u011f\u0131na endekslenmi\u015f bir finansman program\u0131d\u0131r. Bu programla krizin faturas\u0131 yine i\u015f\u00e7ilere, emek\u00e7ilere, \u00e7al\u0131\u015fanlara, yoksullara, k\u00fc\u00e7\u00fck ve orta \u00f6l\u00e7ekli gelir gruplar\u0131na \u00e7\u0131kar\u0131lacakt\u0131r.<\/span><\/p>\n<p class=\"MsoNormal\" style=\"margin: 0cm 0cm 0pt;\"><span style=\"font-family: Times New Roman; color: #000000; font-size: small;\">\u00a0 <\/p>\n<p><span style=\"font-family: Times New Roman; color: #000000; font-size: small;\"><\/p>\n<p class=\"MsoNormal\" style=\"margin: 0cm 0cm 0pt;\">\u00a0<\/p>\n<p><\/span><\/span><span style=\"font-family: Times New Roman; color: #000000; font-size: small;\">\u201cOrta Vadeli Mali Program\u201ddaki ila\u00e7 ve sa\u011fl\u0131k alan\u0131na d\u00f6n\u00fck tedbirlere gelince IMF\u2019nin bi\u00e7ti\u011fi 1 milyar dolarl\u0131k tasarrufun bile olduk\u00e7a \u00fcst\u00fcnde bir fatura ile kar\u015f\u0131 kar\u015f\u0131yay\u0131z. Be\u015feri \u0130la\u00e7lar\u0131n Fiyatland\u0131r\u0131lmas\u0131na Dair Kararda De\u011fi\u015fiklik Yap\u0131lmas\u0131 Hakk\u0131nda Karar ile, 2,4 milyar TL\u2019lik bir tasarruf \u00f6ng\u00f6r\u00fcl\u00fcyor. Bu faturan\u0131n serbest eczanelere yans\u0131yan b\u00f6l\u00fcm\u00fc ise 500 milyar TL.<\/span><\/p>\n<p class=\"MsoNormal\" style=\"margin: 0cm 0cm 0pt;\"><span style=\"font-family: Times New Roman; color: #000000; font-size: small;\">\u00a0<\/span><\/p>\n<p class=\"MsoNormal\" style=\"margin: 0cm 0cm 0pt;\"><span style=\"font-family: Times New Roman; color: #000000; font-size: small;\">Sa\u011fl\u0131kta D\u00f6n\u00fc\u015f\u00fcm Program\u0131 ve uygulana gelen neoliberal politikalar eczane ekonomilerinde tam bir y\u0131k\u0131ma yol a\u00e7t\u0131. Art\u0131k eczane ekonomileri yeni bir y\u00fck\u00fc kald\u0131racak durumda de\u011fil. Eczanelerin \u00f6demek zorunda kalaca\u011f\u0131 yeni bir bedel \u00f6zellikle k\u00fc\u00e7\u00fck ve orta \u00f6l\u00e7ekli eczanelerin y\u0131k\u0131m\u0131n\u0131 daha da derinle\u015ftirecek ve kapanma noktas\u0131na getirecektir.<\/span><\/p>\n<p class=\"MsoNormal\" style=\"margin: 0cm 0cm 0pt;\"><span style=\"font-family: Times New Roman; color: #000000; font-size: small;\">\u00a0<\/span><\/p>\n<p class=\"MsoNormal\" style=\"margin: 0cm 0cm 0pt;\"><span style=\"font-family: Times New Roman; color: #000000; font-size: small;\">Be\u015feri \u0130la\u00e7lar\u0131n Fiyatland\u0131r\u0131lmas\u0131na Dair Kararda yap\u0131lan de\u011fi\u015fiklik ve SUT\u2019taki de\u011fi\u015fikliklerin amac\u0131 halk\u0131m\u0131z\u0131n sa\u011fl\u0131k ko\u015fullar\u0131n\u0131n iyile\u015ftirilmesi ve ilaca daha kolay ula\u015fmas\u0131 i\u00e7in de\u011fil, ekonomik krizin yol a\u00e7t\u0131\u011f\u0131 b\u00fct\u00e7e a\u00e7\u0131\u011f\u0131n\u0131 finanse etmek i\u00e7indir.<\/span><\/p>\n<p class=\"MsoNormal\" style=\"margin: 0cm 0cm 0pt;\"><span style=\"font-family: Times New Roman; color: #000000; font-size: small;\">\u00a0<\/span><\/p>\n<p class=\"MsoNormal\" style=\"margin: 0cm 0cm 0pt;\"><span style=\"font-family: Times New Roman; color: #000000; font-size: small;\">Biz \u00e7a\u011fda\u015f eczac\u0131lar olarak y\u0131llard\u0131r ila\u00e7 \u00fczerinden elde edilen fahi\u015f k\u00e2rlara kar\u015f\u0131 durduk, halk\u0131n ilaca kolayca ula\u015fmas\u0131 i\u00e7in ucuz ila\u00e7 politikas\u0131n\u0131 savunduk. Temel amac\u0131 toplum sa\u011fl\u0131\u011f\u0131n\u0131 korumak olan bu politikalar\u0131 savunmaya devam ediyoruz. Ancak sorunun bir finansman sorunu olarak g\u00f6r\u00fclmesini do\u011fru bulmuyor ve bunun faturas\u0131n\u0131n da eczac\u0131ya \u00e7\u0131kar\u0131lmas\u0131na kar\u015f\u0131 \u00e7\u0131k\u0131yoruz.<\/span><\/p>\n<p class=\"MsoNormal\" style=\"margin: 0cm 0cm 0pt;\"><span style=\"font-family: Times New Roman; color: #000000; font-size: small;\">\u00a0<\/span><\/p>\n<p class=\"MsoNormal\" style=\"margin: 0cm 0cm 0pt;\"><span style=\"font-family: Times New Roman; color: #000000; font-size: small;\">Be\u015feri \u0130la\u00e7lar\u0131n Fiyatland\u0131r\u0131lmas\u0131na Dair Kararda De\u011fi\u015fiklik Yap\u0131lmas\u0131 Hakk\u0131ndaki Karar \u00f6zetle \u015fu de\u011fi\u015fiklikleri i\u00e7eriyor:<\/span><\/p>\n<p class=\"MsoNormal\" style=\"margin: 0cm 0cm 0pt;\"><span style=\"font-family: Times New Roman; color: #000000; font-size: small;\">\u00a0<\/span><\/p>\n<p class=\"MsoNormal\" style=\"text-indent: -18pt; margin: 0cm 0cm 0pt 36pt; mso-list: l0 level1 lfo1; tab-stops: list 36.0pt;\"><span style=\"font-family: Times New Roman;\"><span style=\"color: #000000;\"><span style=\"mso-list: Ignore;\"><span style=\"font-size: small;\">&#8211;<\/span><span style=\"font: 7pt &quot;Times New Roman&quot;;\">\u00a0\u00a0\u00a0\u00a0\u00a0\u00a0\u00a0\u00a0 <\/span><\/span><span style=\"font-size: small;\">Jenerik ila\u00e7larda %80 olan referans fiyat taban\u0131 %60\u2019a indiriliyor.<\/span><\/span><\/span><\/p>\n<p class=\"MsoNormal\" style=\"text-indent: -18pt; margin: 0cm 0cm 0pt 36pt; mso-list: l0 level1 lfo1; tab-stops: list 36.0pt;\"><span style=\"font-family: Times New Roman;\"><span style=\"color: #000000;\"><span style=\"mso-list: Ignore;\"><span style=\"font-size: small;\">&#8211;<\/span><span style=\"font: 7pt &quot;Times New Roman&quot;;\">\u00a0\u00a0\u00a0\u00a0\u00a0\u00a0\u00a0\u00a0 <\/span><\/span><span style=\"font-size: small;\">20 y\u0131ldan eski ila\u00e7 stat\u00fcs\u00fc kazanm\u0131\u015f ve PSF\u2019si 10 TL\u2019nin (depocuya sat\u0131\u015f fiyat\u0131 6,79 TL) \u00fczerinde olan orijinal ve jenerik t\u00fcm ila\u00e7larda referans fiyat uygulamas\u0131 %80\u2019den %60\u2019a indiriliyor.<\/span><\/span><\/span><\/p>\n<p class=\"MsoNormal\" style=\"text-indent: -18pt; margin: 0cm 0cm 0pt 36pt; mso-list: l0 level1 lfo1; tab-stops: list 36.0pt;\"><span style=\"font-family: Times New Roman;\"><span style=\"color: #000000;\"><span style=\"mso-list: Ignore;\"><span style=\"font-size: small;\">&#8211;<\/span><span style=\"font: 7pt &quot;Times New Roman&quot;;\">\u00a0\u00a0\u00a0\u00a0\u00a0\u00a0\u00a0\u00a0 <\/span><\/span><span style=\"font-size: small;\">%60 referans fiyat uygulamas\u0131n\u0131n y\u00fcr\u00fcrl\u00fck tarihi ise t\u00fcm jeneriklerde 45 g\u00fcn sonra, 20 y\u0131ldan eski ve PSF\u2019si 10 TL\u2019nin \u00fczerinde ila\u00e7larda ise 30 Nisan 2010.<\/span><\/span><\/span><\/p>\n<p class=\"MsoNormal\" style=\"margin: 0cm 0cm 0pt;\"><span style=\"font-family: Times New Roman; color: #000000; font-size: small;\">\u00a0<\/span><\/p>\n<p class=\"MsoNormal\" style=\"margin: 0cm 0cm 0pt;\"><span style=\"font-family: Times New Roman; color: #000000; font-size: small;\">%60\u2019l\u0131k referans fiyat uygulamas\u0131 ila\u00e7 fiyatlar\u0131nda %15\u2019lik bir d\u00fc\u015f\u00fc\u015fe yol a\u00e7acak. Bu uygulama serbest eczanelerde ciddi oranda bir bedelsiz kamula\u015ft\u0131rma anlam\u0131na geliyor. Eczac\u0131lara \u00e7\u0131kart\u0131lan fatura bununla da s\u0131n\u0131rl\u0131 de\u011fil. De\u011fi\u015ftirilen Sa\u011fl\u0131k Uygulama Tebli\u011fi ile birlikte serbest eczanelerin kamu kurum iskonto y\u00fck\u00fc bir misli daha art\u0131yor. Kamu kurum iskontolar\u0131 %11\u2019den %24\u2019e \u00e7\u0131kar\u0131l\u0131yor.<\/span><\/p>\n<p class=\"MsoNormal\" style=\"margin: 0cm 0cm 0pt;\"><span style=\"font-family: Times New Roman; color: #000000; font-size: small;\">\u00a0<\/span><\/p>\n<p class=\"MsoNormal\" style=\"margin: 0cm 0cm 0pt;\"><span style=\"font-family: Times New Roman; color: #000000; font-size: small;\">SUT\u2019ta yap\u0131lan bir di\u011fer de\u011fi\u015fiklikle muayene \u00fccretlerinin bir b\u00f6l\u00fcm y\u00fck\u00fc de yine eczac\u0131lara ihale ediliyor.<\/span><\/p>\n<p class=\"MsoNormal\" style=\"margin: 0cm 0cm 0pt;\"><span style=\"font-family: Times New Roman; color: #000000; font-size: small;\">\u00a0<\/span><\/p>\n<p class=\"MsoNormal\" style=\"margin: 0cm 0cm 0pt;\"><span style=\"font-family: Times New Roman; color: #000000; font-size: small;\">Muayene \u00fccretleri:<\/span><\/p>\n<p class=\"MsoNormal\" style=\"text-indent: -18pt; margin: 0cm 0cm 0pt 36pt; mso-list: l0 level1 lfo1; tab-stops: list 36.0pt;\"><span style=\"font-family: Times New Roman;\"><span style=\"color: #000000;\"><span style=\"mso-list: Ignore;\"><span style=\"font-size: small;\">&#8211;<\/span><span style=\"font: 7pt &quot;Times New Roman&quot;;\">\u00a0\u00a0\u00a0\u00a0\u00a0\u00a0\u00a0\u00a0 <\/span><\/span><span style=\"font-size: small;\">Birinci basamak sa\u011fl\u0131k kurulu\u015flar\u0131 ve aile hekimlerinde 2 TL,<\/span><\/span><\/span><\/p>\n<p class=\"MsoNormal\" style=\"text-indent: -18pt; margin: 0cm 0cm 0pt 36pt; mso-list: l0 level1 lfo1; tab-stops: list 36.0pt;\"><span style=\"font-family: Times New Roman;\"><span style=\"color: #000000;\"><span style=\"mso-list: Ignore;\"><span style=\"font-size: small;\">&#8211;<\/span><span style=\"font: 7pt &quot;Times New Roman&quot;;\">\u00a0\u00a0\u00a0\u00a0\u00a0\u00a0\u00a0\u00a0 <\/span><\/span><span style=\"font-size: small;\">\u0130kinci ve \u00fc\u00e7\u00fcnc\u00fc basamak sa\u011fl\u0131k kurulu\u015flar\u0131nda 8 TL,<\/span><\/span><\/span><\/p>\n<p class=\"MsoNormal\" style=\"text-indent: -18pt; margin: 0cm 0cm 0pt 36pt; mso-list: l0 level1 lfo1; tab-stops: list 36.0pt;\"><span style=\"color: #000000;\"><span style=\"font-family: Times New Roman;\"><span style=\"mso-list: Ignore;\"><span style=\"font-size: small;\">&#8211;<\/span><span style=\"font: 7pt &quot;Times New Roman&quot;;\">\u00a0\u00a0\u00a0\u00a0\u00a0\u00a0\u00a0\u00a0 <\/span><\/span><span style=\"font-size: small;\">\u00d6zel sa\u011fl\u0131k kurulu\u015flar\u0131nda ise 15 TL oluyor.<\/span><\/span><\/span><\/p>\n<p class=\"MsoNormal\" style=\"margin: 0cm 0cm 0pt;\"><span style=\"font-family: Times New Roman; color: #000000; font-size: small;\">\u00a0<\/span><\/p>\n<p class=\"MsoNormal\" style=\"margin: 0cm 0cm 0pt;\"><span style=\"font-family: Times New Roman; color: #000000; font-size: small;\">SUT\u2019TA yap\u0131lan bu de\u011fi\u015fiklerle birinci basamak sa\u011fl\u0131k kurulu\u015flar\u0131 ve aile hekimli\u011fi muayenelerine ili\u015fkin 2 TL tutar\u0131ndaki muayene \u00fccreti eczaneden tahsil edilecek.<\/span><\/p>\n<p class=\"MsoNormal\" style=\"margin: 0cm 0cm 0pt;\"><span style=\"font-family: Times New Roman; color: #000000; font-size: small;\">\u00a0<\/span><\/p>\n<p class=\"MsoNormal\" style=\"margin: 0cm 0cm 0pt;\"><span style=\"font-family: Times New Roman; color: #000000; font-size: small;\">\u0130kinci ve \u00fc\u00e7\u00fcnc\u00fc basamak resmi sa\u011fl\u0131k hizmeti sunucular\u0131nda yap\u0131lan muayeneler i\u00e7in 8 TL \u00f6ng\u00f6r\u00fclen kat\u0131l\u0131m pay\u0131n\u0131n;<\/span><\/p>\n<p class=\"MsoNormal\" style=\"margin: 0cm 0cm 0pt;\"><span style=\"font-family: Times New Roman; color: #000000; font-size: small;\">\u00a0<\/span><\/p>\n<p class=\"MsoNormal\" style=\"margin: 0cm 0cm 0pt;\"><span style=\"font-family: Times New Roman; color: #000000; font-size: small;\">a) Kurumdan gelir ve ayl\u0131k alanlar ile bakmakla y\u00fck\u00fcml\u00fc olduklar\u0131 ki\u015filer i\u00e7in 5 TL tutar\u0131ndaki k\u0131sm\u0131 gelir ve ayl\u0131klar\u0131ndan, 3TL\u2019lik tutar ise ki\u015filerin muayeneye ili\u015fkin re\u00e7ete ile eczanelere m\u00fcracaat a\u015famas\u0131nda eczaneden tahsil edilecek. <\/span><\/p>\n<p class=\"MsoNormal\" style=\"margin: 0cm 0cm 0pt;\"><span style=\"font-family: Times New Roman; color: #000000; font-size: small;\">\u00a0<\/span><\/p>\n<p class=\"MsoNormal\" style=\"margin: 0cm 0cm 0pt;\"><span style=\"font-family: Times New Roman; color: #000000; font-size: small;\">b) Di\u011fer ki\u015filer i\u00e7in ise 8 TL kat\u0131l\u0131m pay\u0131 tutar\u0131 eczanelerden tahsil edilecek. Ki\u015filerin muayeneye ili\u015fkin re\u00e7ete ile eczanelere m\u00fcracaat etmemesi durumunda kat\u0131l\u0131m pay\u0131 tutar\u0131n\u0131n hesaplanmas\u0131nda (6.1) numaral\u0131 maddenin ikinci f\u0131kras\u0131nda say\u0131lan indirim uygulanacak. Bu durumda muayeneye ili\u015fkin 5 TL tutar\u0131ndaki kat\u0131l\u0131m pay\u0131, ki\u015finin re\u00e7ete ile ilk eczaneye m\u00fcracaat\u0131nda tahsil edilecek. <\/span><\/p>\n<p class=\"MsoNormal\" style=\"margin: 0cm 0cm 0pt;\"><span style=\"font-family: Times New Roman; color: #000000; font-size: small;\">\u00a0<\/span><\/p>\n<p class=\"MsoNormal\" style=\"margin: 0cm 0cm 0pt;\"><span style=\"font-family: Times New Roman; color: #000000; font-size: small;\">\u00d6zel sa\u011fl\u0131k hizmeti sunucular\u0131nda yap\u0131lan muayeneler i\u00e7in 15 TL \u00f6ng\u00f6r\u00fclen kat\u0131l\u0131m pay\u0131n\u0131n;<\/span><\/p>\n<p class=\"MsoNormal\" style=\"margin: 0cm 0cm 0pt;\"><span style=\"font-family: Times New Roman; color: #000000; font-size: small;\">\u00a0<\/span><\/p>\n<p class=\"MsoNormal\" style=\"margin: 0cm 0cm 0pt;\"><span style=\"font-family: Times New Roman; color: #000000; font-size: small;\">a) Kurumdan gelir ve ayl\u0131k alanlar ile bakmakla y\u00fck\u00fcml\u00fc olduklar\u0131 ki\u015filer i\u00e7in 12 TL tutar\u0131ndaki k\u0131sm\u0131 gelir ve ayl\u0131klar\u0131ndan, 3 TL\u2019lik tutar ise ki\u015filerin muayeneye ili\u015fkin re\u00e7ete ile eczanelere m\u00fcracaat a\u015famas\u0131nda eczaneden tahsil edilecek. <\/span><\/p>\n<p class=\"MsoNormal\" style=\"margin: 0cm 0cm 0pt;\"><span style=\"font-family: Times New Roman; color: #000000; font-size: small;\">\u00a0<\/span><\/p>\n<p class=\"MsoNormal\" style=\"margin: 0cm 0cm 0pt;\"><span style=\"font-family: Times New Roman; color: #000000; font-size: small;\">b) Di\u011fer ki\u015filer i\u00e7in ise 12 TL kat\u0131l\u0131m pay\u0131 tutar\u0131 sa\u011fl\u0131k hizmeti sunucusu taraf\u0131ndan, 3 TL\u2019lik tutar ise ki\u015filerin muayeneye ili\u015fkin re\u00e7ete ile eczanelere m\u00fcracaat a\u015famas\u0131nda eczaneden tahsil edilecek. <\/span><\/p>\n<p class=\"MsoNormal\" style=\"margin: 0cm 0cm 0pt;\"><span style=\"font-family: Times New Roman; color: #000000; font-size: small;\">\u00a0<\/span><\/p>\n<p class=\"MsoNormal\" style=\"margin: 0cm 0cm 0pt;\"><span style=\"font-family: Times New Roman; color: #000000; font-size: small;\">Eczanelerde ila\u00e7 fiyat d\u00fc\u015f\u00fc\u015fleri nedeniyle olu\u015fan stok zararlar\u0131 ve kamu kurum iskontolar\u0131n\u0131n artmas\u0131ndan do\u011fan farklar mutlaka kar\u015f\u0131lanmal\u0131d\u0131r. Bunun i\u00e7in de Be\u015feri \u0130la\u00e7lar\u0131n Fiyatland\u0131r\u0131lmas\u0131na Dair Kararda De\u011fi\u015fiklik Yap\u0131lmas\u0131 Hakk\u0131nda Karar yeniden g\u00f6zden ge\u00e7irilerek eczac\u0131 zararlar\u0131n\u0131n kar\u015f\u0131lanmas\u0131 yasal g\u00fcvence alt\u0131na al\u0131nmal\u0131d\u0131r.<\/span><\/p>\n<p class=\"MsoNormal\" style=\"margin: 0cm 0cm 0pt;\"><span style=\"font-family: Times New Roman; color: #000000; font-size: small;\">\u00a0<\/span><\/p>\n<p class=\"MsoNormal\" style=\"margin: 0cm 0cm 0pt;\"><span style=\"font-family: Times New Roman; color: #000000; font-size: small;\">AKP h\u00fck\u00fcmetinin dayatt\u0131\u011f\u0131 bu finansman program\u0131n\u0131n bedelini biz eczac\u0131lar \u00f6demeyece\u011fiz. Eczanelerimize tam bir y\u0131k\u0131ma yol a\u00e7acak bu faturaya kar\u015f\u0131 \u00f6rg\u00fctl\u00fc g\u00fcc\u00fcm\u00fczle m\u00fccadele edece\u011fiz!<\/span><\/p>\n<p class=\"MsoNormal\" style=\"margin: 0cm 0cm 0pt;\"><span style=\"font-family: Times New Roman; color: #000000; font-size: small;\">\u00a0<\/span><\/p>\n<p class=\"MsoNormal\" style=\"margin: 0cm 0cm 0pt;\"><strong style=\"mso-bidi-font-weight: normal;\"><span style=\"font-size: small;\"><span style=\"color: #000000;\"><span style=\"font-family: Times New Roman;\">\u00c7ED Genel Ba\u015fkan\u0131<\/span><\/span><\/span><\/strong><\/p>\n<p class=\"MsoNormal\" style=\"margin: 0cm 0cm 0pt;\"><strong style=\"mso-bidi-font-weight: normal;\"><span style=\"font-size: small;\"><span style=\"color: #000000;\"><span style=\"font-family: Times New Roman;\">Ecz. Rafet \u015eAH\u0130N <\/span><\/span><\/span><\/strong><\/p>\n","protected":false},"excerpt":{"rendered":"<p>T\u00fcm d\u00fcnya, kapitalist sistemin \u00fcretti\u011fi krizin etkisi alt\u0131nda. 1929 buhran\u0131ndan daha derin bir kriz ya\u015fan\u0131yor. Sistemin t\u00fcm ekonomik parametreleri alt&#46;&#46;&#46;<\/p>\n","protected":false},"author":1,"featured_media":0,"comment_status":"closed","ping_status":"closed","sticky":false,"template":"","format":"standard","meta":{"_jetpack_memberships_contains_paid_content":false,"footnotes":""},"categories":[1],"tags":[],"class_list":["post-3621","post","type-post","status-publish","format-standard","hentry","category-ced"],"aioseo_notices":[],"jetpack_featured_media_url":"","jetpack_sharing_enabled":true,"jetpack-related-posts":[],"_links":{"self":[{"href":"http:\/\/www.ced.org.tr\/index.php?rest_route=\/wp\/v2\/posts\/3621","targetHints":{"allow":["GET"]}}],"collection":[{"href":"http:\/\/www.ced.org.tr\/index.php?rest_route=\/wp\/v2\/posts"}],"about":[{"href":"http:\/\/www.ced.org.tr\/index.php?rest_route=\/wp\/v2\/types\/post"}],"author":[{"embeddable":true,"href":"http:\/\/www.ced.org.tr\/index.php?rest_route=\/wp\/v2\/users\/1"}],"replies":[{"embeddable":true,"href":"http:\/\/www.ced.org.tr\/index.php?rest_route=%2Fwp%2Fv2%2Fcomments&post=3621"}],"version-history":[{"count":0,"href":"http:\/\/www.ced.org.tr\/index.php?rest_route=\/wp\/v2\/posts\/3621\/revisions"}],"wp:attachment":[{"href":"http:\/\/www.ced.org.tr\/index.php?rest_route=%2Fwp%2Fv2%2Fmedia&parent=3621"}],"wp:term":[{"taxonomy":"category","embeddable":true,"href":"http:\/\/www.ced.org.tr\/index.php?rest_route=%2Fwp%2Fv2%2Fcategories&post=3621"},{"taxonomy":"post_tag","embeddable":true,"href":"http:\/\/www.ced.org.tr\/index.php?rest_route=%2Fwp%2Fv2%2Ftags&post=3621"}],"curies":[{"name":"wp","href":"https:\/\/api.w.org\/{rel}","templated":true}]}}