{"id":3623,"date":"2009-09-30T06:09:42","date_gmt":"2009-09-30T03:09:42","guid":{"rendered":"http:\/\/www.ced.org.tr\/?p=3623"},"modified":"2009-09-30T06:09:42","modified_gmt":"2009-09-30T03:09:42","slug":"emek-ve-meslek-orgutlerinden-imf-ve-dunya-bankasinin-davetine-ret","status":"publish","type":"post","link":"http:\/\/www.ced.org.tr\/?p=3623","title":{"rendered":"Emek ve meslek \u00f6rg\u00fctlerinden IMF ve D\u00fcnya Bankas\u0131&#8217;n\u0131n davetine ret!"},"content":{"rendered":"<p><img loading=\"lazy\" decoding=\"async\" src=\"images\/stories\/dernek\/imf_hayir.jpg\" border=\"0\" alt=\"imf defol\" hspace=\"4px\" vspace=\"4px\" width=\"299\" height=\"222\" align=\"left\" \/><\/p>\n<p class=\"MsoNormal\" style=\"margin: 0cm 0cm 0pt;\"><span style=\"font-family: Times New Roman; color: #000000; font-size: small;\">IMF ve <\/span><a name=\"aspx1\"><span style=\"font-family: Times New Roman; color: #000000; font-size: small;\">D\u00fcnya<\/span><\/a><span style=\"font-family: Times New Roman; color: #000000; font-size: small;\"> Bankas\u0131 toplant\u0131lar\u0131na davet edilen T\u00fcrk-\u0130\u015f, D\u0130SK, KESK, TMMOB ve TTB ortak mektupla kat\u0131lmayacaklar\u0131n\u0131 a\u00e7\u0131klad\u0131. &#8216;K\u00fcresel zorbalar&#8217; ifadesi bulunan mektuba, &#8216;Bizden ald\u0131klar\u0131n\u0131z\u0131 geri veriniz ve geldi\u011finiz yere gidiniz&#8217; s\u00f6zleriyle ba\u015fland\u0131<\/span><\/p>\n<p class=\"MsoNormal\" style=\"margin: 0cm 0cm 0pt;\"><span style=\"font-family: Times New Roman; color: #000000; font-size: small;\">\u00a0<\/span><\/p>\n<p class=\"MsoNormal\" style=\"margin: 0cm 0cm 0pt;\"><span style=\"font-family: Times New Roman; color: #000000; font-size: small;\">IMF ve D\u00fcnya Bankas\u0131\u2019n\u0131n \u0130stanbul\u2019da yap\u0131lacak y\u0131ll\u0131k toplant\u0131s\u0131na, T\u00fcrk-\u0130\u015f, D\u0130SK, KESK, TMMOB ve TTB\u2019den olu\u015fan emek \u00f6rg\u00fctleri kat\u0131lmayacaklar\u0131n\u0131 a\u00e7\u0131klad\u0131. \u00c7al\u0131\u015fanlar\u0131 temsil eden \u00f6rg\u00fctlerin de davet edildi\u011fi IMF ve D\u00fcnya Bankas\u0131\u2019n\u0131n y\u0131ll\u0131k toplant\u0131s\u0131na y\u00f6nelik gelen daveti geri \u00e7eviren emek ve meslek \u00f6rg\u00fctleri, genel ba\u015fkanlar\u0131n\u0131n imzas\u0131yla davete cevaben IMF Ba\u015fkan\u0131 Dominique Strauss-Kahn ve D\u00fcnya Bankas\u0131 Ba\u015fkan\u0131 Robert Zoellick\u2019e birer mektup g\u00f6ndererek protesto etti.<\/span><\/p>\n<p class=\"MsoNormal\" style=\"margin: 0cm 0cm 0pt;\"><span style=\"font-family: Times New Roman; color: #000000; font-size: small;\">\u00a0<\/span><\/p>\n<p class=\"MsoNormal\" style=\"margin: 0cm 0cm 0pt;\"><strong style=\"mso-bidi-font-weight: normal;\"><span style=\"font-size: small;\"><span style=\"color: #000000;\"><span style=\"font-family: Times New Roman;\">\u2018Sermayenin sesisiniz\u2019<\/span><\/span><\/span><\/strong><\/p>\n<p class=\"MsoNormal\" style=\"margin: 0cm 0cm 0pt;\"><span style=\"font-family: Times New Roman; color: #000000; font-size: small;\">IMF ve D\u00fcnya Bankas\u0131\u2019n\u0131n sadece sermayenin ve iktidarlar\u0131n sesi oldu\u011funa dikkat \u00e7ekilen mektupta, \u015fu g\u00f6r\u00fc\u015flere yer verildi: \u201cDavetsiz olarak bulundu\u011funuz bu \u00fclkenin halklar\u0131, sizleri ve temsil etti\u011finiz ideolojiyi hi\u00e7 bitmeyen istikrar programlar\u0131n\u0131zla, y\u0131llarca emek\u00e7ilerin al\u0131nteriyle \u00fcretilmi\u015f kamusal varl\u0131klar\u0131 talan eden \u00f6zelle\u015ftirmelerinizle, reform olarak diretti\u011finiz ve her seferinde budad\u0131\u011f\u0131n\u0131z sosyal haklarla \u00e7ok iyi bilmektedir. K\u00fcresel d\u00fczeyde yaratt\u0131\u011f\u0131n\u0131z krizin bu b\u00fcy\u00fck y\u0131k\u0131m\u0131nda sanki sizin hi\u00e7bir etkiniz olmam\u0131\u015f gibi, \u00fclkemize gelecekmi\u015fsiniz, kapitalizmin krizi i\u00e7in \u00e7\u0131k\u0131\u015f yollar\u0131 arayacakm\u0131\u015fs\u0131n\u0131z ve yine hi\u00e7 utanmadan 1980\u2019li y\u0131llardan bu yana \u015fiddetle savundu\u011funuz liberal politikalar\u0131, yufka y\u00fcrekli yoksulluk edebiyat\u0131na buland\u0131r\u0131p insanl\u0131\u011fa \u00e7\u00f6z\u00fcmm\u00fc\u015f gibi duyuracaks\u0131n\u0131z.\u201d<\/p>\n<p><strong style=\"mso-bidi-font-weight: normal;\">Faturay\u0131 kim \u00f6deyecek?<\/strong> <\/span><\/p>\n<p class=\"MsoNormal\" style=\"margin: 0cm 0cm 0pt;\"><span style=\"font-size: small;\"><span style=\"color: #000000;\"><span style=\"font-family: Times New Roman;\">IMF Ba\u015fkan\u0131 Dominique Strauss-Kahn\u2019a, krizin faturas\u0131n\u0131n 1.4 trilyon dolar\u0131 a\u015ft\u0131\u011f\u0131 y\u00f6n\u00fcndeki s\u00f6zlerinin hat\u0131rlat\u0131ld\u0131\u011f\u0131 mektupta, s\u0131radan bir iktisat \u00f6\u011frencisinin bile krizi a\u015fman\u0131n, \u00f6demekle m\u00fcmk\u00fcn oldu\u011fu dile getirilerek, \u201cIMF Ba\u015fkan\u0131 bu krizi kim \u00f6deyecek?\u201d sorusu y\u00f6neltildi. Mektupta, Strauss-Kahn\u2019a sorular \u015f\u00f6yle devam etti: \u201cToplant\u0131ya \u00e7a\u011fr\u0131lanlar m\u0131 ya da onlar\u0131n temsil etti\u011fi uluslararas\u0131 sermaye mi, yoksa d\u00fcnya halklar\u0131 m\u0131? Yani d\u00fcnyan\u0131n her yerinde i\u015fsiz kalanlar, yoksulla\u015fan s\u0131radan insanlar m\u0131?\u201d\u00a0<\/p>\n<p><strong style=\"mso-bidi-font-weight: normal;\">\u2018Politikalar\u0131n\u0131z trajik\u2019<\/strong><\/span><\/span><\/span><\/p>\n<p class=\"MsoNormal\" style=\"margin: 0cm 0cm 0pt;\"><span style=\"font-family: Times New Roman; color: #000000; font-size: small;\">Mektupta, D\u00fcnya Bankas\u0131 Ba\u015fkan\u0131 Robert Zoellick\u2019e y\u00f6nelik olarak \u015fu ifadelere yer verildi: <br \/>\u201cMevcut krizin d\u00fcnyan\u0131n her yerinde milyonlarca insan\u0131 i\u015fsiz ve yoksul b\u0131rakt\u0131\u011f\u0131n\u0131 b\u00fcy\u00fck bir f\u00fctursuzlukla a\u00e7\u0131kl\u0131yorsunuz. Peki ama \u00e7eyrek y\u00fczy\u0131ld\u0131r d\u00fcnyan\u0131n her yerinde aral\u0131ks\u0131z uygulad\u0131\u011f\u0131n\u0131z yap\u0131sal uyum politikalar\u0131n\u0131n ya\u015fad\u0131\u011f\u0131m\u0131z k\u00fcresel krizle hi\u00e7bir ba\u011flant\u0131s\u0131 yok mu? K\u00fcresel sermaye ad\u0131na konu\u015fan siz \u2018Say\u0131n\u2019 D\u00fcnya Bankas\u0131 Ba\u015fkan\u0131 Zoellick d\u00fcnya halklar\u0131 i\u00e7in konu\u015famazs\u0131n\u0131z. Yufka y\u00fcrekli yoksulluk politikalar\u0131n\u0131z olsa olsa trajiktir. Sizin yard\u0131mseverli\u011finiz \u00e7a\u011f\u0131m\u0131z\u0131n \u2018yoksullar yasas\u0131d\u0131r\u2019, utan\u00e7 vericidir. Sizin ulufenizi de\u011fil, eme\u011fimizin de\u011ferini istiyoruz. Toplumun ger\u00e7ek sorunlar\u0131n\u0131n sizi ilgilendirmedi\u011fini biliyoruz. Paran\u0131n ve k\u00e2r\u0131n g\u00fcvenli\u011fini sa\u011flamak i\u00e7in insan\u0131n ve toplumun hayat\u0131n\u0131 dikkate almad\u0131\u011f\u0131n\u0131z\u0131n fark\u0131nday\u0131z.\u201d<\/span><\/p>\n","protected":false},"excerpt":{"rendered":"<p>IMF ve D\u00fcnya Bankas\u0131 toplant\u0131lar\u0131na davet edilen T\u00fcrk-\u0130\u015f, D\u0130SK, KESK, TMMOB ve TTB ortak mektupla kat\u0131lmayacaklar\u0131n\u0131 a\u00e7\u0131klad\u0131. &#8216;K\u00fcresel zorbalar&#8217; ifadesi&#46;&#46;&#46;<\/p>\n","protected":false},"author":1,"featured_media":0,"comment_status":"closed","ping_status":"closed","sticky":false,"template":"","format":"standard","meta":{"_jetpack_memberships_contains_paid_content":false,"footnotes":""},"categories":[1],"tags":[],"class_list":["post-3623","post","type-post","status-publish","format-standard","hentry","category-ced"],"aioseo_notices":[],"jetpack_featured_media_url":"","jetpack_sharing_enabled":true,"jetpack-related-posts":[],"_links":{"self":[{"href":"http:\/\/www.ced.org.tr\/index.php?rest_route=\/wp\/v2\/posts\/3623","targetHints":{"allow":["GET"]}}],"collection":[{"href":"http:\/\/www.ced.org.tr\/index.php?rest_route=\/wp\/v2\/posts"}],"about":[{"href":"http:\/\/www.ced.org.tr\/index.php?rest_route=\/wp\/v2\/types\/post"}],"author":[{"embeddable":true,"href":"http:\/\/www.ced.org.tr\/index.php?rest_route=\/wp\/v2\/users\/1"}],"replies":[{"embeddable":true,"href":"http:\/\/www.ced.org.tr\/index.php?rest_route=%2Fwp%2Fv2%2Fcomments&post=3623"}],"version-history":[{"count":0,"href":"http:\/\/www.ced.org.tr\/index.php?rest_route=\/wp\/v2\/posts\/3623\/revisions"}],"wp:attachment":[{"href":"http:\/\/www.ced.org.tr\/index.php?rest_route=%2Fwp%2Fv2%2Fmedia&parent=3623"}],"wp:term":[{"taxonomy":"category","embeddable":true,"href":"http:\/\/www.ced.org.tr\/index.php?rest_route=%2Fwp%2Fv2%2Fcategories&post=3623"},{"taxonomy":"post_tag","embeddable":true,"href":"http:\/\/www.ced.org.tr\/index.php?rest_route=%2Fwp%2Fv2%2Ftags&post=3623"}],"curies":[{"name":"wp","href":"https:\/\/api.w.org\/{rel}","templated":true}]}}