{"id":3626,"date":"2009-10-07T06:20:07","date_gmt":"2009-10-07T03:20:07","guid":{"rendered":"http:\/\/www.ced.org.tr\/?p=3626"},"modified":"2009-10-07T06:20:07","modified_gmt":"2009-10-07T03:20:07","slug":"fiyati-degismeyecek-ilaclarin-listesi","status":"publish","type":"post","link":"http:\/\/www.ced.org.tr\/?p=3626","title":{"rendered":"F\u0130YATI DE\u011e\u0130\u015eMEYECEK \u0130LA\u00c7LARIN L\u0130STES\u0130"},"content":{"rendered":"<p class=\"MsoNormal\" style=\"margin: 0cm 0cm 0pt;\"><span style=\"font-family: Times New Roman; color: #000000; font-size: small;\">18 Eyl\u00fcl 2009 tarih ve 27353 say\u0131l\u0131 Resmi Gazetede yay\u0131nlanan <strong style=\"mso-bidi-font-weight: normal;\">Be\u015feri \u0130la\u00e7lar\u0131n Fiyatland\u0131r\u0131lmas\u0131na Dair Kararda De\u011fi\u015fiklik Yap\u0131lmas\u0131 Hakk\u0131ndaki Karar&#8217;a<\/strong> g\u00f6re fiyat d\u00fc\u015f\u00fc\u015f\u00fcnden etkilenmeyecek ila\u00e7lar\u0131n listesini a\u015fa\u011f\u0131da yay\u0131nl\u0131yoruz.<\/span><\/p>\n<p class=\"MsoNormal\" style=\"margin: 0cm 0cm 0pt;\"><span style=\"font-family: Times New Roman; color: #000000; font-size: small;\">\u00a0<\/span><\/p>\n<p class=\"MsoNormal\" style=\"margin: 0cm 0cm 0pt;\"><span style=\"font-size: small;\"><span style=\"color: #000000;\"><span style=\"font-family: Times New Roman;\"><strong style=\"mso-bidi-font-weight: normal;\">Not:<\/strong> (Liste,\u00a0\u00a018 Eyl\u00fcl 2009 tarihli ila\u00e7 fiyat kararnamesi g\u00f6z\u00f6n\u00fcne al\u0131narak \u0130stanbul Ecza Koop taraf\u0131ndan\u00a0haz\u0131rlanm\u0131\u015ft\u0131r.)<\/span><\/span><\/span><\/p>\n<p class=\"MsoNormal\" style=\"margin: 0cm 0cm 0pt;\"><span style=\"font-family: Times New Roman; color: #000000; font-size: small;\">Listesi i\u00e7in <a href=\"images\/stories\/dernek\/kararnameye_gore_etkilenmyecek_ilaclar.xls\" target=\"_blank\" title=\"liste\">t\u0131klay\u0131n\u0131z<\/a>.<\/span><\/p>\n","protected":false},"excerpt":{"rendered":"<p>18 Eyl\u00fcl 2009 tarih ve 27353 say\u0131l\u0131 Resmi Gazetede yay\u0131nlanan Be\u015feri \u0130la\u00e7lar\u0131n Fiyatland\u0131r\u0131lmas\u0131na Dair Kararda De\u011fi\u015fiklik Yap\u0131lmas\u0131 Hakk\u0131ndaki Karar&#8217;a g\u00f6re&#46;&#46;&#46;<\/p>\n","protected":false},"author":1,"featured_media":0,"comment_status":"closed","ping_status":"closed","sticky":false,"template":"","format":"standard","meta":{"_jetpack_memberships_contains_paid_content":false,"footnotes":""},"categories":[1],"tags":[],"class_list":["post-3626","post","type-post","status-publish","format-standard","hentry","category-ced"],"aioseo_notices":[],"jetpack_featured_media_url":"","jetpack_sharing_enabled":true,"jetpack-related-posts":[],"_links":{"self":[{"href":"http:\/\/www.ced.org.tr\/index.php?rest_route=\/wp\/v2\/posts\/3626","targetHints":{"allow":["GET"]}}],"collection":[{"href":"http:\/\/www.ced.org.tr\/index.php?rest_route=\/wp\/v2\/posts"}],"about":[{"href":"http:\/\/www.ced.org.tr\/index.php?rest_route=\/wp\/v2\/types\/post"}],"author":[{"embeddable":true,"href":"http:\/\/www.ced.org.tr\/index.php?rest_route=\/wp\/v2\/users\/1"}],"replies":[{"embeddable":true,"href":"http:\/\/www.ced.org.tr\/index.php?rest_route=%2Fwp%2Fv2%2Fcomments&post=3626"}],"version-history":[{"count":0,"href":"http:\/\/www.ced.org.tr\/index.php?rest_route=\/wp\/v2\/posts\/3626\/revisions"}],"wp:attachment":[{"href":"http:\/\/www.ced.org.tr\/index.php?rest_route=%2Fwp%2Fv2%2Fmedia&parent=3626"}],"wp:term":[{"taxonomy":"category","embeddable":true,"href":"http:\/\/www.ced.org.tr\/index.php?rest_route=%2Fwp%2Fv2%2Fcategories&post=3626"},{"taxonomy":"post_tag","embeddable":true,"href":"http:\/\/www.ced.org.tr\/index.php?rest_route=%2Fwp%2Fv2%2Ftags&post=3626"}],"curies":[{"name":"wp","href":"https:\/\/api.w.org\/{rel}","templated":true}]}}