{"id":3627,"date":"2009-10-07T13:44:12","date_gmt":"2009-10-07T10:44:12","guid":{"rendered":"http:\/\/www.ced.org.tr\/?p=3627"},"modified":"2009-10-07T13:44:12","modified_gmt":"2009-10-07T10:44:12","slug":"insanca-yasam-ve-saglik-hakki-icin","status":"publish","type":"post","link":"http:\/\/www.ced.org.tr\/?p=3627","title":{"rendered":"\u0130NSANCA YA\u015eAM VE SA\u011eLIK HAKKI \u0130\u00c7\u0130N"},"content":{"rendered":"<p class=\"MsoNormal\" style=\"text-align: center; margin: 0cm 0cm 0pt;\"><span style=\"font-family: Times New Roman; color: #000000; font-size: small;\"><img loading=\"lazy\" decoding=\"async\" src=\"images\/stories\/dernek\/18ekim2009.jpg\" border=\"0\" alt=\"18 ekim 2009\" width=\"538\" height=\"429\" \/><\/p>\n<p>Sa\u011fl\u0131k \u00f6rg\u00fctleri h\u00fck\u00fcmetin sa\u011fl\u0131k hizmetlerinin paral\u0131 hale getirilmesi, krizin sa\u011fl\u0131k alan\u0131na d\u00f6n\u00fck faturas\u0131n\u0131n halka ve sa\u011fl\u0131k hizmeti \u00fcreten t\u00fcm kesimlere \u00e7\u0131kar\u0131lmas\u0131n\u0131 protesto etmek i\u00e7in miting yapmaya haz\u0131rlan\u0131yor. \u0130stanbul Tabip Odas\u0131, \u0130stanbul Eczac\u0131 Odas\u0131, Di\u015f Hekimleri, Veteriner Hekimler Odalar\u0131 ile Sa\u011fl\u0131k Emek\u00e7ileri Sendikas\u0131 ve Devrimci Sa\u011fl\u0131k \u0130\u015f\u00e7ileri Sendikas\u0131\u2019n\u0131n \u00f6rg\u00fctledi\u011fi miting 18 Ekim Pazar g\u00fcn\u00fc Kad\u0131k\u00f6y\u2019de ger\u00e7ekle\u015ftirilecek.<\/span><\/p>\n","protected":false},"excerpt":{"rendered":"<p>Sa\u011fl\u0131k \u00f6rg\u00fctleri h\u00fck\u00fcmetin sa\u011fl\u0131k hizmetlerinin paral\u0131 hale getirilmesi, krizin sa\u011fl\u0131k alan\u0131na d\u00f6n\u00fck faturas\u0131n\u0131n halka ve sa\u011fl\u0131k hizmeti \u00fcreten t\u00fcm kesimlere&#46;&#46;&#46;<\/p>\n","protected":false},"author":1,"featured_media":0,"comment_status":"closed","ping_status":"closed","sticky":false,"template":"","format":"standard","meta":{"_jetpack_memberships_contains_paid_content":false,"footnotes":""},"categories":[1],"tags":[],"class_list":["post-3627","post","type-post","status-publish","format-standard","hentry","category-ced"],"aioseo_notices":[],"jetpack_featured_media_url":"","jetpack_sharing_enabled":true,"jetpack-related-posts":[],"_links":{"self":[{"href":"http:\/\/www.ced.org.tr\/index.php?rest_route=\/wp\/v2\/posts\/3627","targetHints":{"allow":["GET"]}}],"collection":[{"href":"http:\/\/www.ced.org.tr\/index.php?rest_route=\/wp\/v2\/posts"}],"about":[{"href":"http:\/\/www.ced.org.tr\/index.php?rest_route=\/wp\/v2\/types\/post"}],"author":[{"embeddable":true,"href":"http:\/\/www.ced.org.tr\/index.php?rest_route=\/wp\/v2\/users\/1"}],"replies":[{"embeddable":true,"href":"http:\/\/www.ced.org.tr\/index.php?rest_route=%2Fwp%2Fv2%2Fcomments&post=3627"}],"version-history":[{"count":0,"href":"http:\/\/www.ced.org.tr\/index.php?rest_route=\/wp\/v2\/posts\/3627\/revisions"}],"wp:attachment":[{"href":"http:\/\/www.ced.org.tr\/index.php?rest_route=%2Fwp%2Fv2%2Fmedia&parent=3627"}],"wp:term":[{"taxonomy":"category","embeddable":true,"href":"http:\/\/www.ced.org.tr\/index.php?rest_route=%2Fwp%2Fv2%2Fcategories&post=3627"},{"taxonomy":"post_tag","embeddable":true,"href":"http:\/\/www.ced.org.tr\/index.php?rest_route=%2Fwp%2Fv2%2Ftags&post=3627"}],"curies":[{"name":"wp","href":"https:\/\/api.w.org\/{rel}","templated":true}]}}