{"id":3628,"date":"2009-10-08T09:33:24","date_gmt":"2009-10-08T06:33:24","guid":{"rendered":"http:\/\/www.ced.org.tr\/?p=3628"},"modified":"2009-10-08T09:33:24","modified_gmt":"2009-10-08T06:33:24","slug":"59-milyon-kisi-issiz-kalacak-30-bin-bebek-olecek","status":"publish","type":"post","link":"http:\/\/www.ced.org.tr\/?p=3628","title":{"rendered":"\u201859 M\u0130LYON K\u0130\u015e\u0130 \u0130\u015eS\u0130Z KALACAK 30 B\u0130N BEBEK \u00d6LECEK\u2019"},"content":{"rendered":"<p class=\"MsoNormal\" style=\"margin: 0cm 0cm 0pt;\"><span style=\"font-family: Times New Roman; color: #000000; font-size: small;\">D\u00fcnya Bankas\u0131 Ba\u015fkan\u0131 Robert Zoellick, IMF-D\u00fcnya Bankas\u0131 Guvern\u00f6rler Kurulu toplant\u0131s\u0131nda yapt\u0131\u011f\u0131 konu\u015fmada, mevcut k\u00fcresel krizin, uluslararas\u0131 ekonomik d\u00fczende yeni bir aray\u0131\u015f\u0131 ortaya \u00e7\u0131kard\u0131\u011f\u0131n\u0131 belirterek, ne tamam\u0131yla eski k\u00fcresel sistem ve kurallar ne de devlet a\u011f\u0131rl\u0131k bir sistem de\u011fil, mevcut k\u00fcresel sistemi tamir ederek, &#8221;Sorumlu bir k\u00fcreselle\u015fme&#8221; olu\u015fturulmas\u0131 gerekti\u011fini s\u00f6yledi.<br style=\"mso-special-character: line-break;\" \/><br style=\"mso-special-character: line-break;\" \/><\/span><\/p>\n<p class=\"MsoNormal\" style=\"margin: 0cm 0cm 0pt;\"><span style=\"font-family: Times New Roman; color: #000000; font-size: small;\">Zoellick, k\u00fcresel krizin bir sonucu olarak 2010 y\u0131l\u0131nda 59 milyondan fazla insan i\u015fini kaybedece\u011fini, 90 milyondan fazla insan\u0131n a\u015f\u0131r\u0131 yoksulla\u015faca\u011f\u0131n\u0131 Afrika&#8217;n\u0131n Sahra alt\u0131ndaki az geli\u015fmi\u015f b\u00f6lgelerinde 30 bin ile 50 bin bebe\u011fin, krize ba\u011fl\u0131 bak\u0131ms\u0131zl\u0131ktan ve yetersiz beslenmeden \u00f6lebilece\u011fini kaydetti.<\/span><\/p>\n","protected":false},"excerpt":{"rendered":"<p>D\u00fcnya Bankas\u0131 Ba\u015fkan\u0131 Robert Zoellick, IMF-D\u00fcnya Bankas\u0131 Guvern\u00f6rler Kurulu toplant\u0131s\u0131nda yapt\u0131\u011f\u0131 konu\u015fmada, mevcut k\u00fcresel krizin, uluslararas\u0131 ekonomik d\u00fczende yeni bir&#46;&#46;&#46;<\/p>\n","protected":false},"author":1,"featured_media":0,"comment_status":"closed","ping_status":"closed","sticky":false,"template":"","format":"standard","meta":{"_jetpack_memberships_contains_paid_content":false,"footnotes":""},"categories":[1],"tags":[],"class_list":["post-3628","post","type-post","status-publish","format-standard","hentry","category-ced"],"aioseo_notices":[],"jetpack_featured_media_url":"","jetpack_sharing_enabled":true,"jetpack-related-posts":[],"_links":{"self":[{"href":"http:\/\/www.ced.org.tr\/index.php?rest_route=\/wp\/v2\/posts\/3628","targetHints":{"allow":["GET"]}}],"collection":[{"href":"http:\/\/www.ced.org.tr\/index.php?rest_route=\/wp\/v2\/posts"}],"about":[{"href":"http:\/\/www.ced.org.tr\/index.php?rest_route=\/wp\/v2\/types\/post"}],"author":[{"embeddable":true,"href":"http:\/\/www.ced.org.tr\/index.php?rest_route=\/wp\/v2\/users\/1"}],"replies":[{"embeddable":true,"href":"http:\/\/www.ced.org.tr\/index.php?rest_route=%2Fwp%2Fv2%2Fcomments&post=3628"}],"version-history":[{"count":0,"href":"http:\/\/www.ced.org.tr\/index.php?rest_route=\/wp\/v2\/posts\/3628\/revisions"}],"wp:attachment":[{"href":"http:\/\/www.ced.org.tr\/index.php?rest_route=%2Fwp%2Fv2%2Fmedia&parent=3628"}],"wp:term":[{"taxonomy":"category","embeddable":true,"href":"http:\/\/www.ced.org.tr\/index.php?rest_route=%2Fwp%2Fv2%2Fcategories&post=3628"},{"taxonomy":"post_tag","embeddable":true,"href":"http:\/\/www.ced.org.tr\/index.php?rest_route=%2Fwp%2Fv2%2Ftags&post=3628"}],"curies":[{"name":"wp","href":"https:\/\/api.w.org\/{rel}","templated":true}]}}